{"id":13650,"date":"2021-09-04T11:44:35","date_gmt":"2021-09-04T14:44:35","guid":{"rendered":"https:\/\/golandpop.com\/?p=13650"},"modified":"2021-09-04T12:39:59","modified_gmt":"2021-09-04T15:39:59","slug":"terminaron-los-juegos-paralimpicos-de-tokio","status":"publish","type":"post","link":"https:\/\/golandpop.com\/index.php\/2021\/09\/04\/terminaron-los-juegos-paralimpicos-de-tokio\/","title":{"rendered":"Terminaron los Juegos Paral\u00edmpicos de Tokio"},"content":{"rendered":"\n<p><em>Argentina cerr\u00f3 una actuaci\u00f3n hist\u00f3rica con 9 medallas<\/em><\/p>\n\n\n\n<p>Los\u00a0<a href=\"https:\/\/golandpop.com\/?s=Juegos+Paral%C3%ADmpicos\">Juegos Paral\u00edmpicos<\/a>\u00a0tuvieron su primera edici\u00f3n en Roma e Italia por 1960 y asistieron 400 deportistas. Argentina, desde ese entonces ha participado en todas las ediciones a disputar. <\/p>\n\n\n\n<p>En la <a href=\"https:\/\/golandpop.com\/?s=Tokio\">edici\u00f3n 2020+1<\/a> la delegaci\u00f3n fue integrada por 58 deportistas distribuidos en 11 disciplinas. Fueron 39 hombres (67,3%) y 19 mujeres (32,7%). \u200bLos resultados fueron sorprendentes y muy positivos ya que desde Atlanta 1996 no se obten\u00edan 9 preseas y 33 diplomas.<\/p>\n\n\n\n<p>Obtuvieron <a href=\"https:\/\/golandpop.com\/index.php\/category\/deporte-adaptado\/\">medallas de plata<\/a> en nataci\u00f3n\u00a0Fernando Carlomagno\u00a0en 100 metros espalda S7 y\u00a0Mat\u00edas de Andrade\u00a0100m espalda S6. En atletismo, ambos plateados,\u00a0Brian Impellizzeri\u00a0se subi\u00f3 al podio en salto en largo T37 y\u00a0Hern\u00e1n Urra\u00a0en bala F35 y bati\u00f3 r\u00e9cord continental. Los Murci\u00e9lagos llegaron a la final tras mucho tiempo y quedaron segundos. <\/p>\n\n\n\n<p>Las <a href=\"https:\/\/golandpop.com\/index.php\/category\/polideportivo\/\">preseas de bronce<\/a> fueron en atletismo: Yanina Mart\u00ednez\u00a0en los 200 metros T36,\u00a0Antonella Ruiz D\u00edaz\u00a0en lanzamiento de bala F41\u00a0 y\u00a0Alexis Ch\u00e1vez\u00a0100 metros T36, quien se qued\u00f3 con el r\u00e9cord continental en la clarificaci\u00f3n. La \u00faltima de este color fue para el primer representante argentino de la historia en\u00a0taekwondo,\u00a0Juan Samorano\u00a0(-75 kilos), quien le gan\u00f3 al campe\u00f3n mundial. <\/p>\n\n\n\n<p>Los diplomas llegaron: 7 en ciclismo, 13 en nataci\u00f3n, 1 de remo, 2 en tenis, 1 en tenis de mesa y 9 por el lado del atletismo.  <\/p>\n\n\n\n<p>De este modo el medallero en <a href=\"https:\/\/www.paralympic.org\/tokyo-2020\/schedule?utm_campaign=dp_google&amp;sa=X&amp;ved=2ahUKEwjp1ZXrxuXyAhXSr5UCHdl5ArsQ2oMIegQIHRAS\">Tokio<\/a> termin\u00f3 liderado por China con 93 medallas, seguido el Reino Unido con 41 y Luego el Comit\u00e9 Ruso con 36 podios. Argentina se ubic\u00f3 en el puesto 63 con sus 5 platas y 4 bronces. <\/p>\n\n\n\n<figure class=\"wp-block-image size-large\"><img fetchpriority=\"high\" decoding=\"async\" width=\"670\" height=\"539\" src=\"https:\/\/golandpop.com\/wp-content\/uploads\/2021\/09\/tabla.png\" alt=\"\" class=\"wp-image-13652\" srcset=\"https:\/\/golandpop.com\/wp-content\/uploads\/2021\/09\/tabla.png 670w, https:\/\/golandpop.com\/wp-content\/uploads\/2021\/09\/tabla-300x241.png 300w\" sizes=\"(max-width: 670px) 100vw, 670px\" \/><\/figure>\n\n\n\n<p>Tanto en el evento de apertura como en el de cierre la <a href=\"https:\/\/golandpop.com\/?s=Selecci%C3%B3n+Argentina\">Delegaci\u00f3n Argentina<\/a> eligi\u00f3 sus abanderados. Para portarla en la apertura fueron la atleta\u00a0Yanina Mart\u00ednez\u00a0y el judoca\u00a0Fabi\u00e1n Ram\u00edrez. Para llevarla en el cierre, el elegido fue el futbolista cordob\u00e9s\u00a0Maximiliano Espinillo, jugador clave a la hora de convertir goles, fueron 7. <\/p>\n\n\n\n<figure class=\"wp-block-image size-large\"><img decoding=\"async\" width=\"683\" height=\"1024\" src=\"https:\/\/golandpop.com\/wp-content\/uploads\/2021\/09\/E-byLrtWEAIL41a-683x1024.jpg\" alt=\"\" class=\"wp-image-13654\" srcset=\"https:\/\/golandpop.com\/wp-content\/uploads\/2021\/09\/E-byLrtWEAIL41a-683x1024.jpg 683w, https:\/\/golandpop.com\/wp-content\/uploads\/2021\/09\/E-byLrtWEAIL41a-200x300.jpg 200w, https:\/\/golandpop.com\/wp-content\/uploads\/2021\/09\/E-byLrtWEAIL41a-768x1152.jpg 768w, https:\/\/golandpop.com\/wp-content\/uploads\/2021\/09\/E-byLrtWEAIL41a-1024x1536.jpg 1024w, https:\/\/golandpop.com\/wp-content\/uploads\/2021\/09\/E-byLrtWEAIL41a-1366x2048.jpg 1366w, https:\/\/golandpop.com\/wp-content\/uploads\/2021\/09\/E-byLrtWEAIL41a-scaled.jpg 1707w\" sizes=\"(max-width: 683px) 100vw, 683px\" \/><\/figure>\n\n\n\n<p>De este modo, se cerr\u00f3 una nueva edici\u00f3n de los Juegos y muchos de los representantes ya ponen sus energ\u00edas en Par\u00eds 2022. <\/p>\n","protected":false},"excerpt":{"rendered":"<p>Los logros y la despedida <\/p>\n","protected":false},"author":1,"featured_media":13306,"comment_status":"open","ping_status":"open","sticky":false,"template":"","format":"standard","meta":{"footnotes":""},"categories":[777,37,46],"tags":[1121,1101,1120,950,1128,717],"class_list":["post-13650","post","type-post","status-publish","format-standard","has-post-thumbnail","hentry","category-actualidad","category-deporte-adaptado","category-polideportivo","tag-deporte-adaptado","tag-juegos-paralimpicos","tag-paradeportes","tag-portada","tag-tokio-2020","tag-tokio-2021"],"yoast_head":"<!-- This site is optimized with the Yoast SEO plugin v26.1.1 - https:\/\/yoast.com\/wordpress\/plugins\/seo\/ -->\n<title>Terminaron los Juegos Paral\u00edmpicos de Tokio - Golandpop<\/title>\n<meta name=\"robots\" content=\"index, follow, max-snippet:-1, max-image-preview:large, max-video-preview:-1\" \/>\n<link rel=\"canonical\" href=\"https:\/\/golandpop.com\/index.php\/2021\/09\/04\/terminaron-los-juegos-paralimpicos-de-tokio\/\" \/>\n<meta property=\"og:locale\" content=\"es_ES\" \/>\n<meta property=\"og:type\" content=\"article\" \/>\n<meta property=\"og:title\" content=\"Terminaron los Juegos Paral\u00edmpicos de Tokio - Golandpop\" \/>\n<meta property=\"og:description\" content=\"Los logros y la despedida\" \/>\n<meta property=\"og:url\" content=\"https:\/\/golandpop.com\/index.php\/2021\/09\/04\/terminaron-los-juegos-paralimpicos-de-tokio\/\" \/>\n<meta property=\"og:site_name\" content=\"Golandpop\" \/>\n<meta property=\"article:published_time\" content=\"2021-09-04T14:44:35+00:00\" \/>\n<meta property=\"article:modified_time\" content=\"2021-09-04T15:39:59+00:00\" \/>\n<meta property=\"og:image\" content=\"https:\/\/golandpop.com\/wp-content\/uploads\/2021\/08\/E9jfJSQWEAAfxhz-e1629897198194.jpg\" \/>\n\t<meta property=\"og:image:width\" content=\"1289\" \/>\n\t<meta property=\"og:image:height\" content=\"597\" \/>\n\t<meta property=\"og:image:type\" content=\"image\/jpeg\" \/>\n<meta name=\"author\" content=\"Gol&amp;Pop\" \/>\n<meta name=\"twitter:card\" content=\"summary_large_image\" \/>\n<meta name=\"twitter:creator\" content=\"@golandpop\" \/>\n<meta name=\"twitter:site\" content=\"@golandpop\" \/>\n<meta name=\"twitter:label1\" content=\"Escrito por\" \/>\n\t<meta name=\"twitter:data1\" content=\"Gol&amp;Pop\" \/>\n\t<meta name=\"twitter:label2\" content=\"Tiempo de lectura\" \/>\n\t<meta name=\"twitter:data2\" content=\"2 minutos\" \/>\n<script type=\"application\/ld+json\" class=\"yoast-schema-graph\">{\"@context\":\"https:\/\/schema.org\",\"@graph\":[{\"@type\":\"Article\",\"@id\":\"https:\/\/golandpop.com\/index.php\/2021\/09\/04\/terminaron-los-juegos-paralimpicos-de-tokio\/#article\",\"isPartOf\":{\"@id\":\"https:\/\/golandpop.com\/index.php\/2021\/09\/04\/terminaron-los-juegos-paralimpicos-de-tokio\/\"},\"author\":{\"name\":\"Gol&amp;Pop\",\"@id\":\"https:\/\/golandpop.com\/#\/schema\/person\/2809725861e0da25eaffe2d9b29c9613\"},\"headline\":\"Terminaron los Juegos Paral\u00edmpicos de Tokio\",\"datePublished\":\"2021-09-04T14:44:35+00:00\",\"dateModified\":\"2021-09-04T15:39:59+00:00\",\"mainEntityOfPage\":{\"@id\":\"https:\/\/golandpop.com\/index.php\/2021\/09\/04\/terminaron-los-juegos-paralimpicos-de-tokio\/\"},\"wordCount\":352,\"commentCount\":0,\"publisher\":{\"@id\":\"https:\/\/golandpop.com\/#organization\"},\"image\":{\"@id\":\"https:\/\/golandpop.com\/index.php\/2021\/09\/04\/terminaron-los-juegos-paralimpicos-de-tokio\/#primaryimage\"},\"thumbnailUrl\":\"https:\/\/golandpop.com\/wp-content\/uploads\/2021\/08\/E9jfJSQWEAAfxhz-e1629897198194.jpg\",\"keywords\":[\"Deporte adaptado\",\"Juegos Paralimpicos\",\"Paradeportes\",\"portada\",\"Tokio 2020\",\"Tokio 2021\"],\"articleSection\":[\"Actualidad\",\"Deporte adaptado\",\"Polideportivo\"],\"inLanguage\":\"es-AR\"},{\"@type\":\"WebPage\",\"@id\":\"https:\/\/golandpop.com\/index.php\/2021\/09\/04\/terminaron-los-juegos-paralimpicos-de-tokio\/\",\"url\":\"https:\/\/golandpop.com\/index.php\/2021\/09\/04\/terminaron-los-juegos-paralimpicos-de-tokio\/\",\"name\":\"Terminaron los Juegos Paral\u00edmpicos de Tokio - Golandpop\",\"isPartOf\":{\"@id\":\"https:\/\/golandpop.com\/#website\"},\"primaryImageOfPage\":{\"@id\":\"https:\/\/golandpop.com\/index.php\/2021\/09\/04\/terminaron-los-juegos-paralimpicos-de-tokio\/#primaryimage\"},\"image\":{\"@id\":\"https:\/\/golandpop.com\/index.php\/2021\/09\/04\/terminaron-los-juegos-paralimpicos-de-tokio\/#primaryimage\"},\"thumbnailUrl\":\"https:\/\/golandpop.com\/wp-content\/uploads\/2021\/08\/E9jfJSQWEAAfxhz-e1629897198194.jpg\",\"datePublished\":\"2021-09-04T14:44:35+00:00\",\"dateModified\":\"2021-09-04T15:39:59+00:00\",\"breadcrumb\":{\"@id\":\"https:\/\/golandpop.com\/index.php\/2021\/09\/04\/terminaron-los-juegos-paralimpicos-de-tokio\/#breadcrumb\"},\"inLanguage\":\"es-AR\",\"potentialAction\":[{\"@type\":\"ReadAction\",\"target\":[\"https:\/\/golandpop.com\/index.php\/2021\/09\/04\/terminaron-los-juegos-paralimpicos-de-tokio\/\"]}]},{\"@type\":\"ImageObject\",\"inLanguage\":\"es-AR\",\"@id\":\"https:\/\/golandpop.com\/index.php\/2021\/09\/04\/terminaron-los-juegos-paralimpicos-de-tokio\/#primaryimage\",\"url\":\"https:\/\/golandpop.com\/wp-content\/uploads\/2021\/08\/E9jfJSQWEAAfxhz-e1629897198194.jpg\",\"contentUrl\":\"https:\/\/golandpop.com\/wp-content\/uploads\/2021\/08\/E9jfJSQWEAAfxhz-e1629897198194.jpg\",\"width\":1289,\"height\":597},{\"@type\":\"BreadcrumbList\",\"@id\":\"https:\/\/golandpop.com\/index.php\/2021\/09\/04\/terminaron-los-juegos-paralimpicos-de-tokio\/#breadcrumb\",\"itemListElement\":[{\"@type\":\"ListItem\",\"position\":1,\"name\":\"Inicio\",\"item\":\"https:\/\/golandpop.com\/\"},{\"@type\":\"ListItem\",\"position\":2,\"name\":\"Terminaron los Juegos Paral\u00edmpicos de Tokio\"}]},{\"@type\":\"WebSite\",\"@id\":\"https:\/\/golandpop.com\/#website\",\"url\":\"https:\/\/golandpop.com\/\",\"name\":\"Golandpop\",\"description\":\"\",\"publisher\":{\"@id\":\"https:\/\/golandpop.com\/#organization\"},\"potentialAction\":[{\"@type\":\"SearchAction\",\"target\":{\"@type\":\"EntryPoint\",\"urlTemplate\":\"https:\/\/golandpop.com\/?s={search_term_string}\"},\"query-input\":{\"@type\":\"PropertyValueSpecification\",\"valueRequired\":true,\"valueName\":\"search_term_string\"}}],\"inLanguage\":\"es-AR\"},{\"@type\":\"Organization\",\"@id\":\"https:\/\/golandpop.com\/#organization\",\"name\":\"GolandPop\",\"url\":\"https:\/\/golandpop.com\/\",\"logo\":{\"@type\":\"ImageObject\",\"inLanguage\":\"es-AR\",\"@id\":\"https:\/\/golandpop.com\/#\/schema\/logo\/image\/\",\"url\":\"https:\/\/golandpop.com\/wp-content\/uploads\/2020\/04\/favicon_gol_pop.png\",\"contentUrl\":\"https:\/\/golandpop.com\/wp-content\/uploads\/2020\/04\/favicon_gol_pop.png\",\"width\":246,\"height\":246,\"caption\":\"GolandPop\"},\"image\":{\"@id\":\"https:\/\/golandpop.com\/#\/schema\/logo\/image\/\"},\"sameAs\":[\"https:\/\/x.com\/golandpop\",\"https:\/\/www.instagram.com\/golandpopcordoba\/\"]},{\"@type\":\"Person\",\"@id\":\"https:\/\/golandpop.com\/#\/schema\/person\/2809725861e0da25eaffe2d9b29c9613\",\"name\":\"Gol&amp;Pop\",\"image\":{\"@type\":\"ImageObject\",\"inLanguage\":\"es-AR\",\"@id\":\"https:\/\/golandpop.com\/#\/schema\/person\/image\/\",\"url\":\"https:\/\/secure.gravatar.com\/avatar\/9a87ee051ca8c77f5d4070843ce2c78cdf95b858b950fb039151de955122f5f5?s=96&d=mm&r=g\",\"contentUrl\":\"https:\/\/secure.gravatar.com\/avatar\/9a87ee051ca8c77f5d4070843ce2c78cdf95b858b950fb039151de955122f5f5?s=96&d=mm&r=g\",\"caption\":\"Gol&amp;Pop\"},\"sameAs\":[\"http:\/\/golandpop.com\"],\"url\":\"https:\/\/golandpop.com\/index.php\/author\/admin\/\"}]}<\/script>\n<!-- \/ Yoast SEO plugin. -->","yoast_head_json":{"title":"Terminaron los Juegos Paral\u00edmpicos de Tokio - Golandpop","robots":{"index":"index","follow":"follow","max-snippet":"max-snippet:-1","max-image-preview":"max-image-preview:large","max-video-preview":"max-video-preview:-1"},"canonical":"https:\/\/golandpop.com\/index.php\/2021\/09\/04\/terminaron-los-juegos-paralimpicos-de-tokio\/","og_locale":"es_ES","og_type":"article","og_title":"Terminaron los Juegos Paral\u00edmpicos de Tokio - Golandpop","og_description":"Los logros y la despedida","og_url":"https:\/\/golandpop.com\/index.php\/2021\/09\/04\/terminaron-los-juegos-paralimpicos-de-tokio\/","og_site_name":"Golandpop","article_published_time":"2021-09-04T14:44:35+00:00","article_modified_time":"2021-09-04T15:39:59+00:00","og_image":[{"width":1289,"height":597,"url":"https:\/\/golandpop.com\/wp-content\/uploads\/2021\/08\/E9jfJSQWEAAfxhz-e1629897198194.jpg","type":"image\/jpeg"}],"author":"Gol&amp;Pop","twitter_card":"summary_large_image","twitter_creator":"@golandpop","twitter_site":"@golandpop","twitter_misc":{"Escrito por":"Gol&amp;Pop","Tiempo de lectura":"2 minutos"},"schema":{"@context":"https:\/\/schema.org","@graph":[{"@type":"Article","@id":"https:\/\/golandpop.com\/index.php\/2021\/09\/04\/terminaron-los-juegos-paralimpicos-de-tokio\/#article","isPartOf":{"@id":"https:\/\/golandpop.com\/index.php\/2021\/09\/04\/terminaron-los-juegos-paralimpicos-de-tokio\/"},"author":{"name":"Gol&amp;Pop","@id":"https:\/\/golandpop.com\/#\/schema\/person\/2809725861e0da25eaffe2d9b29c9613"},"headline":"Terminaron los Juegos Paral\u00edmpicos de Tokio","datePublished":"2021-09-04T14:44:35+00:00","dateModified":"2021-09-04T15:39:59+00:00","mainEntityOfPage":{"@id":"https:\/\/golandpop.com\/index.php\/2021\/09\/04\/terminaron-los-juegos-paralimpicos-de-tokio\/"},"wordCount":352,"commentCount":0,"publisher":{"@id":"https:\/\/golandpop.com\/#organization"},"image":{"@id":"https:\/\/golandpop.com\/index.php\/2021\/09\/04\/terminaron-los-juegos-paralimpicos-de-tokio\/#primaryimage"},"thumbnailUrl":"https:\/\/golandpop.com\/wp-content\/uploads\/2021\/08\/E9jfJSQWEAAfxhz-e1629897198194.jpg","keywords":["Deporte adaptado","Juegos Paralimpicos","Paradeportes","portada","Tokio 2020","Tokio 2021"],"articleSection":["Actualidad","Deporte adaptado","Polideportivo"],"inLanguage":"es-AR"},{"@type":"WebPage","@id":"https:\/\/golandpop.com\/index.php\/2021\/09\/04\/terminaron-los-juegos-paralimpicos-de-tokio\/","url":"https:\/\/golandpop.com\/index.php\/2021\/09\/04\/terminaron-los-juegos-paralimpicos-de-tokio\/","name":"Terminaron los Juegos Paral\u00edmpicos de Tokio - Golandpop","isPartOf":{"@id":"https:\/\/golandpop.com\/#website"},"primaryImageOfPage":{"@id":"https:\/\/golandpop.com\/index.php\/2021\/09\/04\/terminaron-los-juegos-paralimpicos-de-tokio\/#primaryimage"},"image":{"@id":"https:\/\/golandpop.com\/index.php\/2021\/09\/04\/terminaron-los-juegos-paralimpicos-de-tokio\/#primaryimage"},"thumbnailUrl":"https:\/\/golandpop.com\/wp-content\/uploads\/2021\/08\/E9jfJSQWEAAfxhz-e1629897198194.jpg","datePublished":"2021-09-04T14:44:35+00:00","dateModified":"2021-09-04T15:39:59+00:00","breadcrumb":{"@id":"https:\/\/golandpop.com\/index.php\/2021\/09\/04\/terminaron-los-juegos-paralimpicos-de-tokio\/#breadcrumb"},"inLanguage":"es-AR","potentialAction":[{"@type":"ReadAction","target":["https:\/\/golandpop.com\/index.php\/2021\/09\/04\/terminaron-los-juegos-paralimpicos-de-tokio\/"]}]},{"@type":"ImageObject","inLanguage":"es-AR","@id":"https:\/\/golandpop.com\/index.php\/2021\/09\/04\/terminaron-los-juegos-paralimpicos-de-tokio\/#primaryimage","url":"https:\/\/golandpop.com\/wp-content\/uploads\/2021\/08\/E9jfJSQWEAAfxhz-e1629897198194.jpg","contentUrl":"https:\/\/golandpop.com\/wp-content\/uploads\/2021\/08\/E9jfJSQWEAAfxhz-e1629897198194.jpg","width":1289,"height":597},{"@type":"BreadcrumbList","@id":"https:\/\/golandpop.com\/index.php\/2021\/09\/04\/terminaron-los-juegos-paralimpicos-de-tokio\/#breadcrumb","itemListElement":[{"@type":"ListItem","position":1,"name":"Inicio","item":"https:\/\/golandpop.com\/"},{"@type":"ListItem","position":2,"name":"Terminaron los Juegos Paral\u00edmpicos de Tokio"}]},{"@type":"WebSite","@id":"https:\/\/golandpop.com\/#website","url":"https:\/\/golandpop.com\/","name":"Golandpop","description":"","publisher":{"@id":"https:\/\/golandpop.com\/#organization"},"potentialAction":[{"@type":"SearchAction","target":{"@type":"EntryPoint","urlTemplate":"https:\/\/golandpop.com\/?s={search_term_string}"},"query-input":{"@type":"PropertyValueSpecification","valueRequired":true,"valueName":"search_term_string"}}],"inLanguage":"es-AR"},{"@type":"Organization","@id":"https:\/\/golandpop.com\/#organization","name":"GolandPop","url":"https:\/\/golandpop.com\/","logo":{"@type":"ImageObject","inLanguage":"es-AR","@id":"https:\/\/golandpop.com\/#\/schema\/logo\/image\/","url":"https:\/\/golandpop.com\/wp-content\/uploads\/2020\/04\/favicon_gol_pop.png","contentUrl":"https:\/\/golandpop.com\/wp-content\/uploads\/2020\/04\/favicon_gol_pop.png","width":246,"height":246,"caption":"GolandPop"},"image":{"@id":"https:\/\/golandpop.com\/#\/schema\/logo\/image\/"},"sameAs":["https:\/\/x.com\/golandpop","https:\/\/www.instagram.com\/golandpopcordoba\/"]},{"@type":"Person","@id":"https:\/\/golandpop.com\/#\/schema\/person\/2809725861e0da25eaffe2d9b29c9613","name":"Gol&amp;Pop","image":{"@type":"ImageObject","inLanguage":"es-AR","@id":"https:\/\/golandpop.com\/#\/schema\/person\/image\/","url":"https:\/\/secure.gravatar.com\/avatar\/9a87ee051ca8c77f5d4070843ce2c78cdf95b858b950fb039151de955122f5f5?s=96&d=mm&r=g","contentUrl":"https:\/\/secure.gravatar.com\/avatar\/9a87ee051ca8c77f5d4070843ce2c78cdf95b858b950fb039151de955122f5f5?s=96&d=mm&r=g","caption":"Gol&amp;Pop"},"sameAs":["http:\/\/golandpop.com"],"url":"https:\/\/golandpop.com\/index.php\/author\/admin\/"}]}},"_links":{"self":[{"href":"https:\/\/golandpop.com\/index.php\/wp-json\/wp\/v2\/posts\/13650","targetHints":{"allow":["GET"]}}],"collection":[{"href":"https:\/\/golandpop.com\/index.php\/wp-json\/wp\/v2\/posts"}],"about":[{"href":"https:\/\/golandpop.com\/index.php\/wp-json\/wp\/v2\/types\/post"}],"author":[{"embeddable":true,"href":"https:\/\/golandpop.com\/index.php\/wp-json\/wp\/v2\/users\/1"}],"replies":[{"embeddable":true,"href":"https:\/\/golandpop.com\/index.php\/wp-json\/wp\/v2\/comments?post=13650"}],"version-history":[{"count":4,"href":"https:\/\/golandpop.com\/index.php\/wp-json\/wp\/v2\/posts\/13650\/revisions"}],"predecessor-version":[{"id":13661,"href":"https:\/\/golandpop.com\/index.php\/wp-json\/wp\/v2\/posts\/13650\/revisions\/13661"}],"wp:featuredmedia":[{"embeddable":true,"href":"https:\/\/golandpop.com\/index.php\/wp-json\/wp\/v2\/media\/13306"}],"wp:attachment":[{"href":"https:\/\/golandpop.com\/index.php\/wp-json\/wp\/v2\/media?parent=13650"}],"wp:term":[{"taxonomy":"category","embeddable":true,"href":"https:\/\/golandpop.com\/index.php\/wp-json\/wp\/v2\/categories?post=13650"},{"taxonomy":"post_tag","embeddable":true,"href":"https:\/\/golandpop.com\/index.php\/wp-json\/wp\/v2\/tags?post=13650"}],"curies":[{"name":"wp","href":"https:\/\/api.w.org\/{rel}","templated":true}]}}