{"id":13641,"date":"2021-09-04T10:48:06","date_gmt":"2021-09-04T13:48:06","guid":{"rendered":"https:\/\/golandpop.com\/?p=13641"},"modified":"2021-09-04T10:48:07","modified_gmt":"2021-09-04T13:48:07","slug":"finalizo-el-ultimo-dia-de-competencia-para-argentina-en-los-juegos-paralimpicos","status":"publish","type":"post","link":"https:\/\/golandpop.com\/index.php\/2021\/09\/04\/finalizo-el-ultimo-dia-de-competencia-para-argentina-en-los-juegos-paralimpicos\/","title":{"rendered":"Finaliz\u00f3 el \u00faltimo d\u00eda de competencia para Argentina en los Juegos Paral\u00edmpicos"},"content":{"rendered":"\n<p><em>La Villa Paral\u00edmpica comienza a apagar las luces. La delegaci\u00f3n argentina sum\u00f3 dos medallas m\u00e1s y se despidi\u00f3 de los <a href=\"https:\/\/golandpop.com\/index.php\/category\/deporte-adaptado\/\">Juegos Paral\u00edmpicos<\/a> con un total de 9 preseas. <\/em><\/p>\n\n\n\n<p><strong>Atletismo:<\/strong> Hern\u00e1n Barreto obtuvo el 5\u00b0 puesto en los 200 metros T35. El atleta oriundo de Z\u00e1rate con un tiempo de 26.07 finaliz\u00f3 su participaci\u00f3n en <a href=\"https:\/\/golandpop.com\/?s=tokio+2021\">Tokio 2020+1<\/a> con su segundo diploma paral\u00edmpico, el primero lo obtuvo tras quedar 6\u00b0 en los 100 metros.<\/p>\n\n\n\n<p>La octava <a href=\"https:\/\/golandpop.com\/index.php\/category\/atletismo\/\">medalla<\/a> la gan\u00f3 Alexis Ch\u00e1vez en los 100 metros T36 en su debut en los <a href=\"https:\/\/www.paralympic.org\/\">Juegos Paral\u00edmpicos<\/a>. El joven atleta, con tan s\u00f3lo 19 a\u00f1os, obtuvo el 3\u00b0 con un tiempo de 12.02 y estuvo a dos cent\u00e9simas del 2\u00b0.<\/p>\n\n\n\n<figure class=\"wp-block-embed-twitter wp-block-embed is-type-rich is-provider-twitter\"><div class=\"wp-block-embed__wrapper\">\n<blockquote class=\"twitter-tweet\" data-width=\"550\" data-dnt=\"true\"><p lang=\"es\" dir=\"ltr\">\ud83e\udd49\ud83c\udde6\ud83c\uddf7 \u00a1JOVEN DE BRONCE! Alexis Chavez debut\u00f3 a sus 19 a\u00f1os con podio. Hizo un tiempo de 12.02 y termin\u00f3 tercero en la gran final de <a href=\"https:\/\/twitter.com\/hashtag\/Atletismo?src=hash&amp;ref_src=twsrc%5Etfw\">#Atletismo<\/a> 100 metros T36, despu\u00e9s de llevarse el r\u00e9cord continental en la clasificaci\u00f3n.  <br><br>\ud83d\udcf2 <a href=\"https:\/\/t.co\/ToTnpDU7l3\">https:\/\/t.co\/ToTnpDU7l3<\/a> | <a href=\"https:\/\/twitter.com\/hashtag\/Paralympics?src=hash&amp;ref_src=twsrc%5Etfw\">#Paralympics<\/a> <a href=\"https:\/\/t.co\/CIMiBPRFFb\">pic.twitter.com\/CIMiBPRFFb<\/a><\/p>&mdash; GOLANDPOP (@golandpop) <a href=\"https:\/\/twitter.com\/golandpop\/status\/1433978447005634560?ref_src=twsrc%5Etfw\">September 4, 2021<\/a><\/blockquote><script async src=\"https:\/\/platform.twitter.com\/widgets.js\" charset=\"utf-8\"><\/script>\n<\/div><\/figure>\n\n\n\n<p><strong>Canotaje:<\/strong> Ariel Atama\u00f1uk qued\u00f3 1\u00b0 la Final B. El palista misionero se impuso en su \u00faltima regata de los 200 metros VL3 y finaliz\u00f3 su participaci\u00f3n en <a href=\"https:\/\/golandpop.com\/?s=tokio+2020\">Tokio 2020<\/a> y su primera experiencia paral\u00edmpica. Con un tiempo de 53.531 qued\u00f3 9\u00b0 en la tabla general. Ariela clasific\u00f3 a la final B tras quedar 4\u00b0 en una de las semifinales con un tiempo de 52.106.<\/p>\n\n\n\n<p><strong>F\u00fatbol: <\/strong><a href=\"https:\/\/www.afa.com.ar\/es\/posts\/futbol-para-ciegos-cronograma-de-partidos-del-grand-prix-de-japon\">Los Murci\u00e9lagos<\/a> se despiden de Tokio con una actuaci\u00f3n hist\u00f3rica. <a href=\"https:\/\/golandpop.com\/?s=seleccion+argentina\">El seleccionado<\/a> se qued\u00f3 con el 2\u00b0 puesto y la medalla de plata tras caer ante Brasil 1 a 0. <\/p>\n\n\n\n<p>Hac\u00eda 17 a\u00f1os que el <a href=\"https:\/\/golandpop.com\/index.php\/category\/futbol\/\">f\u00fatbol adaptado<\/a> no clasificaba a una final paral\u00edmpica. Con esta presea, suman un total de 4 medallas en Juegos Paral\u00edmpicos: 2 platas, en Atenas 2004 y Tokio 2020 , y dos bronces, Beijing 2008 y R\u00edo 2016.<\/p>\n\n\n\n<figure class=\"wp-block-embed-twitter wp-block-embed is-type-rich is-provider-twitter\"><div class=\"wp-block-embed__wrapper\">\n<blockquote class=\"twitter-tweet\" data-width=\"550\" data-dnt=\"true\"><p lang=\"es\" dir=\"ltr\">\ud83e\udd48\ud83c\udde6\ud83c\uddf7 \u00a1MURCI\u00c9LAGOS PLATEADOS! La Selecci\u00f3n Argentina de F\u00fatbol para ciegos no pudo con Brasil, el marcador termin\u00f3 1 a 0. Sin embargo se suben al podio en <a href=\"https:\/\/twitter.com\/hashtag\/Tokyo2020?src=hash&amp;ref_src=twsrc%5Etfw\">#Tokyo2020<\/a> despu\u00e9s de 17 a\u00f1os.<br><br>\ud83d\udcf2 <a href=\"https:\/\/t.co\/ToTnpDU7l3\">https:\/\/t.co\/ToTnpDU7l3<\/a> | <a href=\"https:\/\/twitter.com\/hashtag\/Paralympics?src=hash&amp;ref_src=twsrc%5Etfw\">#Paralympics<\/a> <a href=\"https:\/\/t.co\/OB8hx2bwjz\">pic.twitter.com\/OB8hx2bwjz<\/a><\/p>&mdash; GOLANDPOP (@golandpop) <a href=\"https:\/\/twitter.com\/golandpop\/status\/1434136801732710402?ref_src=twsrc%5Etfw\">September 4, 2021<\/a><\/blockquote><script async src=\"https:\/\/platform.twitter.com\/widgets.js\" charset=\"utf-8\"><\/script>\n<\/div><\/figure>\n","protected":false},"excerpt":{"rendered":"<p>Cierre con 2 medallas m\u00e1s <\/p>\n","protected":false},"author":1,"featured_media":13648,"comment_status":"open","ping_status":"open","sticky":false,"template":"","format":"standard","meta":{"footnotes":""},"categories":[777,37,46],"tags":[85,1150,1121,289,1101,950,717,1063],"class_list":["post-13641","post","type-post","status-publish","format-standard","has-post-thumbnail","hentry","category-actualidad","category-deporte-adaptado","category-polideportivo","tag-atletismo","tag-cano","tag-deporte-adaptado","tag-futbol-2","tag-juegos-paralimpicos","tag-portada","tag-tokio-2021","tag-tokyo2020"],"yoast_head":"<!-- This site is optimized with the Yoast SEO plugin v26.1.1 - https:\/\/yoast.com\/wordpress\/plugins\/seo\/ -->\n<title>Finaliz\u00f3 el \u00faltimo d\u00eda de competencia para Argentina en los Juegos Paral\u00edmpicos - Golandpop<\/title>\n<meta name=\"robots\" content=\"index, follow, max-snippet:-1, max-image-preview:large, max-video-preview:-1\" \/>\n<link rel=\"canonical\" href=\"https:\/\/golandpop.com\/index.php\/2021\/09\/04\/finalizo-el-ultimo-dia-de-competencia-para-argentina-en-los-juegos-paralimpicos\/\" \/>\n<meta property=\"og:locale\" content=\"es_ES\" \/>\n<meta property=\"og:type\" content=\"article\" \/>\n<meta property=\"og:title\" content=\"Finaliz\u00f3 el \u00faltimo d\u00eda de competencia para Argentina en los Juegos Paral\u00edmpicos - Golandpop\" \/>\n<meta property=\"og:description\" content=\"Cierre con 2 medallas m\u00e1s\" \/>\n<meta property=\"og:url\" content=\"https:\/\/golandpop.com\/index.php\/2021\/09\/04\/finalizo-el-ultimo-dia-de-competencia-para-argentina-en-los-juegos-paralimpicos\/\" \/>\n<meta property=\"og:site_name\" content=\"Golandpop\" \/>\n<meta property=\"article:published_time\" content=\"2021-09-04T13:48:06+00:00\" \/>\n<meta property=\"article:modified_time\" content=\"2021-09-04T13:48:07+00:00\" \/>\n<meta property=\"og:image\" content=\"https:\/\/golandpop.com\/wp-content\/uploads\/2021\/09\/E-cT0d3WEAIUOYy.jpg\" \/>\n\t<meta property=\"og:image:width\" content=\"1099\" \/>\n\t<meta property=\"og:image:height\" content=\"733\" \/>\n\t<meta property=\"og:image:type\" content=\"image\/jpeg\" \/>\n<meta name=\"author\" content=\"Gol&amp;Pop\" \/>\n<meta name=\"twitter:card\" content=\"summary_large_image\" \/>\n<meta name=\"twitter:creator\" content=\"@golandpop\" \/>\n<meta name=\"twitter:site\" content=\"@golandpop\" \/>\n<meta name=\"twitter:label1\" content=\"Escrito por\" \/>\n\t<meta name=\"twitter:data1\" content=\"Gol&amp;Pop\" \/>\n\t<meta name=\"twitter:label2\" content=\"Tiempo de lectura\" \/>\n\t<meta name=\"twitter:data2\" content=\"1 minuto\" \/>\n<script type=\"application\/ld+json\" class=\"yoast-schema-graph\">{\"@context\":\"https:\/\/schema.org\",\"@graph\":[{\"@type\":\"Article\",\"@id\":\"https:\/\/golandpop.com\/index.php\/2021\/09\/04\/finalizo-el-ultimo-dia-de-competencia-para-argentina-en-los-juegos-paralimpicos\/#article\",\"isPartOf\":{\"@id\":\"https:\/\/golandpop.com\/index.php\/2021\/09\/04\/finalizo-el-ultimo-dia-de-competencia-para-argentina-en-los-juegos-paralimpicos\/\"},\"author\":{\"name\":\"Gol&amp;Pop\",\"@id\":\"https:\/\/golandpop.com\/#\/schema\/person\/2809725861e0da25eaffe2d9b29c9613\"},\"headline\":\"Finaliz\u00f3 el \u00faltimo d\u00eda de competencia para Argentina en los Juegos Paral\u00edmpicos\",\"datePublished\":\"2021-09-04T13:48:06+00:00\",\"dateModified\":\"2021-09-04T13:48:07+00:00\",\"mainEntityOfPage\":{\"@id\":\"https:\/\/golandpop.com\/index.php\/2021\/09\/04\/finalizo-el-ultimo-dia-de-competencia-para-argentina-en-los-juegos-paralimpicos\/\"},\"wordCount\":273,\"commentCount\":0,\"publisher\":{\"@id\":\"https:\/\/golandpop.com\/#organization\"},\"image\":{\"@id\":\"https:\/\/golandpop.com\/index.php\/2021\/09\/04\/finalizo-el-ultimo-dia-de-competencia-para-argentina-en-los-juegos-paralimpicos\/#primaryimage\"},\"thumbnailUrl\":\"https:\/\/golandpop.com\/wp-content\/uploads\/2021\/09\/E-cT0d3WEAIUOYy.jpg\",\"keywords\":[\"Atletismo\",\"cano\",\"Deporte adaptado\",\"Futbol\",\"Juegos Paralimpicos\",\"portada\",\"Tokio 2021\",\"tokyo2020\"],\"articleSection\":[\"Actualidad\",\"Deporte adaptado\",\"Polideportivo\"],\"inLanguage\":\"es-AR\"},{\"@type\":\"WebPage\",\"@id\":\"https:\/\/golandpop.com\/index.php\/2021\/09\/04\/finalizo-el-ultimo-dia-de-competencia-para-argentina-en-los-juegos-paralimpicos\/\",\"url\":\"https:\/\/golandpop.com\/index.php\/2021\/09\/04\/finalizo-el-ultimo-dia-de-competencia-para-argentina-en-los-juegos-paralimpicos\/\",\"name\":\"Finaliz\u00f3 el \u00faltimo d\u00eda de competencia para Argentina en los Juegos Paral\u00edmpicos - Golandpop\",\"isPartOf\":{\"@id\":\"https:\/\/golandpop.com\/#website\"},\"primaryImageOfPage\":{\"@id\":\"https:\/\/golandpop.com\/index.php\/2021\/09\/04\/finalizo-el-ultimo-dia-de-competencia-para-argentina-en-los-juegos-paralimpicos\/#primaryimage\"},\"image\":{\"@id\":\"https:\/\/golandpop.com\/index.php\/2021\/09\/04\/finalizo-el-ultimo-dia-de-competencia-para-argentina-en-los-juegos-paralimpicos\/#primaryimage\"},\"thumbnailUrl\":\"https:\/\/golandpop.com\/wp-content\/uploads\/2021\/09\/E-cT0d3WEAIUOYy.jpg\",\"datePublished\":\"2021-09-04T13:48:06+00:00\",\"dateModified\":\"2021-09-04T13:48:07+00:00\",\"breadcrumb\":{\"@id\":\"https:\/\/golandpop.com\/index.php\/2021\/09\/04\/finalizo-el-ultimo-dia-de-competencia-para-argentina-en-los-juegos-paralimpicos\/#breadcrumb\"},\"inLanguage\":\"es-AR\",\"potentialAction\":[{\"@type\":\"ReadAction\",\"target\":[\"https:\/\/golandpop.com\/index.php\/2021\/09\/04\/finalizo-el-ultimo-dia-de-competencia-para-argentina-en-los-juegos-paralimpicos\/\"]}]},{\"@type\":\"ImageObject\",\"inLanguage\":\"es-AR\",\"@id\":\"https:\/\/golandpop.com\/index.php\/2021\/09\/04\/finalizo-el-ultimo-dia-de-competencia-para-argentina-en-los-juegos-paralimpicos\/#primaryimage\",\"url\":\"https:\/\/golandpop.com\/wp-content\/uploads\/2021\/09\/E-cT0d3WEAIUOYy.jpg\",\"contentUrl\":\"https:\/\/golandpop.com\/wp-content\/uploads\/2021\/09\/E-cT0d3WEAIUOYy.jpg\",\"width\":1099,\"height\":733},{\"@type\":\"BreadcrumbList\",\"@id\":\"https:\/\/golandpop.com\/index.php\/2021\/09\/04\/finalizo-el-ultimo-dia-de-competencia-para-argentina-en-los-juegos-paralimpicos\/#breadcrumb\",\"itemListElement\":[{\"@type\":\"ListItem\",\"position\":1,\"name\":\"Inicio\",\"item\":\"https:\/\/golandpop.com\/\"},{\"@type\":\"ListItem\",\"position\":2,\"name\":\"Finaliz\u00f3 el \u00faltimo d\u00eda de competencia para Argentina en los Juegos Paral\u00edmpicos\"}]},{\"@type\":\"WebSite\",\"@id\":\"https:\/\/golandpop.com\/#website\",\"url\":\"https:\/\/golandpop.com\/\",\"name\":\"Golandpop\",\"description\":\"\",\"publisher\":{\"@id\":\"https:\/\/golandpop.com\/#organization\"},\"potentialAction\":[{\"@type\":\"SearchAction\",\"target\":{\"@type\":\"EntryPoint\",\"urlTemplate\":\"https:\/\/golandpop.com\/?s={search_term_string}\"},\"query-input\":{\"@type\":\"PropertyValueSpecification\",\"valueRequired\":true,\"valueName\":\"search_term_string\"}}],\"inLanguage\":\"es-AR\"},{\"@type\":\"Organization\",\"@id\":\"https:\/\/golandpop.com\/#organization\",\"name\":\"GolandPop\",\"url\":\"https:\/\/golandpop.com\/\",\"logo\":{\"@type\":\"ImageObject\",\"inLanguage\":\"es-AR\",\"@id\":\"https:\/\/golandpop.com\/#\/schema\/logo\/image\/\",\"url\":\"https:\/\/golandpop.com\/wp-content\/uploads\/2020\/04\/favicon_gol_pop.png\",\"contentUrl\":\"https:\/\/golandpop.com\/wp-content\/uploads\/2020\/04\/favicon_gol_pop.png\",\"width\":246,\"height\":246,\"caption\":\"GolandPop\"},\"image\":{\"@id\":\"https:\/\/golandpop.com\/#\/schema\/logo\/image\/\"},\"sameAs\":[\"https:\/\/x.com\/golandpop\",\"https:\/\/www.instagram.com\/golandpopcordoba\/\"]},{\"@type\":\"Person\",\"@id\":\"https:\/\/golandpop.com\/#\/schema\/person\/2809725861e0da25eaffe2d9b29c9613\",\"name\":\"Gol&amp;Pop\",\"image\":{\"@type\":\"ImageObject\",\"inLanguage\":\"es-AR\",\"@id\":\"https:\/\/golandpop.com\/#\/schema\/person\/image\/\",\"url\":\"https:\/\/secure.gravatar.com\/avatar\/9a87ee051ca8c77f5d4070843ce2c78cdf95b858b950fb039151de955122f5f5?s=96&d=mm&r=g\",\"contentUrl\":\"https:\/\/secure.gravatar.com\/avatar\/9a87ee051ca8c77f5d4070843ce2c78cdf95b858b950fb039151de955122f5f5?s=96&d=mm&r=g\",\"caption\":\"Gol&amp;Pop\"},\"sameAs\":[\"http:\/\/golandpop.com\"],\"url\":\"https:\/\/golandpop.com\/index.php\/author\/admin\/\"}]}<\/script>\n<!-- \/ Yoast SEO plugin. -->","yoast_head_json":{"title":"Finaliz\u00f3 el \u00faltimo d\u00eda de competencia para Argentina en los Juegos Paral\u00edmpicos - Golandpop","robots":{"index":"index","follow":"follow","max-snippet":"max-snippet:-1","max-image-preview":"max-image-preview:large","max-video-preview":"max-video-preview:-1"},"canonical":"https:\/\/golandpop.com\/index.php\/2021\/09\/04\/finalizo-el-ultimo-dia-de-competencia-para-argentina-en-los-juegos-paralimpicos\/","og_locale":"es_ES","og_type":"article","og_title":"Finaliz\u00f3 el \u00faltimo d\u00eda de competencia para Argentina en los Juegos Paral\u00edmpicos - Golandpop","og_description":"Cierre con 2 medallas m\u00e1s","og_url":"https:\/\/golandpop.com\/index.php\/2021\/09\/04\/finalizo-el-ultimo-dia-de-competencia-para-argentina-en-los-juegos-paralimpicos\/","og_site_name":"Golandpop","article_published_time":"2021-09-04T13:48:06+00:00","article_modified_time":"2021-09-04T13:48:07+00:00","og_image":[{"width":1099,"height":733,"url":"https:\/\/golandpop.com\/wp-content\/uploads\/2021\/09\/E-cT0d3WEAIUOYy.jpg","type":"image\/jpeg"}],"author":"Gol&amp;Pop","twitter_card":"summary_large_image","twitter_creator":"@golandpop","twitter_site":"@golandpop","twitter_misc":{"Escrito por":"Gol&amp;Pop","Tiempo de lectura":"1 minuto"},"schema":{"@context":"https:\/\/schema.org","@graph":[{"@type":"Article","@id":"https:\/\/golandpop.com\/index.php\/2021\/09\/04\/finalizo-el-ultimo-dia-de-competencia-para-argentina-en-los-juegos-paralimpicos\/#article","isPartOf":{"@id":"https:\/\/golandpop.com\/index.php\/2021\/09\/04\/finalizo-el-ultimo-dia-de-competencia-para-argentina-en-los-juegos-paralimpicos\/"},"author":{"name":"Gol&amp;Pop","@id":"https:\/\/golandpop.com\/#\/schema\/person\/2809725861e0da25eaffe2d9b29c9613"},"headline":"Finaliz\u00f3 el \u00faltimo d\u00eda de competencia para Argentina en los Juegos Paral\u00edmpicos","datePublished":"2021-09-04T13:48:06+00:00","dateModified":"2021-09-04T13:48:07+00:00","mainEntityOfPage":{"@id":"https:\/\/golandpop.com\/index.php\/2021\/09\/04\/finalizo-el-ultimo-dia-de-competencia-para-argentina-en-los-juegos-paralimpicos\/"},"wordCount":273,"commentCount":0,"publisher":{"@id":"https:\/\/golandpop.com\/#organization"},"image":{"@id":"https:\/\/golandpop.com\/index.php\/2021\/09\/04\/finalizo-el-ultimo-dia-de-competencia-para-argentina-en-los-juegos-paralimpicos\/#primaryimage"},"thumbnailUrl":"https:\/\/golandpop.com\/wp-content\/uploads\/2021\/09\/E-cT0d3WEAIUOYy.jpg","keywords":["Atletismo","cano","Deporte adaptado","Futbol","Juegos Paralimpicos","portada","Tokio 2021","tokyo2020"],"articleSection":["Actualidad","Deporte adaptado","Polideportivo"],"inLanguage":"es-AR"},{"@type":"WebPage","@id":"https:\/\/golandpop.com\/index.php\/2021\/09\/04\/finalizo-el-ultimo-dia-de-competencia-para-argentina-en-los-juegos-paralimpicos\/","url":"https:\/\/golandpop.com\/index.php\/2021\/09\/04\/finalizo-el-ultimo-dia-de-competencia-para-argentina-en-los-juegos-paralimpicos\/","name":"Finaliz\u00f3 el \u00faltimo d\u00eda de competencia para Argentina en los Juegos Paral\u00edmpicos - Golandpop","isPartOf":{"@id":"https:\/\/golandpop.com\/#website"},"primaryImageOfPage":{"@id":"https:\/\/golandpop.com\/index.php\/2021\/09\/04\/finalizo-el-ultimo-dia-de-competencia-para-argentina-en-los-juegos-paralimpicos\/#primaryimage"},"image":{"@id":"https:\/\/golandpop.com\/index.php\/2021\/09\/04\/finalizo-el-ultimo-dia-de-competencia-para-argentina-en-los-juegos-paralimpicos\/#primaryimage"},"thumbnailUrl":"https:\/\/golandpop.com\/wp-content\/uploads\/2021\/09\/E-cT0d3WEAIUOYy.jpg","datePublished":"2021-09-04T13:48:06+00:00","dateModified":"2021-09-04T13:48:07+00:00","breadcrumb":{"@id":"https:\/\/golandpop.com\/index.php\/2021\/09\/04\/finalizo-el-ultimo-dia-de-competencia-para-argentina-en-los-juegos-paralimpicos\/#breadcrumb"},"inLanguage":"es-AR","potentialAction":[{"@type":"ReadAction","target":["https:\/\/golandpop.com\/index.php\/2021\/09\/04\/finalizo-el-ultimo-dia-de-competencia-para-argentina-en-los-juegos-paralimpicos\/"]}]},{"@type":"ImageObject","inLanguage":"es-AR","@id":"https:\/\/golandpop.com\/index.php\/2021\/09\/04\/finalizo-el-ultimo-dia-de-competencia-para-argentina-en-los-juegos-paralimpicos\/#primaryimage","url":"https:\/\/golandpop.com\/wp-content\/uploads\/2021\/09\/E-cT0d3WEAIUOYy.jpg","contentUrl":"https:\/\/golandpop.com\/wp-content\/uploads\/2021\/09\/E-cT0d3WEAIUOYy.jpg","width":1099,"height":733},{"@type":"BreadcrumbList","@id":"https:\/\/golandpop.com\/index.php\/2021\/09\/04\/finalizo-el-ultimo-dia-de-competencia-para-argentina-en-los-juegos-paralimpicos\/#breadcrumb","itemListElement":[{"@type":"ListItem","position":1,"name":"Inicio","item":"https:\/\/golandpop.com\/"},{"@type":"ListItem","position":2,"name":"Finaliz\u00f3 el \u00faltimo d\u00eda de competencia para Argentina en los Juegos Paral\u00edmpicos"}]},{"@type":"WebSite","@id":"https:\/\/golandpop.com\/#website","url":"https:\/\/golandpop.com\/","name":"Golandpop","description":"","publisher":{"@id":"https:\/\/golandpop.com\/#organization"},"potentialAction":[{"@type":"SearchAction","target":{"@type":"EntryPoint","urlTemplate":"https:\/\/golandpop.com\/?s={search_term_string}"},"query-input":{"@type":"PropertyValueSpecification","valueRequired":true,"valueName":"search_term_string"}}],"inLanguage":"es-AR"},{"@type":"Organization","@id":"https:\/\/golandpop.com\/#organization","name":"GolandPop","url":"https:\/\/golandpop.com\/","logo":{"@type":"ImageObject","inLanguage":"es-AR","@id":"https:\/\/golandpop.com\/#\/schema\/logo\/image\/","url":"https:\/\/golandpop.com\/wp-content\/uploads\/2020\/04\/favicon_gol_pop.png","contentUrl":"https:\/\/golandpop.com\/wp-content\/uploads\/2020\/04\/favicon_gol_pop.png","width":246,"height":246,"caption":"GolandPop"},"image":{"@id":"https:\/\/golandpop.com\/#\/schema\/logo\/image\/"},"sameAs":["https:\/\/x.com\/golandpop","https:\/\/www.instagram.com\/golandpopcordoba\/"]},{"@type":"Person","@id":"https:\/\/golandpop.com\/#\/schema\/person\/2809725861e0da25eaffe2d9b29c9613","name":"Gol&amp;Pop","image":{"@type":"ImageObject","inLanguage":"es-AR","@id":"https:\/\/golandpop.com\/#\/schema\/person\/image\/","url":"https:\/\/secure.gravatar.com\/avatar\/9a87ee051ca8c77f5d4070843ce2c78cdf95b858b950fb039151de955122f5f5?s=96&d=mm&r=g","contentUrl":"https:\/\/secure.gravatar.com\/avatar\/9a87ee051ca8c77f5d4070843ce2c78cdf95b858b950fb039151de955122f5f5?s=96&d=mm&r=g","caption":"Gol&amp;Pop"},"sameAs":["http:\/\/golandpop.com"],"url":"https:\/\/golandpop.com\/index.php\/author\/admin\/"}]}},"_links":{"self":[{"href":"https:\/\/golandpop.com\/index.php\/wp-json\/wp\/v2\/posts\/13641","targetHints":{"allow":["GET"]}}],"collection":[{"href":"https:\/\/golandpop.com\/index.php\/wp-json\/wp\/v2\/posts"}],"about":[{"href":"https:\/\/golandpop.com\/index.php\/wp-json\/wp\/v2\/types\/post"}],"author":[{"embeddable":true,"href":"https:\/\/golandpop.com\/index.php\/wp-json\/wp\/v2\/users\/1"}],"replies":[{"embeddable":true,"href":"https:\/\/golandpop.com\/index.php\/wp-json\/wp\/v2\/comments?post=13641"}],"version-history":[{"count":4,"href":"https:\/\/golandpop.com\/index.php\/wp-json\/wp\/v2\/posts\/13641\/revisions"}],"predecessor-version":[{"id":13649,"href":"https:\/\/golandpop.com\/index.php\/wp-json\/wp\/v2\/posts\/13641\/revisions\/13649"}],"wp:featuredmedia":[{"embeddable":true,"href":"https:\/\/golandpop.com\/index.php\/wp-json\/wp\/v2\/media\/13648"}],"wp:attachment":[{"href":"https:\/\/golandpop.com\/index.php\/wp-json\/wp\/v2\/media?parent=13641"}],"wp:term":[{"taxonomy":"category","embeddable":true,"href":"https:\/\/golandpop.com\/index.php\/wp-json\/wp\/v2\/categories?post=13641"},{"taxonomy":"post_tag","embeddable":true,"href":"https:\/\/golandpop.com\/index.php\/wp-json\/wp\/v2\/tags?post=13641"}],"curies":[{"name":"wp","href":"https:\/\/api.w.org\/{rel}","templated":true}]}}