{"id":13435,"date":"2021-08-29T11:37:06","date_gmt":"2021-08-29T14:37:06","guid":{"rendered":"https:\/\/golandpop.com\/?p=13435"},"modified":"2021-08-29T12:14:38","modified_gmt":"2021-08-29T15:14:38","slug":"el-quinto-dia-en-tokio-termino-con-grandes-resultados","status":"publish","type":"post","link":"https:\/\/golandpop.com\/index.php\/2021\/08\/29\/el-quinto-dia-en-tokio-termino-con-grandes-resultados\/","title":{"rendered":"El quinto d\u00eda en Tokio termin\u00f3 con grandes resultados"},"content":{"rendered":"\n<p><em>Noche de muchas emociones, marcas, finales y medalla para Argentina en <a href=\"https:\/\/golandpop.com\/?s=Tokio\">Tokio 2020+1<\/a>: <\/em><\/p>\n\n\n\n<p><strong>Nataci\u00f3n:<\/strong> I\u00f1aki Basiloff termin\u00f3 tercero en su serie y se meti\u00f3 en la final de los 400 metros libres categor\u00eda S7, con un tiempo de 4:46.17. En la \u00faltima carrera qued\u00f3 cuarto y se lleva un diploma a casa. De igual manera logr\u00f3 su <a href=\"https:\/\/golandpop.com\/?s=nataci%C3%B3n\">mejor marca<\/a> y quedo a tan solo cuatro cent\u00e9simas del bronce. Hoy 21.30 competir\u00e1 en 100 metros espalda.<\/p>\n\n\n\n<p>Nicol\u00e1s Rivero tambi\u00e9n lleg\u00f3 a la final. En su debut paral\u00edmpico hizo un tiempo de 1:46.69, fue tercero en su serie y qued\u00f3 quinto en la general de los 100 metros pecho SB4. En la pelea por medallas qued\u00f3 sexto y no pudo acceder al podio, pero si a su diploma.<\/p>\n\n\n\n<p><strong>Remo: <\/strong>Brenda Sard\u00f3n logr\u00f3 el objetivo, se qued\u00f3 con el diploma paral\u00edmpico. Finaliz\u00f3 segunda en la Final B con un tiempo de 13:14.45 y se qued\u00f3 con el octavo puesto de la clasificaci\u00f3n general de la Clase single PR1. <\/p>\n\n\n\n<figure class=\"wp-block-embed-twitter wp-block-embed is-type-rich is-provider-twitter\"><div class=\"wp-block-embed__wrapper\">\n<blockquote class=\"twitter-tweet\" data-width=\"550\" data-dnt=\"true\"><p lang=\"es\" dir=\"ltr\">\ud83d\udef6\ud83c\udde6\ud83c\uddf7\u00a1DIPLOMA PARAL\u00cdMPICO! Brenda Sard\u00f3n finaliz\u00f3 2\u00b0 en la final B de <a href=\"https:\/\/twitter.com\/hashtag\/Rowing?src=hash&amp;ref_src=twsrc%5Etfw\">#Rowing<\/a> y con un tiempo de 13:14.45 qued\u00f3 8\u00b0 en la general logrando su diploma en <a href=\"https:\/\/twitter.com\/hashtag\/Tokyo2020?src=hash&amp;ref_src=twsrc%5Etfw\">#Tokyo2020<\/a><br><br>\ud83d\udcf2 <a href=\"https:\/\/t.co\/ToTnpDU7l3\">https:\/\/t.co\/ToTnpDU7l3<\/a> | <a href=\"https:\/\/twitter.com\/hashtag\/Paralympics?src=hash&amp;ref_src=twsrc%5Etfw\">#Paralympics<\/a> <a href=\"https:\/\/t.co\/vBZzW2yWwD\">pic.twitter.com\/vBZzW2yWwD<\/a><\/p>&mdash; GOLANDPOP (@golandpop) <a href=\"https:\/\/twitter.com\/golandpop\/status\/1431783720260935684?ref_src=twsrc%5Etfw\">August 29, 2021<\/a><\/blockquote><script async src=\"https:\/\/platform.twitter.com\/widgets.js\" charset=\"utf-8\"><\/script>\n<\/div><\/figure>\n\n\n\n<p><strong>Boccia:<\/strong> Stefan\u00eda Ferrando termin\u00f3 6-1 por debajo de la oriunda de Reino Unido, Scott McCowan, en la <a href=\"https:\/\/golandpop.com\/index.php\/category\/deporte-adaptado\/\">categor\u00eda BC3<\/a>.<\/p>\n\n\n\n<p>Jonatan Aquino clase BC2 perdi\u00f3 por 10-0 ante el chino Yan Zhiqiang.<\/p>\n\n\n\n<p>Mauricio Ibarbure cay\u00f3 en segunda ronda en una competencia muy pareja ante el brit\u00e1nico David Smith, el resultado fue  4-3 en la segunda jornada del Grupo A de la categor\u00eda BC1.<\/p>\n\n\n\n<p>Luis Cristaldo fue derrotado por el brasile\u00f1o Maciel Santos por 6-1 en su segundo partido en el torneo individual BC2.<\/p>\n\n\n\n<p><strong>Atletismo:<\/strong> Yanina Mart\u00ednez se qued\u00f3 con el anhelado bronce en los 200 metros categor\u00eda T36. La argentina termin\u00f3 cuarta pero la alemana Nicole Nicoleitzik, que hab\u00eda sido tercera, fue descalificada por pisar la l\u00ednea interna de su carril y Yanina se subi\u00f3 al podio. <\/p>\n\n\n\n<figure class=\"wp-block-audio\"><audio controls src=\"https:\/\/golandpop.com\/wp-content\/uploads\/2021\/08\/yanina.mp3\"><\/audio><figcaption>El audio de Yanina para Gol&amp;Pop<\/figcaption><\/figure>\n\n\n\n<figure class=\"wp-block-embed-twitter wp-block-embed is-type-rich is-provider-twitter\"><div class=\"wp-block-embed__wrapper\">\n<blockquote class=\"twitter-tweet\" data-width=\"550\" data-dnt=\"true\"><p lang=\"es\" dir=\"ltr\">\ud83e\udd49\ud83c\udde6\ud83c\uddf7 \u00a1UN NUEVO BRONCE! Nuestra abanderada, Yanina Mart\u00ednez se subi\u00f3 al podio y tuvo su revancha de R\u00edo 2016. La rosarina hizo su mejor marca de la temporada con un tiempo de 30.96 y termin\u00f3 tercera en la gran final de los 200m T36. <br><br>\ud83d\udcf2 <a href=\"https:\/\/t.co\/ToTnpDU7l3\">https:\/\/t.co\/ToTnpDU7l3<\/a> | <a href=\"https:\/\/twitter.com\/hashtag\/Paralympics?src=hash&amp;ref_src=twsrc%5Etfw\">#Paralympics<\/a> <a href=\"https:\/\/t.co\/oCavNkfy8M\">pic.twitter.com\/oCavNkfy8M<\/a><\/p>&mdash; GOLANDPOP (@golandpop) <a href=\"https:\/\/twitter.com\/golandpop\/status\/1431821926557753350?ref_src=twsrc%5Etfw\">August 29, 2021<\/a><\/blockquote><script async src=\"https:\/\/platform.twitter.com\/widgets.js\" charset=\"utf-8\"><\/script>\n<\/div><\/figure>\n\n\n\n<p><strong>Tenis:<\/strong> Ezequiel Casco perdi\u00f3 ante el local Takuya Miki por 6-3 \/ 6-1 y se despidi\u00f3 en segunda ronda de los <a href=\"https:\/\/www.paralympic.org\/tokyo-2020\/schedule?utm_campaign=dp_google&amp;sa=X&amp;ved=2ahUKEwjS6a75stbyAhW9CrkGHW-1CD0Q2oMIegQIERAS\">Juegos Paral\u00edmpicos de Tokio<\/a>.<\/p>\n\n\n\n<p>La dupla de Gustavo Fern\u00e1ndez y Agust\u00edn Ledezma se hizo lugar en <a href=\"https:\/\/golandpop.com\/?s=tenis+adaptado\">cuartos de final<\/a>.  Derrotaron a los japoneses Daisuke Arai y Takuya Miki por 6-2 \/ 2-6 \/ 6-3. <\/p>\n\n\n\n<figure class=\"wp-block-embed-twitter wp-block-embed is-type-rich is-provider-twitter\"><div class=\"wp-block-embed__wrapper\">\n<blockquote class=\"twitter-tweet\" data-width=\"550\" data-dnt=\"true\"><p lang=\"es\" dir=\"ltr\">\ud83c\udfbe\ud83c\udde6\ud83c\uddf7 \u00a1A CUARTOS! Gustavo Fern\u00e1ndez y Agust\u00edn Ledesma le ganaron a los locales por 6-2\/2-6\/ 6-3 y se metieron entre los ocho mejores en <a href=\"https:\/\/twitter.com\/hashtag\/Tokyo2020?src=hash&amp;ref_src=twsrc%5Etfw\">#Tokyo2020<\/a><br><br>\ud83d\udcf2 <a href=\"https:\/\/t.co\/ToTnpDU7l3\">https:\/\/t.co\/ToTnpDU7l3<\/a> | <a href=\"https:\/\/twitter.com\/hashtag\/Paralympics?src=hash&amp;ref_src=twsrc%5Etfw\">#Paralympics<\/a> <a href=\"https:\/\/t.co\/AULMNqdzmh\">pic.twitter.com\/AULMNqdzmh<\/a><\/p>&mdash; GOLANDPOP (@golandpop) <a href=\"https:\/\/twitter.com\/golandpop\/status\/1431986021382737925?ref_src=twsrc%5Etfw\">August 29, 2021<\/a><\/blockquote><script async src=\"https:\/\/platform.twitter.com\/widgets.js\" charset=\"utf-8\"><\/script>\n<\/div><\/figure>\n\n\n\n<p><strong>F\u00fatbol 5:<\/strong> Los Murci\u00e9lagos le ganaron a Marruecos por 2 a 1 en su debut en <a href=\"https:\/\/golandpop.com\/?s=juegos+paral%C3%ADmpicos\">Tokio<\/a> y empiezan a so\u00f1ar con el podio. <\/p>\n\n\n\n<figure class=\"wp-block-embed-twitter wp-block-embed is-type-rich is-provider-twitter\"><div class=\"wp-block-embed__wrapper\">\n<blockquote class=\"twitter-tweet\" data-width=\"550\" data-dnt=\"true\"><p lang=\"es\" dir=\"ltr\">\u26bd\ufe0f\ud83c\udde6\ud83c\uddf7 \u00a1LOS MURCI\u00c9LAGOS TUVIERON UN DEBUT CON VICTORIA!  La Selecci\u00f3n Argentina de <a href=\"https:\/\/twitter.com\/hashtag\/Futbol5?src=hash&amp;ref_src=twsrc%5Etfw\">#Futbol5<\/a> 5 para ciegos derrot\u00f3 2-1 a Marruecos \ud83c\uddf2\ud83c\udde6 \u00bfLos Goles? Maximiliano Espinillo. <br><br>\ud83d\udcf2 <a href=\"https:\/\/t.co\/ToTnpDU7l3\">https:\/\/t.co\/ToTnpDU7l3<\/a> | <a href=\"https:\/\/twitter.com\/hashtag\/Paralympics?src=hash&amp;ref_src=twsrc%5Etfw\">#Paralympics<\/a> <a href=\"https:\/\/t.co\/7SZvHQULhC\">pic.twitter.com\/7SZvHQULhC<\/a><\/p>&mdash; GOLANDPOP (@golandpop) <a href=\"https:\/\/twitter.com\/golandpop\/status\/1431978831171264512?ref_src=twsrc%5Etfw\">August 29, 2021<\/a><\/blockquote><script async src=\"https:\/\/platform.twitter.com\/widgets.js\" charset=\"utf-8\"><\/script>\n<\/div><\/figure>\n\n\n\n<p><\/p>\n","protected":false},"excerpt":{"rendered":"<p>Balance positivo para Argentina <\/p>\n","protected":false},"author":1,"featured_media":13442,"comment_status":"open","ping_status":"open","sticky":false,"template":"","format":"standard","meta":{"footnotes":""},"categories":[777,37,46],"tags":[85,1123,1121,289,330,725,1120,950,353,449,1128,717],"class_list":["post-13435","post","type-post","status-publish","format-standard","has-post-thumbnail","hentry","category-actualidad","category-deporte-adaptado","category-polideportivo","tag-atletismo","tag-bochas","tag-deporte-adaptado","tag-futbol-2","tag-los-murcielagos","tag-natacion","tag-paradeportes","tag-portada","tag-remo","tag-tenis","tag-tokio-2020","tag-tokio-2021"],"yoast_head":"<!-- This site is optimized with the Yoast SEO plugin v26.1.1 - https:\/\/yoast.com\/wordpress\/plugins\/seo\/ -->\n<title>El quinto d\u00eda en Tokio termin\u00f3 con grandes resultados - Golandpop<\/title>\n<meta name=\"robots\" content=\"index, follow, max-snippet:-1, max-image-preview:large, max-video-preview:-1\" \/>\n<link rel=\"canonical\" href=\"https:\/\/golandpop.com\/index.php\/2021\/08\/29\/el-quinto-dia-en-tokio-termino-con-grandes-resultados\/\" \/>\n<meta property=\"og:locale\" content=\"es_ES\" \/>\n<meta property=\"og:type\" content=\"article\" \/>\n<meta property=\"og:title\" content=\"El quinto d\u00eda en Tokio termin\u00f3 con grandes resultados - Golandpop\" \/>\n<meta property=\"og:description\" content=\"Balance positivo para Argentina\" \/>\n<meta property=\"og:url\" content=\"https:\/\/golandpop.com\/index.php\/2021\/08\/29\/el-quinto-dia-en-tokio-termino-con-grandes-resultados\/\" \/>\n<meta property=\"og:site_name\" content=\"Golandpop\" \/>\n<meta property=\"article:published_time\" content=\"2021-08-29T14:37:06+00:00\" \/>\n<meta property=\"article:modified_time\" content=\"2021-08-29T15:14:38+00:00\" \/>\n<meta property=\"og:image\" content=\"https:\/\/golandpop.com\/wp-content\/uploads\/2021\/08\/E98CsYeWEAEGO7U.jpg\" \/>\n\t<meta property=\"og:image:width\" content=\"1440\" \/>\n\t<meta property=\"og:image:height\" content=\"960\" \/>\n\t<meta property=\"og:image:type\" content=\"image\/jpeg\" \/>\n<meta name=\"author\" content=\"Gol&amp;Pop\" \/>\n<meta name=\"twitter:card\" content=\"summary_large_image\" \/>\n<meta name=\"twitter:creator\" content=\"@golandpop\" \/>\n<meta name=\"twitter:site\" content=\"@golandpop\" \/>\n<meta name=\"twitter:label1\" content=\"Escrito por\" \/>\n\t<meta name=\"twitter:data1\" content=\"Gol&amp;Pop\" \/>\n\t<meta name=\"twitter:label2\" content=\"Tiempo de lectura\" \/>\n\t<meta name=\"twitter:data2\" content=\"2 minutos\" \/>\n<script type=\"application\/ld+json\" class=\"yoast-schema-graph\">{\"@context\":\"https:\/\/schema.org\",\"@graph\":[{\"@type\":\"Article\",\"@id\":\"https:\/\/golandpop.com\/index.php\/2021\/08\/29\/el-quinto-dia-en-tokio-termino-con-grandes-resultados\/#article\",\"isPartOf\":{\"@id\":\"https:\/\/golandpop.com\/index.php\/2021\/08\/29\/el-quinto-dia-en-tokio-termino-con-grandes-resultados\/\"},\"author\":{\"name\":\"Gol&amp;Pop\",\"@id\":\"https:\/\/golandpop.com\/#\/schema\/person\/2809725861e0da25eaffe2d9b29c9613\"},\"headline\":\"El quinto d\u00eda en Tokio termin\u00f3 con grandes resultados\",\"datePublished\":\"2021-08-29T14:37:06+00:00\",\"dateModified\":\"2021-08-29T15:14:38+00:00\",\"mainEntityOfPage\":{\"@id\":\"https:\/\/golandpop.com\/index.php\/2021\/08\/29\/el-quinto-dia-en-tokio-termino-con-grandes-resultados\/\"},\"wordCount\":422,\"commentCount\":0,\"publisher\":{\"@id\":\"https:\/\/golandpop.com\/#organization\"},\"image\":{\"@id\":\"https:\/\/golandpop.com\/index.php\/2021\/08\/29\/el-quinto-dia-en-tokio-termino-con-grandes-resultados\/#primaryimage\"},\"thumbnailUrl\":\"https:\/\/golandpop.com\/wp-content\/uploads\/2021\/08\/E98CsYeWEAEGO7U.jpg\",\"keywords\":[\"Atletismo\",\"Bochas\",\"Deporte adaptado\",\"Futbol\",\"Los Murci\u00e9lagos\",\"Nataci\u00f3n\",\"Paradeportes\",\"portada\",\"Remo\",\"Tenis\",\"Tokio 2020\",\"Tokio 2021\"],\"articleSection\":[\"Actualidad\",\"Deporte adaptado\",\"Polideportivo\"],\"inLanguage\":\"es-AR\"},{\"@type\":\"WebPage\",\"@id\":\"https:\/\/golandpop.com\/index.php\/2021\/08\/29\/el-quinto-dia-en-tokio-termino-con-grandes-resultados\/\",\"url\":\"https:\/\/golandpop.com\/index.php\/2021\/08\/29\/el-quinto-dia-en-tokio-termino-con-grandes-resultados\/\",\"name\":\"El quinto d\u00eda en Tokio termin\u00f3 con grandes resultados - Golandpop\",\"isPartOf\":{\"@id\":\"https:\/\/golandpop.com\/#website\"},\"primaryImageOfPage\":{\"@id\":\"https:\/\/golandpop.com\/index.php\/2021\/08\/29\/el-quinto-dia-en-tokio-termino-con-grandes-resultados\/#primaryimage\"},\"image\":{\"@id\":\"https:\/\/golandpop.com\/index.php\/2021\/08\/29\/el-quinto-dia-en-tokio-termino-con-grandes-resultados\/#primaryimage\"},\"thumbnailUrl\":\"https:\/\/golandpop.com\/wp-content\/uploads\/2021\/08\/E98CsYeWEAEGO7U.jpg\",\"datePublished\":\"2021-08-29T14:37:06+00:00\",\"dateModified\":\"2021-08-29T15:14:38+00:00\",\"breadcrumb\":{\"@id\":\"https:\/\/golandpop.com\/index.php\/2021\/08\/29\/el-quinto-dia-en-tokio-termino-con-grandes-resultados\/#breadcrumb\"},\"inLanguage\":\"es-AR\",\"potentialAction\":[{\"@type\":\"ReadAction\",\"target\":[\"https:\/\/golandpop.com\/index.php\/2021\/08\/29\/el-quinto-dia-en-tokio-termino-con-grandes-resultados\/\"]}]},{\"@type\":\"ImageObject\",\"inLanguage\":\"es-AR\",\"@id\":\"https:\/\/golandpop.com\/index.php\/2021\/08\/29\/el-quinto-dia-en-tokio-termino-con-grandes-resultados\/#primaryimage\",\"url\":\"https:\/\/golandpop.com\/wp-content\/uploads\/2021\/08\/E98CsYeWEAEGO7U.jpg\",\"contentUrl\":\"https:\/\/golandpop.com\/wp-content\/uploads\/2021\/08\/E98CsYeWEAEGO7U.jpg\",\"width\":1440,\"height\":960},{\"@type\":\"BreadcrumbList\",\"@id\":\"https:\/\/golandpop.com\/index.php\/2021\/08\/29\/el-quinto-dia-en-tokio-termino-con-grandes-resultados\/#breadcrumb\",\"itemListElement\":[{\"@type\":\"ListItem\",\"position\":1,\"name\":\"Inicio\",\"item\":\"https:\/\/golandpop.com\/\"},{\"@type\":\"ListItem\",\"position\":2,\"name\":\"El quinto d\u00eda en Tokio termin\u00f3 con grandes resultados\"}]},{\"@type\":\"WebSite\",\"@id\":\"https:\/\/golandpop.com\/#website\",\"url\":\"https:\/\/golandpop.com\/\",\"name\":\"Golandpop\",\"description\":\"\",\"publisher\":{\"@id\":\"https:\/\/golandpop.com\/#organization\"},\"potentialAction\":[{\"@type\":\"SearchAction\",\"target\":{\"@type\":\"EntryPoint\",\"urlTemplate\":\"https:\/\/golandpop.com\/?s={search_term_string}\"},\"query-input\":{\"@type\":\"PropertyValueSpecification\",\"valueRequired\":true,\"valueName\":\"search_term_string\"}}],\"inLanguage\":\"es-AR\"},{\"@type\":\"Organization\",\"@id\":\"https:\/\/golandpop.com\/#organization\",\"name\":\"GolandPop\",\"url\":\"https:\/\/golandpop.com\/\",\"logo\":{\"@type\":\"ImageObject\",\"inLanguage\":\"es-AR\",\"@id\":\"https:\/\/golandpop.com\/#\/schema\/logo\/image\/\",\"url\":\"https:\/\/golandpop.com\/wp-content\/uploads\/2020\/04\/favicon_gol_pop.png\",\"contentUrl\":\"https:\/\/golandpop.com\/wp-content\/uploads\/2020\/04\/favicon_gol_pop.png\",\"width\":246,\"height\":246,\"caption\":\"GolandPop\"},\"image\":{\"@id\":\"https:\/\/golandpop.com\/#\/schema\/logo\/image\/\"},\"sameAs\":[\"https:\/\/x.com\/golandpop\",\"https:\/\/www.instagram.com\/golandpopcordoba\/\"]},{\"@type\":\"Person\",\"@id\":\"https:\/\/golandpop.com\/#\/schema\/person\/2809725861e0da25eaffe2d9b29c9613\",\"name\":\"Gol&amp;Pop\",\"image\":{\"@type\":\"ImageObject\",\"inLanguage\":\"es-AR\",\"@id\":\"https:\/\/golandpop.com\/#\/schema\/person\/image\/\",\"url\":\"https:\/\/secure.gravatar.com\/avatar\/9a87ee051ca8c77f5d4070843ce2c78cdf95b858b950fb039151de955122f5f5?s=96&d=mm&r=g\",\"contentUrl\":\"https:\/\/secure.gravatar.com\/avatar\/9a87ee051ca8c77f5d4070843ce2c78cdf95b858b950fb039151de955122f5f5?s=96&d=mm&r=g\",\"caption\":\"Gol&amp;Pop\"},\"sameAs\":[\"http:\/\/golandpop.com\"],\"url\":\"https:\/\/golandpop.com\/index.php\/author\/admin\/\"}]}<\/script>\n<!-- \/ Yoast SEO plugin. -->","yoast_head_json":{"title":"El quinto d\u00eda en Tokio termin\u00f3 con grandes resultados - Golandpop","robots":{"index":"index","follow":"follow","max-snippet":"max-snippet:-1","max-image-preview":"max-image-preview:large","max-video-preview":"max-video-preview:-1"},"canonical":"https:\/\/golandpop.com\/index.php\/2021\/08\/29\/el-quinto-dia-en-tokio-termino-con-grandes-resultados\/","og_locale":"es_ES","og_type":"article","og_title":"El quinto d\u00eda en Tokio termin\u00f3 con grandes resultados - Golandpop","og_description":"Balance positivo para Argentina","og_url":"https:\/\/golandpop.com\/index.php\/2021\/08\/29\/el-quinto-dia-en-tokio-termino-con-grandes-resultados\/","og_site_name":"Golandpop","article_published_time":"2021-08-29T14:37:06+00:00","article_modified_time":"2021-08-29T15:14:38+00:00","og_image":[{"width":1440,"height":960,"url":"https:\/\/golandpop.com\/wp-content\/uploads\/2021\/08\/E98CsYeWEAEGO7U.jpg","type":"image\/jpeg"}],"author":"Gol&amp;Pop","twitter_card":"summary_large_image","twitter_creator":"@golandpop","twitter_site":"@golandpop","twitter_misc":{"Escrito por":"Gol&amp;Pop","Tiempo de lectura":"2 minutos"},"schema":{"@context":"https:\/\/schema.org","@graph":[{"@type":"Article","@id":"https:\/\/golandpop.com\/index.php\/2021\/08\/29\/el-quinto-dia-en-tokio-termino-con-grandes-resultados\/#article","isPartOf":{"@id":"https:\/\/golandpop.com\/index.php\/2021\/08\/29\/el-quinto-dia-en-tokio-termino-con-grandes-resultados\/"},"author":{"name":"Gol&amp;Pop","@id":"https:\/\/golandpop.com\/#\/schema\/person\/2809725861e0da25eaffe2d9b29c9613"},"headline":"El quinto d\u00eda en Tokio termin\u00f3 con grandes resultados","datePublished":"2021-08-29T14:37:06+00:00","dateModified":"2021-08-29T15:14:38+00:00","mainEntityOfPage":{"@id":"https:\/\/golandpop.com\/index.php\/2021\/08\/29\/el-quinto-dia-en-tokio-termino-con-grandes-resultados\/"},"wordCount":422,"commentCount":0,"publisher":{"@id":"https:\/\/golandpop.com\/#organization"},"image":{"@id":"https:\/\/golandpop.com\/index.php\/2021\/08\/29\/el-quinto-dia-en-tokio-termino-con-grandes-resultados\/#primaryimage"},"thumbnailUrl":"https:\/\/golandpop.com\/wp-content\/uploads\/2021\/08\/E98CsYeWEAEGO7U.jpg","keywords":["Atletismo","Bochas","Deporte adaptado","Futbol","Los Murci\u00e9lagos","Nataci\u00f3n","Paradeportes","portada","Remo","Tenis","Tokio 2020","Tokio 2021"],"articleSection":["Actualidad","Deporte adaptado","Polideportivo"],"inLanguage":"es-AR"},{"@type":"WebPage","@id":"https:\/\/golandpop.com\/index.php\/2021\/08\/29\/el-quinto-dia-en-tokio-termino-con-grandes-resultados\/","url":"https:\/\/golandpop.com\/index.php\/2021\/08\/29\/el-quinto-dia-en-tokio-termino-con-grandes-resultados\/","name":"El quinto d\u00eda en Tokio termin\u00f3 con grandes resultados - Golandpop","isPartOf":{"@id":"https:\/\/golandpop.com\/#website"},"primaryImageOfPage":{"@id":"https:\/\/golandpop.com\/index.php\/2021\/08\/29\/el-quinto-dia-en-tokio-termino-con-grandes-resultados\/#primaryimage"},"image":{"@id":"https:\/\/golandpop.com\/index.php\/2021\/08\/29\/el-quinto-dia-en-tokio-termino-con-grandes-resultados\/#primaryimage"},"thumbnailUrl":"https:\/\/golandpop.com\/wp-content\/uploads\/2021\/08\/E98CsYeWEAEGO7U.jpg","datePublished":"2021-08-29T14:37:06+00:00","dateModified":"2021-08-29T15:14:38+00:00","breadcrumb":{"@id":"https:\/\/golandpop.com\/index.php\/2021\/08\/29\/el-quinto-dia-en-tokio-termino-con-grandes-resultados\/#breadcrumb"},"inLanguage":"es-AR","potentialAction":[{"@type":"ReadAction","target":["https:\/\/golandpop.com\/index.php\/2021\/08\/29\/el-quinto-dia-en-tokio-termino-con-grandes-resultados\/"]}]},{"@type":"ImageObject","inLanguage":"es-AR","@id":"https:\/\/golandpop.com\/index.php\/2021\/08\/29\/el-quinto-dia-en-tokio-termino-con-grandes-resultados\/#primaryimage","url":"https:\/\/golandpop.com\/wp-content\/uploads\/2021\/08\/E98CsYeWEAEGO7U.jpg","contentUrl":"https:\/\/golandpop.com\/wp-content\/uploads\/2021\/08\/E98CsYeWEAEGO7U.jpg","width":1440,"height":960},{"@type":"BreadcrumbList","@id":"https:\/\/golandpop.com\/index.php\/2021\/08\/29\/el-quinto-dia-en-tokio-termino-con-grandes-resultados\/#breadcrumb","itemListElement":[{"@type":"ListItem","position":1,"name":"Inicio","item":"https:\/\/golandpop.com\/"},{"@type":"ListItem","position":2,"name":"El quinto d\u00eda en Tokio termin\u00f3 con grandes resultados"}]},{"@type":"WebSite","@id":"https:\/\/golandpop.com\/#website","url":"https:\/\/golandpop.com\/","name":"Golandpop","description":"","publisher":{"@id":"https:\/\/golandpop.com\/#organization"},"potentialAction":[{"@type":"SearchAction","target":{"@type":"EntryPoint","urlTemplate":"https:\/\/golandpop.com\/?s={search_term_string}"},"query-input":{"@type":"PropertyValueSpecification","valueRequired":true,"valueName":"search_term_string"}}],"inLanguage":"es-AR"},{"@type":"Organization","@id":"https:\/\/golandpop.com\/#organization","name":"GolandPop","url":"https:\/\/golandpop.com\/","logo":{"@type":"ImageObject","inLanguage":"es-AR","@id":"https:\/\/golandpop.com\/#\/schema\/logo\/image\/","url":"https:\/\/golandpop.com\/wp-content\/uploads\/2020\/04\/favicon_gol_pop.png","contentUrl":"https:\/\/golandpop.com\/wp-content\/uploads\/2020\/04\/favicon_gol_pop.png","width":246,"height":246,"caption":"GolandPop"},"image":{"@id":"https:\/\/golandpop.com\/#\/schema\/logo\/image\/"},"sameAs":["https:\/\/x.com\/golandpop","https:\/\/www.instagram.com\/golandpopcordoba\/"]},{"@type":"Person","@id":"https:\/\/golandpop.com\/#\/schema\/person\/2809725861e0da25eaffe2d9b29c9613","name":"Gol&amp;Pop","image":{"@type":"ImageObject","inLanguage":"es-AR","@id":"https:\/\/golandpop.com\/#\/schema\/person\/image\/","url":"https:\/\/secure.gravatar.com\/avatar\/9a87ee051ca8c77f5d4070843ce2c78cdf95b858b950fb039151de955122f5f5?s=96&d=mm&r=g","contentUrl":"https:\/\/secure.gravatar.com\/avatar\/9a87ee051ca8c77f5d4070843ce2c78cdf95b858b950fb039151de955122f5f5?s=96&d=mm&r=g","caption":"Gol&amp;Pop"},"sameAs":["http:\/\/golandpop.com"],"url":"https:\/\/golandpop.com\/index.php\/author\/admin\/"}]}},"_links":{"self":[{"href":"https:\/\/golandpop.com\/index.php\/wp-json\/wp\/v2\/posts\/13435","targetHints":{"allow":["GET"]}}],"collection":[{"href":"https:\/\/golandpop.com\/index.php\/wp-json\/wp\/v2\/posts"}],"about":[{"href":"https:\/\/golandpop.com\/index.php\/wp-json\/wp\/v2\/types\/post"}],"author":[{"embeddable":true,"href":"https:\/\/golandpop.com\/index.php\/wp-json\/wp\/v2\/users\/1"}],"replies":[{"embeddable":true,"href":"https:\/\/golandpop.com\/index.php\/wp-json\/wp\/v2\/comments?post=13435"}],"version-history":[{"count":11,"href":"https:\/\/golandpop.com\/index.php\/wp-json\/wp\/v2\/posts\/13435\/revisions"}],"predecessor-version":[{"id":13452,"href":"https:\/\/golandpop.com\/index.php\/wp-json\/wp\/v2\/posts\/13435\/revisions\/13452"}],"wp:featuredmedia":[{"embeddable":true,"href":"https:\/\/golandpop.com\/index.php\/wp-json\/wp\/v2\/media\/13442"}],"wp:attachment":[{"href":"https:\/\/golandpop.com\/index.php\/wp-json\/wp\/v2\/media?parent=13435"}],"wp:term":[{"taxonomy":"category","embeddable":true,"href":"https:\/\/golandpop.com\/index.php\/wp-json\/wp\/v2\/categories?post=13435"},{"taxonomy":"post_tag","embeddable":true,"href":"https:\/\/golandpop.com\/index.php\/wp-json\/wp\/v2\/tags?post=13435"}],"curies":[{"name":"wp","href":"https:\/\/api.w.org\/{rel}","templated":true}]}}