{"id":1251,"date":"2019-06-28T03:54:39","date_gmt":"2019-06-28T03:54:39","guid":{"rendered":"http:\/\/golandpop.com\/?p=1251"},"modified":"2019-06-28T03:54:39","modified_gmt":"2019-06-28T03:54:39","slug":"argentina-venezuela-a-todo-o-nada-en-el-marcana","status":"publish","type":"post","link":"https:\/\/golandpop.com\/index.php\/2019\/06\/28\/argentina-venezuela-a-todo-o-nada-en-el-marcana\/","title":{"rendered":"Argentina &#8211; Venezuela: a todo o nada en el Marcan\u00e1"},"content":{"rendered":"\n<p>La Selecci\u00f3n Argentina tendr\u00e1 este viernes una nueva prueba que superar en su duelo de cuartos de final de la Copa Am\u00e9rica contra una dura Venezuela, que tuvo buenas actuaciones en sus \u00faltimos tres choques ante la albiceleste.<\/p>\n\n\n<p>El partido de esta ocasi\u00f3n se disputar\u00e1 en el estadio Maracan\u00e1, de Rio de Janeiro, desde las 16:00. El ganador se las ver\u00e1 en semifinales contra<a href=\"https:\/\/golandpop.com\/2019\/06\/28\/copa-america-brasil-se-metio-en-semis-tras-vencer-por-penales-a-paraguay\/\"> Brasil, que venci\u00f3 por penales a Paraguay<\/a>.<\/p>\n\n\n<figure class=\"wp-block-embed-twitter wp-block-embed is-type-rich\"><div class=\"wp-block-embed__wrapper\">\n<blockquote class=\"twitter-tweet\" data-width=\"550\" data-dnt=\"true\"><p lang=\"es\" dir=\"ltr\"><a href=\"https:\/\/twitter.com\/hashtag\/Selecci%C3%B3nMayor?src=hash&amp;ref_src=twsrc%5Etfw\">#Selecci\u00f3nMayor<\/a> Lautaro Mart\u00ednez \ud83c\udf99\ufe0f: &quot;Hemos estudiado a Venezuela. Intentaremos salir a presionar, sabemos que ellos juegan a la pelota a la espalda de los centrales&quot;.<\/p>&mdash; Selecci\u00f3n Argentina \ud83c\udde6\ud83c\uddf7 (@Argentina) <a href=\"https:\/\/twitter.com\/Argentina\/status\/1144362668150726656?ref_src=twsrc%5Etfw\">June 27, 2019<\/a><\/blockquote><script async src=\"https:\/\/platform.twitter.com\/widgets.js\" charset=\"utf-8\"><\/script>\n<\/div><\/figure>\n\n\n<p>Argentina llega a los cuartos tras perder por Colombia 2-0, empatar con Paraguay 1-1 y ganarle a Qatar por 2-0, finalizando segunda del grupo B.<\/p>\n\n\n<p>Venezuela arriba a esta instancia tras terminar segunda del grupo A, en el que igual\u00f3 sin goles ante Per\u00fa y Brasil, y le gan\u00f3 en la \u00faltima jornada 3-1 a Bolivia.<\/p>\n\n\n<p>El\u00a0<strong>Argentina vs Venezuela<\/strong>\u00a0lo viv\u00eds en vivo, al igual que toda la acci\u00f3n de la Copa Am\u00e9rica, de la mano de\u00a0<a href=\"https:\/\/golandpop.com\/radio-en-vivo\/\">Gol &amp; Pop Radio<\/a>, con transmisiones de los partidos m\u00e1s destacados. <\/p>\n\n\n<p><strong>Posibles alineaciones:<\/strong><\/p>\n\n\n<p><strong>Argentina:<\/strong>\u00a0Franco Armani \u2013 Juan Foyth, Germ\u00e1n Pezzela, Nicol\u00e1s Otamendi, Nicol\u00e1s Tagliafico \u2013 Rodrigo De Paul, Leandro Paredes,  Marcos Acu\u00f1a  \u2013 Lionel Messi, Sergio Ag\u00fcero, Lautaro Mart\u00ednez.\u00a0<strong>DT:<\/strong>\u00a0Lionel Scaloni.<\/p>\n\n\n<p><strong>Venezuela:<\/strong>\u00a0Wuilker Far\u00ed\u00f1ez \u2013 Roberto Rosales, Ronald Hern\u00e1ndez, John Chancellor, Luis Mago \u2013 Junior Moreno, Tom\u00e1s Rinc\u00f3n, Y\u00e1ngel Herrera \u2013 Jhon Murillo, Darwin Machis Salom\u00f3n Rond\u00f3n.\u00a0<strong>DT:<\/strong>\u00a0Rafael Dudamel.<\/p>\n\n\n<p><strong>\u00c1rbitro:<\/strong> Wilmar Rold\u00e1n (COL).<\/p>\n\n\n<a href=\"http:\/\/www.centroservice-cba.com.ar\/\/\"> <img fetchpriority=\"high\" decoding=\"async\" src=\"https:\/\/golandpop631664757.files.wordpress.com\/2019\/06\/centro-service.jpeg\" width=\"450\" height=\"150\" title=\"Distribuidora Fusi\u00f3n\" alt=\"DF\"> <\/a>\n","protected":false},"excerpt":{"rendered":"<p>La Selecci\u00f3n Argentina tendr\u00e1 este viernes una nueva prueba que superar en su duelo de cuartos de final de la Copa Am\u00e9rica contra una dura Venezuela, que tuvo buenas actuaciones en sus \u00faltimos tres choques ante la albiceleste. El partido de esta ocasi\u00f3n se disputar\u00e1 en el estadio Maracan\u00e1, de Rio de Janeiro, desde las [&hellip;]<\/p>\n","protected":false},"author":1,"featured_media":1252,"comment_status":"open","ping_status":"open","sticky":false,"template":"","format":"standard","meta":{"footnotes":""},"categories":[41],"tags":[115,129,254,271],"class_list":["post-1251","post","type-post","status-publish","format-standard","has-post-thumbnail","hentry","category-futbol-internacional","tag-copa-america","tag-destacado","tag-seleccion-argentina","tag-venezuela"],"yoast_head":"<!-- This site is optimized with the Yoast SEO plugin v26.1.1 - https:\/\/yoast.com\/wordpress\/plugins\/seo\/ -->\n<title>Argentina - Venezuela: a todo o nada en el Marcan\u00e1 - Golandpop<\/title>\n<meta name=\"robots\" content=\"index, follow, max-snippet:-1, max-image-preview:large, max-video-preview:-1\" \/>\n<link rel=\"canonical\" href=\"https:\/\/golandpop.com\/index.php\/2019\/06\/28\/argentina-venezuela-a-todo-o-nada-en-el-marcana\/\" \/>\n<meta property=\"og:locale\" content=\"es_ES\" \/>\n<meta property=\"og:type\" content=\"article\" \/>\n<meta property=\"og:title\" content=\"Argentina - Venezuela: a todo o nada en el Marcan\u00e1 - Golandpop\" \/>\n<meta property=\"og:description\" content=\"La Selecci\u00f3n Argentina tendr\u00e1 este viernes una nueva prueba que superar en su duelo de cuartos de final de la Copa Am\u00e9rica contra una dura Venezuela, que tuvo buenas actuaciones en sus \u00faltimos tres choques ante la albiceleste. El partido de esta ocasi\u00f3n se disputar\u00e1 en el estadio Maracan\u00e1, de Rio de Janeiro, desde las [&hellip;]\" \/>\n<meta property=\"og:url\" content=\"https:\/\/golandpop.com\/index.php\/2019\/06\/28\/argentina-venezuela-a-todo-o-nada-en-el-marcana\/\" \/>\n<meta property=\"og:site_name\" content=\"Golandpop\" \/>\n<meta property=\"article:published_time\" content=\"2019-06-28T03:54:39+00:00\" \/>\n<meta property=\"og:image\" content=\"https:\/\/golandpop.com\/wp-content\/uploads\/2019\/06\/venezuelavsargentina-777px.jpg\" \/>\n\t<meta property=\"og:image:width\" content=\"777\" \/>\n\t<meta property=\"og:image:height\" content=\"486\" \/>\n\t<meta property=\"og:image:type\" content=\"image\/jpeg\" \/>\n<meta name=\"author\" content=\"Gol&amp;Pop\" \/>\n<meta name=\"twitter:card\" content=\"summary_large_image\" \/>\n<meta name=\"twitter:creator\" content=\"@golandpop\" \/>\n<meta name=\"twitter:site\" content=\"@golandpop\" \/>\n<meta name=\"twitter:label1\" content=\"Escrito por\" \/>\n\t<meta name=\"twitter:data1\" content=\"Gol&amp;Pop\" \/>\n\t<meta name=\"twitter:label2\" content=\"Tiempo de lectura\" \/>\n\t<meta name=\"twitter:data2\" content=\"1 minuto\" \/>\n<script type=\"application\/ld+json\" class=\"yoast-schema-graph\">{\"@context\":\"https:\/\/schema.org\",\"@graph\":[{\"@type\":\"Article\",\"@id\":\"https:\/\/golandpop.com\/index.php\/2019\/06\/28\/argentina-venezuela-a-todo-o-nada-en-el-marcana\/#article\",\"isPartOf\":{\"@id\":\"https:\/\/golandpop.com\/index.php\/2019\/06\/28\/argentina-venezuela-a-todo-o-nada-en-el-marcana\/\"},\"author\":{\"name\":\"Gol&amp;Pop\",\"@id\":\"https:\/\/golandpop.com\/#\/schema\/person\/2809725861e0da25eaffe2d9b29c9613\"},\"headline\":\"Argentina &#8211; Venezuela: a todo o nada en el Marcan\u00e1\",\"datePublished\":\"2019-06-28T03:54:39+00:00\",\"mainEntityOfPage\":{\"@id\":\"https:\/\/golandpop.com\/index.php\/2019\/06\/28\/argentina-venezuela-a-todo-o-nada-en-el-marcana\/\"},\"wordCount\":254,\"commentCount\":0,\"publisher\":{\"@id\":\"https:\/\/golandpop.com\/#organization\"},\"image\":{\"@id\":\"https:\/\/golandpop.com\/index.php\/2019\/06\/28\/argentina-venezuela-a-todo-o-nada-en-el-marcana\/#primaryimage\"},\"thumbnailUrl\":\"https:\/\/golandpop.com\/wp-content\/uploads\/2019\/06\/venezuelavsargentina-777px.jpg\",\"keywords\":[\"Copa Am\u00e9rica\",\"destacado\",\"Selecci\u00f3n Argentina\",\"Venezuela\"],\"articleSection\":[\"F\u00fatbol Internacional\"],\"inLanguage\":\"es-AR\"},{\"@type\":\"WebPage\",\"@id\":\"https:\/\/golandpop.com\/index.php\/2019\/06\/28\/argentina-venezuela-a-todo-o-nada-en-el-marcana\/\",\"url\":\"https:\/\/golandpop.com\/index.php\/2019\/06\/28\/argentina-venezuela-a-todo-o-nada-en-el-marcana\/\",\"name\":\"Argentina - Venezuela: a todo o nada en el Marcan\u00e1 - Golandpop\",\"isPartOf\":{\"@id\":\"https:\/\/golandpop.com\/#website\"},\"primaryImageOfPage\":{\"@id\":\"https:\/\/golandpop.com\/index.php\/2019\/06\/28\/argentina-venezuela-a-todo-o-nada-en-el-marcana\/#primaryimage\"},\"image\":{\"@id\":\"https:\/\/golandpop.com\/index.php\/2019\/06\/28\/argentina-venezuela-a-todo-o-nada-en-el-marcana\/#primaryimage\"},\"thumbnailUrl\":\"https:\/\/golandpop.com\/wp-content\/uploads\/2019\/06\/venezuelavsargentina-777px.jpg\",\"datePublished\":\"2019-06-28T03:54:39+00:00\",\"breadcrumb\":{\"@id\":\"https:\/\/golandpop.com\/index.php\/2019\/06\/28\/argentina-venezuela-a-todo-o-nada-en-el-marcana\/#breadcrumb\"},\"inLanguage\":\"es-AR\",\"potentialAction\":[{\"@type\":\"ReadAction\",\"target\":[\"https:\/\/golandpop.com\/index.php\/2019\/06\/28\/argentina-venezuela-a-todo-o-nada-en-el-marcana\/\"]}]},{\"@type\":\"ImageObject\",\"inLanguage\":\"es-AR\",\"@id\":\"https:\/\/golandpop.com\/index.php\/2019\/06\/28\/argentina-venezuela-a-todo-o-nada-en-el-marcana\/#primaryimage\",\"url\":\"https:\/\/golandpop.com\/wp-content\/uploads\/2019\/06\/venezuelavsargentina-777px.jpg\",\"contentUrl\":\"https:\/\/golandpop.com\/wp-content\/uploads\/2019\/06\/venezuelavsargentina-777px.jpg\",\"width\":777,\"height\":486},{\"@type\":\"BreadcrumbList\",\"@id\":\"https:\/\/golandpop.com\/index.php\/2019\/06\/28\/argentina-venezuela-a-todo-o-nada-en-el-marcana\/#breadcrumb\",\"itemListElement\":[{\"@type\":\"ListItem\",\"position\":1,\"name\":\"Inicio\",\"item\":\"https:\/\/golandpop.com\/\"},{\"@type\":\"ListItem\",\"position\":2,\"name\":\"Argentina &#8211; Venezuela: a todo o nada en el Marcan\u00e1\"}]},{\"@type\":\"WebSite\",\"@id\":\"https:\/\/golandpop.com\/#website\",\"url\":\"https:\/\/golandpop.com\/\",\"name\":\"Golandpop\",\"description\":\"\",\"publisher\":{\"@id\":\"https:\/\/golandpop.com\/#organization\"},\"potentialAction\":[{\"@type\":\"SearchAction\",\"target\":{\"@type\":\"EntryPoint\",\"urlTemplate\":\"https:\/\/golandpop.com\/?s={search_term_string}\"},\"query-input\":{\"@type\":\"PropertyValueSpecification\",\"valueRequired\":true,\"valueName\":\"search_term_string\"}}],\"inLanguage\":\"es-AR\"},{\"@type\":\"Organization\",\"@id\":\"https:\/\/golandpop.com\/#organization\",\"name\":\"GolandPop\",\"url\":\"https:\/\/golandpop.com\/\",\"logo\":{\"@type\":\"ImageObject\",\"inLanguage\":\"es-AR\",\"@id\":\"https:\/\/golandpop.com\/#\/schema\/logo\/image\/\",\"url\":\"https:\/\/golandpop.com\/wp-content\/uploads\/2020\/04\/favicon_gol_pop.png\",\"contentUrl\":\"https:\/\/golandpop.com\/wp-content\/uploads\/2020\/04\/favicon_gol_pop.png\",\"width\":246,\"height\":246,\"caption\":\"GolandPop\"},\"image\":{\"@id\":\"https:\/\/golandpop.com\/#\/schema\/logo\/image\/\"},\"sameAs\":[\"https:\/\/x.com\/golandpop\",\"https:\/\/www.instagram.com\/golandpopcordoba\/\"]},{\"@type\":\"Person\",\"@id\":\"https:\/\/golandpop.com\/#\/schema\/person\/2809725861e0da25eaffe2d9b29c9613\",\"name\":\"Gol&amp;Pop\",\"image\":{\"@type\":\"ImageObject\",\"inLanguage\":\"es-AR\",\"@id\":\"https:\/\/golandpop.com\/#\/schema\/person\/image\/\",\"url\":\"https:\/\/secure.gravatar.com\/avatar\/9a87ee051ca8c77f5d4070843ce2c78cdf95b858b950fb039151de955122f5f5?s=96&d=mm&r=g\",\"contentUrl\":\"https:\/\/secure.gravatar.com\/avatar\/9a87ee051ca8c77f5d4070843ce2c78cdf95b858b950fb039151de955122f5f5?s=96&d=mm&r=g\",\"caption\":\"Gol&amp;Pop\"},\"sameAs\":[\"http:\/\/golandpop.com\"],\"url\":\"https:\/\/golandpop.com\/index.php\/author\/admin\/\"}]}<\/script>\n<!-- \/ Yoast SEO plugin. -->","yoast_head_json":{"title":"Argentina - Venezuela: a todo o nada en el Marcan\u00e1 - Golandpop","robots":{"index":"index","follow":"follow","max-snippet":"max-snippet:-1","max-image-preview":"max-image-preview:large","max-video-preview":"max-video-preview:-1"},"canonical":"https:\/\/golandpop.com\/index.php\/2019\/06\/28\/argentina-venezuela-a-todo-o-nada-en-el-marcana\/","og_locale":"es_ES","og_type":"article","og_title":"Argentina - Venezuela: a todo o nada en el Marcan\u00e1 - Golandpop","og_description":"La Selecci\u00f3n Argentina tendr\u00e1 este viernes una nueva prueba que superar en su duelo de cuartos de final de la Copa Am\u00e9rica contra una dura Venezuela, que tuvo buenas actuaciones en sus \u00faltimos tres choques ante la albiceleste. El partido de esta ocasi\u00f3n se disputar\u00e1 en el estadio Maracan\u00e1, de Rio de Janeiro, desde las [&hellip;]","og_url":"https:\/\/golandpop.com\/index.php\/2019\/06\/28\/argentina-venezuela-a-todo-o-nada-en-el-marcana\/","og_site_name":"Golandpop","article_published_time":"2019-06-28T03:54:39+00:00","og_image":[{"width":777,"height":486,"url":"https:\/\/golandpop.com\/wp-content\/uploads\/2019\/06\/venezuelavsargentina-777px.jpg","type":"image\/jpeg"}],"author":"Gol&amp;Pop","twitter_card":"summary_large_image","twitter_creator":"@golandpop","twitter_site":"@golandpop","twitter_misc":{"Escrito por":"Gol&amp;Pop","Tiempo de lectura":"1 minuto"},"schema":{"@context":"https:\/\/schema.org","@graph":[{"@type":"Article","@id":"https:\/\/golandpop.com\/index.php\/2019\/06\/28\/argentina-venezuela-a-todo-o-nada-en-el-marcana\/#article","isPartOf":{"@id":"https:\/\/golandpop.com\/index.php\/2019\/06\/28\/argentina-venezuela-a-todo-o-nada-en-el-marcana\/"},"author":{"name":"Gol&amp;Pop","@id":"https:\/\/golandpop.com\/#\/schema\/person\/2809725861e0da25eaffe2d9b29c9613"},"headline":"Argentina &#8211; Venezuela: a todo o nada en el Marcan\u00e1","datePublished":"2019-06-28T03:54:39+00:00","mainEntityOfPage":{"@id":"https:\/\/golandpop.com\/index.php\/2019\/06\/28\/argentina-venezuela-a-todo-o-nada-en-el-marcana\/"},"wordCount":254,"commentCount":0,"publisher":{"@id":"https:\/\/golandpop.com\/#organization"},"image":{"@id":"https:\/\/golandpop.com\/index.php\/2019\/06\/28\/argentina-venezuela-a-todo-o-nada-en-el-marcana\/#primaryimage"},"thumbnailUrl":"https:\/\/golandpop.com\/wp-content\/uploads\/2019\/06\/venezuelavsargentina-777px.jpg","keywords":["Copa Am\u00e9rica","destacado","Selecci\u00f3n Argentina","Venezuela"],"articleSection":["F\u00fatbol Internacional"],"inLanguage":"es-AR"},{"@type":"WebPage","@id":"https:\/\/golandpop.com\/index.php\/2019\/06\/28\/argentina-venezuela-a-todo-o-nada-en-el-marcana\/","url":"https:\/\/golandpop.com\/index.php\/2019\/06\/28\/argentina-venezuela-a-todo-o-nada-en-el-marcana\/","name":"Argentina - Venezuela: a todo o nada en el Marcan\u00e1 - Golandpop","isPartOf":{"@id":"https:\/\/golandpop.com\/#website"},"primaryImageOfPage":{"@id":"https:\/\/golandpop.com\/index.php\/2019\/06\/28\/argentina-venezuela-a-todo-o-nada-en-el-marcana\/#primaryimage"},"image":{"@id":"https:\/\/golandpop.com\/index.php\/2019\/06\/28\/argentina-venezuela-a-todo-o-nada-en-el-marcana\/#primaryimage"},"thumbnailUrl":"https:\/\/golandpop.com\/wp-content\/uploads\/2019\/06\/venezuelavsargentina-777px.jpg","datePublished":"2019-06-28T03:54:39+00:00","breadcrumb":{"@id":"https:\/\/golandpop.com\/index.php\/2019\/06\/28\/argentina-venezuela-a-todo-o-nada-en-el-marcana\/#breadcrumb"},"inLanguage":"es-AR","potentialAction":[{"@type":"ReadAction","target":["https:\/\/golandpop.com\/index.php\/2019\/06\/28\/argentina-venezuela-a-todo-o-nada-en-el-marcana\/"]}]},{"@type":"ImageObject","inLanguage":"es-AR","@id":"https:\/\/golandpop.com\/index.php\/2019\/06\/28\/argentina-venezuela-a-todo-o-nada-en-el-marcana\/#primaryimage","url":"https:\/\/golandpop.com\/wp-content\/uploads\/2019\/06\/venezuelavsargentina-777px.jpg","contentUrl":"https:\/\/golandpop.com\/wp-content\/uploads\/2019\/06\/venezuelavsargentina-777px.jpg","width":777,"height":486},{"@type":"BreadcrumbList","@id":"https:\/\/golandpop.com\/index.php\/2019\/06\/28\/argentina-venezuela-a-todo-o-nada-en-el-marcana\/#breadcrumb","itemListElement":[{"@type":"ListItem","position":1,"name":"Inicio","item":"https:\/\/golandpop.com\/"},{"@type":"ListItem","position":2,"name":"Argentina &#8211; Venezuela: a todo o nada en el Marcan\u00e1"}]},{"@type":"WebSite","@id":"https:\/\/golandpop.com\/#website","url":"https:\/\/golandpop.com\/","name":"Golandpop","description":"","publisher":{"@id":"https:\/\/golandpop.com\/#organization"},"potentialAction":[{"@type":"SearchAction","target":{"@type":"EntryPoint","urlTemplate":"https:\/\/golandpop.com\/?s={search_term_string}"},"query-input":{"@type":"PropertyValueSpecification","valueRequired":true,"valueName":"search_term_string"}}],"inLanguage":"es-AR"},{"@type":"Organization","@id":"https:\/\/golandpop.com\/#organization","name":"GolandPop","url":"https:\/\/golandpop.com\/","logo":{"@type":"ImageObject","inLanguage":"es-AR","@id":"https:\/\/golandpop.com\/#\/schema\/logo\/image\/","url":"https:\/\/golandpop.com\/wp-content\/uploads\/2020\/04\/favicon_gol_pop.png","contentUrl":"https:\/\/golandpop.com\/wp-content\/uploads\/2020\/04\/favicon_gol_pop.png","width":246,"height":246,"caption":"GolandPop"},"image":{"@id":"https:\/\/golandpop.com\/#\/schema\/logo\/image\/"},"sameAs":["https:\/\/x.com\/golandpop","https:\/\/www.instagram.com\/golandpopcordoba\/"]},{"@type":"Person","@id":"https:\/\/golandpop.com\/#\/schema\/person\/2809725861e0da25eaffe2d9b29c9613","name":"Gol&amp;Pop","image":{"@type":"ImageObject","inLanguage":"es-AR","@id":"https:\/\/golandpop.com\/#\/schema\/person\/image\/","url":"https:\/\/secure.gravatar.com\/avatar\/9a87ee051ca8c77f5d4070843ce2c78cdf95b858b950fb039151de955122f5f5?s=96&d=mm&r=g","contentUrl":"https:\/\/secure.gravatar.com\/avatar\/9a87ee051ca8c77f5d4070843ce2c78cdf95b858b950fb039151de955122f5f5?s=96&d=mm&r=g","caption":"Gol&amp;Pop"},"sameAs":["http:\/\/golandpop.com"],"url":"https:\/\/golandpop.com\/index.php\/author\/admin\/"}]}},"_links":{"self":[{"href":"https:\/\/golandpop.com\/index.php\/wp-json\/wp\/v2\/posts\/1251","targetHints":{"allow":["GET"]}}],"collection":[{"href":"https:\/\/golandpop.com\/index.php\/wp-json\/wp\/v2\/posts"}],"about":[{"href":"https:\/\/golandpop.com\/index.php\/wp-json\/wp\/v2\/types\/post"}],"author":[{"embeddable":true,"href":"https:\/\/golandpop.com\/index.php\/wp-json\/wp\/v2\/users\/1"}],"replies":[{"embeddable":true,"href":"https:\/\/golandpop.com\/index.php\/wp-json\/wp\/v2\/comments?post=1251"}],"version-history":[{"count":0,"href":"https:\/\/golandpop.com\/index.php\/wp-json\/wp\/v2\/posts\/1251\/revisions"}],"wp:featuredmedia":[{"embeddable":true,"href":"https:\/\/golandpop.com\/index.php\/wp-json\/wp\/v2\/media\/1252"}],"wp:attachment":[{"href":"https:\/\/golandpop.com\/index.php\/wp-json\/wp\/v2\/media?parent=1251"}],"wp:term":[{"taxonomy":"category","embeddable":true,"href":"https:\/\/golandpop.com\/index.php\/wp-json\/wp\/v2\/categories?post=1251"},{"taxonomy":"post_tag","embeddable":true,"href":"https:\/\/golandpop.com\/index.php\/wp-json\/wp\/v2\/tags?post=1251"}],"curies":[{"name":"wp","href":"https:\/\/api.w.org\/{rel}","templated":true}]}}