{"id":12200,"date":"2021-07-19T20:08:18","date_gmt":"2021-07-19T23:08:18","guid":{"rendered":"https:\/\/golandpop.com\/?p=12200"},"modified":"2021-07-19T20:09:02","modified_gmt":"2021-07-19T23:09:02","slug":"belgrano-y-una-remontada-agonica-sobre-el-final-ante-quilmes","status":"publish","type":"post","link":"https:\/\/golandpop.com\/index.php\/2021\/07\/19\/belgrano-y-una-remontada-agonica-sobre-el-final-ante-quilmes\/","title":{"rendered":"Belgrano y una remontada ag\u00f3nica sobre el final ante Quilmes"},"content":{"rendered":"\n<p>En la \u00faltima fecha de la <a href=\"https:\/\/golandpop.com\/?s=primera+nacional\">Primera Nacional<\/a>, Belgrano remont\u00f3 con goles de Pablo Vegetti, Agust\u00edn Garc\u00eda Basso (EC) y Santiago Longo. Se qued\u00f3 con la victoria en su visita a Quilmes en el Estadio Centenario. <\/p>\n\n\n\n<figure class=\"wp-block-image\"><img decoding=\"async\" src=\"https:\/\/cdn.eldoce.tv\/sites\/default\/files\/styles\/site_nota_slider_contenido\/public\/nota\/2021\/07\/19\/belgrano-quilmes-primera-nacional-futbol-argentino.jpg?itok=--U0f_N2\" alt=\"belgrano-quilmes-primera-nacional-futbol-argentino\"\/><\/figure>\n\n\n\n<p>Para el encuentro 17 de la Zona A, en a penas 7&#8242;, <a href=\"https:\/\/golandpop.com\/?s=belgrano\">Belgrano<\/a> sufri\u00f3 un golpe an\u00edmico tras una jugada de Facundo Pons. Qui\u00e9n aprovech\u00f3 un error de la defensa para disparar al arco de Nahuel Losada y marcar el primer gol. Con el correr de los minutos, despu\u00e9s de que el <a href=\"https:\/\/golandpop.com\/?s=arbitro\">\u00e1rbitro<\/a> le negara un penal al Pirata por un agarr\u00f3n en el \u00e1rea a Vegetti, logr\u00f3 acomodarse pero sin poder lastimar al adversario. Ya sobre el final, Asprea tuvo la chance de igualar el <a href=\"https:\/\/golandpop.com\/index.php\/category\/futbol\/\">encuentro<\/a>, pero el remate dio en Barinaga, que tampoco pudo concretar. As\u00ed los de Guillermo Farr\u00e9 se iban al descanso 1 a 0 abajo. <\/p>\n\n\n\n<p>En el complemento, luego de que Nahuel Tecilla y Nahuel Losada evitaran el segundo de Quilmes tras dos chances claras de gol, el capit\u00e1n cordob\u00e9s convirti\u00f3 desde los doce pasos. Luego de que el \u00e1rbitro cobrara penal por una infracci\u00f3n en el \u00e1rea a Wilfredo Olivera. Desde el gol de la &#8220;B&#8221; a los 9&#8242;, los de Alberdi encararon el partido con otra actitud, pero luego de un centro cruzado en el \u00e1rea Celeste, un choque de Tecilla a su rival hizo que el \u00e1rbitro cobrara el segundo penal a favor del local. M\u00e1s tarde, Tom\u00e1s Blanco por un remate fuerte al medio lo convirti\u00f3 en gol a los 25&#8242; y le daba la victoria al Cervecero por 2 a 1.<\/p>\n\n\n\n<p>El segundo gol del conjunto de Guillermo Farr\u00e9, lleg\u00f3 junto con el reci\u00e9n ingresado Lima, qui\u00e9n tir\u00f3 un centro por la izquierda para conectar con Vegetti. Sin embargo, Garc\u00eda Basso se anticip\u00f3 y de cabeza convirti\u00f3 dentro de su propio arco, d\u00e1ndole el empate por 2-2. En el \u00faltimo minuto, Santiago Longo, quien ingres\u00f3 en el segundo tiempo por Emiliano Romero, se anticipo al primer palo y marc\u00f3 el tercero, luego de estar dos veces abajo en el marcador.<\/p>\n\n\n\n<figure class=\"wp-block-embed-twitter wp-block-embed is-type-rich is-provider-twitter\"><div class=\"wp-block-embed__wrapper\">\n<blockquote class=\"twitter-tweet\" data-width=\"550\" data-dnt=\"true\"><p lang=\"es\" dir=\"ltr\">\u2620\ufe0f\ud83c\udff4\u200d\u2620\ufe0f \u00a1AG\u00d3NICO TRIUNFAZO DEL PIRATA! <a href=\"https:\/\/twitter.com\/hashtag\/Belgrano?src=hash&amp;ref_src=twsrc%5Etfw\">#Belgrano<\/a> corri\u00f3 de atr\u00e1s y le gan\u00f3 sobre el final 3-2 a <a href=\"https:\/\/twitter.com\/hashtag\/Quilmes?src=hash&amp;ref_src=twsrc%5Etfw\">#Quilmes<\/a>, por la fecha 17 de la <a href=\"https:\/\/twitter.com\/hashtag\/PrimeraNacional?src=hash&amp;ref_src=twsrc%5Etfw\">#PrimeraNacional<\/a> \u00bfLos goles? Vegetti, Garc\u00eda Basso (e\/c) y Longo; Pons y Blanco de penal.<br><br>\ud83d\udcfb Lo viviste junto a Cadena <a href=\"https:\/\/twitter.com\/golandpop?ref_src=twsrc%5Etfw\">@golandpop<\/a> en <a href=\"https:\/\/twitter.com\/radio10cba?ref_src=twsrc%5Etfw\">@radio10cba<\/a> FM 106.1 <a href=\"https:\/\/t.co\/TC4U8Fq3iV\">pic.twitter.com\/TC4U8Fq3iV<\/a><\/p>&mdash; GOLANDPOP (@golandpop) <a href=\"https:\/\/twitter.com\/golandpop\/status\/1417211876283453442?ref_src=twsrc%5Etfw\">July 19, 2021<\/a><\/blockquote><script async src=\"https:\/\/platform.twitter.com\/widgets.js\" charset=\"utf-8\"><\/script>\n<\/div><\/figure>\n\n\n\n<p><strong>FORMACIONES:<\/strong><\/p>\n\n\n\n<p><strong>Quilmes:&nbsp;<\/strong>Rodrigo Saracho; Rodrigo Moreira, Agust\u00edn Garc\u00eda Basso y Ramiro Arias; Mart\u00edn Ortega, Adri\u00e1n Calello, Brandon Obreg\u00f3n y Emanuel Moreno; Juli\u00e1n Bonetto, Barbieri y Facundo Pons.<\/p>\n\n\n\n<p><strong>Belgrano:&nbsp;<\/strong>Nahuel Losada; Juan Barinaga, Wilfredo Olivera, Diego Novaretti y Axel Ochoa; Tom\u00e1s Asprea, Bruno Zapelli o Ulises S\u00e1nchez, Emiliano Romero y Mariano Mi\u00f1o; Adri\u00e1n Balboa y Pablo Vegetti.<\/p>\n\n\n\n<p><strong>Amarillas:<\/strong> <\/p>\n\n\n\n<p><strong>Quilmes:<\/strong> Emanuel Moreno (29&#8242;), Ramiro Arias (51&#8242;), Mart\u00edn Ortega (52&#8242;)<\/p>\n\n\n\n<p><strong>Belgrano:<\/strong> Nahuel Tecilla (13&#8242;), Emiliano Romero (36&#8242;), Axel Ochoa (60&#8242;), Juan Pablo Ruiz G\u00f3mez (87&#8242;)<\/p>\n\n\n\n<p><strong>Cambios:<\/strong> <\/p>\n\n\n\n<p><strong>Quilmes:<\/strong> Mariano Pavone por Mariano Barbieri, Tom\u00e1s Blanco por Facundo Pons(62&#8242;), Pier Barrios por Ramiro Arias, Mat\u00edas Villarreal por Juli\u00e1n Bonetto (72&#8242;), Agustin Bindella por Emanuel Moreno (85&#8242;)<\/p>\n\n\n\n<p><strong>Belgrano:<\/strong> Adolfo Lima por Axel Ochoa, Ulises S\u00e1nche por Tom\u00e1s Asprea (73&#8242;), Juan Pablo Ruiz G\u00f3mez por Alan Mi\u00f1o, Santiago Longo por Emiliano Romero (82&#8242;)<\/p>\n\n\n\n<figure class=\"wp-block-audio\"><audio controls src=\"https:\/\/golandpop.com\/wp-content\/uploads\/2021\/07\/Tercer-gol-de-Belgrano-frente-a-Quilmes-Longo.mp3\"><\/audio><figcaption>Relat\u00f3 Santiago Colazo &#8211; Coment\u00f3 Agust\u00edn Arguello Lobo<\/figcaption><\/figure>\n","protected":false},"excerpt":{"rendered":"<p>En la \u00faltima fecha de la Primera Nacional, Belgrano remont\u00f3 con goles de Pablo Vegetti, Agust\u00edn Garc\u00eda Basso (EC) y Santiago Longo. Se qued\u00f3 con la victoria en su visita a Quilmes en el Estadio Centenario. Para el encuentro 17 de la Zona A, en a penas 7&#8242;, Belgrano sufri\u00f3 un golpe an\u00edmico tras una [&hellip;]<\/p>\n","protected":false},"author":1,"featured_media":12205,"comment_status":"open","ping_status":"open","sticky":false,"template":"","format":"standard","meta":{"footnotes":""},"categories":[29,33,39],"tags":[97,950,226,630],"class_list":["post-12200","post","type-post","status-publish","format-standard","has-post-thumbnail","hentry","category-agenda","category-belgrano","category-futbol","tag-belgrano","tag-portada","tag-primera-nacional","tag-quilmes"],"yoast_head":"<!-- This site is optimized with the Yoast SEO plugin v26.1.1 - https:\/\/yoast.com\/wordpress\/plugins\/seo\/ -->\n<title>Belgrano y una remontada ag\u00f3nica sobre el final ante Quilmes - Golandpop<\/title>\n<meta name=\"robots\" content=\"index, follow, max-snippet:-1, max-image-preview:large, max-video-preview:-1\" \/>\n<link rel=\"canonical\" href=\"https:\/\/golandpop.com\/index.php\/2021\/07\/19\/belgrano-y-una-remontada-agonica-sobre-el-final-ante-quilmes\/\" \/>\n<meta property=\"og:locale\" content=\"es_ES\" \/>\n<meta property=\"og:type\" content=\"article\" \/>\n<meta property=\"og:title\" content=\"Belgrano y una remontada ag\u00f3nica sobre el final ante Quilmes - Golandpop\" \/>\n<meta property=\"og:description\" content=\"En la \u00faltima fecha de la Primera Nacional, Belgrano remont\u00f3 con goles de Pablo Vegetti, Agust\u00edn Garc\u00eda Basso (EC) y Santiago Longo. Se qued\u00f3 con la victoria en su visita a Quilmes en el Estadio Centenario. Para el encuentro 17 de la Zona A, en a penas 7&#8242;, Belgrano sufri\u00f3 un golpe an\u00edmico tras una [&hellip;]\" \/>\n<meta property=\"og:url\" content=\"https:\/\/golandpop.com\/index.php\/2021\/07\/19\/belgrano-y-una-remontada-agonica-sobre-el-final-ante-quilmes\/\" \/>\n<meta property=\"og:site_name\" content=\"Golandpop\" \/>\n<meta property=\"article:published_time\" content=\"2021-07-19T23:08:18+00:00\" \/>\n<meta property=\"article:modified_time\" content=\"2021-07-19T23:09:02+00:00\" \/>\n<meta property=\"og:image\" content=\"https:\/\/golandpop.com\/wp-content\/uploads\/2021\/07\/E6rfnNZXMAMDnWR.jpg\" \/>\n\t<meta property=\"og:image:width\" content=\"950\" \/>\n\t<meta property=\"og:image:height\" content=\"633\" \/>\n\t<meta property=\"og:image:type\" content=\"image\/jpeg\" \/>\n<meta name=\"author\" content=\"Gol&amp;Pop\" \/>\n<meta name=\"twitter:card\" content=\"summary_large_image\" \/>\n<meta name=\"twitter:creator\" content=\"@golandpop\" \/>\n<meta name=\"twitter:site\" content=\"@golandpop\" \/>\n<meta name=\"twitter:label1\" content=\"Escrito por\" \/>\n\t<meta name=\"twitter:data1\" content=\"Gol&amp;Pop\" \/>\n\t<meta name=\"twitter:label2\" content=\"Tiempo de lectura\" \/>\n\t<meta name=\"twitter:data2\" content=\"3 minutos\" \/>\n<script type=\"application\/ld+json\" class=\"yoast-schema-graph\">{\"@context\":\"https:\/\/schema.org\",\"@graph\":[{\"@type\":\"Article\",\"@id\":\"https:\/\/golandpop.com\/index.php\/2021\/07\/19\/belgrano-y-una-remontada-agonica-sobre-el-final-ante-quilmes\/#article\",\"isPartOf\":{\"@id\":\"https:\/\/golandpop.com\/index.php\/2021\/07\/19\/belgrano-y-una-remontada-agonica-sobre-el-final-ante-quilmes\/\"},\"author\":{\"name\":\"Gol&amp;Pop\",\"@id\":\"https:\/\/golandpop.com\/#\/schema\/person\/2809725861e0da25eaffe2d9b29c9613\"},\"headline\":\"Belgrano y una remontada ag\u00f3nica sobre el final ante Quilmes\",\"datePublished\":\"2021-07-19T23:08:18+00:00\",\"dateModified\":\"2021-07-19T23:09:02+00:00\",\"mainEntityOfPage\":{\"@id\":\"https:\/\/golandpop.com\/index.php\/2021\/07\/19\/belgrano-y-una-remontada-agonica-sobre-el-final-ante-quilmes\/\"},\"wordCount\":525,\"commentCount\":0,\"publisher\":{\"@id\":\"https:\/\/golandpop.com\/#organization\"},\"image\":{\"@id\":\"https:\/\/golandpop.com\/index.php\/2021\/07\/19\/belgrano-y-una-remontada-agonica-sobre-el-final-ante-quilmes\/#primaryimage\"},\"thumbnailUrl\":\"https:\/\/golandpop.com\/wp-content\/uploads\/2021\/07\/E6rfnNZXMAMDnWR.jpg\",\"keywords\":[\"Belgrano\",\"portada\",\"Primera Nacional\",\"Quilmes\"],\"articleSection\":[\"Agenda\",\"Belgrano\",\"F\u00fatbol\"],\"inLanguage\":\"es-AR\"},{\"@type\":\"WebPage\",\"@id\":\"https:\/\/golandpop.com\/index.php\/2021\/07\/19\/belgrano-y-una-remontada-agonica-sobre-el-final-ante-quilmes\/\",\"url\":\"https:\/\/golandpop.com\/index.php\/2021\/07\/19\/belgrano-y-una-remontada-agonica-sobre-el-final-ante-quilmes\/\",\"name\":\"Belgrano y una remontada ag\u00f3nica sobre el final ante Quilmes - Golandpop\",\"isPartOf\":{\"@id\":\"https:\/\/golandpop.com\/#website\"},\"primaryImageOfPage\":{\"@id\":\"https:\/\/golandpop.com\/index.php\/2021\/07\/19\/belgrano-y-una-remontada-agonica-sobre-el-final-ante-quilmes\/#primaryimage\"},\"image\":{\"@id\":\"https:\/\/golandpop.com\/index.php\/2021\/07\/19\/belgrano-y-una-remontada-agonica-sobre-el-final-ante-quilmes\/#primaryimage\"},\"thumbnailUrl\":\"https:\/\/golandpop.com\/wp-content\/uploads\/2021\/07\/E6rfnNZXMAMDnWR.jpg\",\"datePublished\":\"2021-07-19T23:08:18+00:00\",\"dateModified\":\"2021-07-19T23:09:02+00:00\",\"breadcrumb\":{\"@id\":\"https:\/\/golandpop.com\/index.php\/2021\/07\/19\/belgrano-y-una-remontada-agonica-sobre-el-final-ante-quilmes\/#breadcrumb\"},\"inLanguage\":\"es-AR\",\"potentialAction\":[{\"@type\":\"ReadAction\",\"target\":[\"https:\/\/golandpop.com\/index.php\/2021\/07\/19\/belgrano-y-una-remontada-agonica-sobre-el-final-ante-quilmes\/\"]}]},{\"@type\":\"ImageObject\",\"inLanguage\":\"es-AR\",\"@id\":\"https:\/\/golandpop.com\/index.php\/2021\/07\/19\/belgrano-y-una-remontada-agonica-sobre-el-final-ante-quilmes\/#primaryimage\",\"url\":\"https:\/\/golandpop.com\/wp-content\/uploads\/2021\/07\/E6rfnNZXMAMDnWR.jpg\",\"contentUrl\":\"https:\/\/golandpop.com\/wp-content\/uploads\/2021\/07\/E6rfnNZXMAMDnWR.jpg\",\"width\":950,\"height\":633},{\"@type\":\"BreadcrumbList\",\"@id\":\"https:\/\/golandpop.com\/index.php\/2021\/07\/19\/belgrano-y-una-remontada-agonica-sobre-el-final-ante-quilmes\/#breadcrumb\",\"itemListElement\":[{\"@type\":\"ListItem\",\"position\":1,\"name\":\"Inicio\",\"item\":\"https:\/\/golandpop.com\/\"},{\"@type\":\"ListItem\",\"position\":2,\"name\":\"Belgrano y una remontada ag\u00f3nica sobre el final ante Quilmes\"}]},{\"@type\":\"WebSite\",\"@id\":\"https:\/\/golandpop.com\/#website\",\"url\":\"https:\/\/golandpop.com\/\",\"name\":\"Golandpop\",\"description\":\"\",\"publisher\":{\"@id\":\"https:\/\/golandpop.com\/#organization\"},\"potentialAction\":[{\"@type\":\"SearchAction\",\"target\":{\"@type\":\"EntryPoint\",\"urlTemplate\":\"https:\/\/golandpop.com\/?s={search_term_string}\"},\"query-input\":{\"@type\":\"PropertyValueSpecification\",\"valueRequired\":true,\"valueName\":\"search_term_string\"}}],\"inLanguage\":\"es-AR\"},{\"@type\":\"Organization\",\"@id\":\"https:\/\/golandpop.com\/#organization\",\"name\":\"GolandPop\",\"url\":\"https:\/\/golandpop.com\/\",\"logo\":{\"@type\":\"ImageObject\",\"inLanguage\":\"es-AR\",\"@id\":\"https:\/\/golandpop.com\/#\/schema\/logo\/image\/\",\"url\":\"https:\/\/golandpop.com\/wp-content\/uploads\/2020\/04\/favicon_gol_pop.png\",\"contentUrl\":\"https:\/\/golandpop.com\/wp-content\/uploads\/2020\/04\/favicon_gol_pop.png\",\"width\":246,\"height\":246,\"caption\":\"GolandPop\"},\"image\":{\"@id\":\"https:\/\/golandpop.com\/#\/schema\/logo\/image\/\"},\"sameAs\":[\"https:\/\/x.com\/golandpop\",\"https:\/\/www.instagram.com\/golandpopcordoba\/\"]},{\"@type\":\"Person\",\"@id\":\"https:\/\/golandpop.com\/#\/schema\/person\/2809725861e0da25eaffe2d9b29c9613\",\"name\":\"Gol&amp;Pop\",\"image\":{\"@type\":\"ImageObject\",\"inLanguage\":\"es-AR\",\"@id\":\"https:\/\/golandpop.com\/#\/schema\/person\/image\/\",\"url\":\"https:\/\/secure.gravatar.com\/avatar\/9a87ee051ca8c77f5d4070843ce2c78cdf95b858b950fb039151de955122f5f5?s=96&d=mm&r=g\",\"contentUrl\":\"https:\/\/secure.gravatar.com\/avatar\/9a87ee051ca8c77f5d4070843ce2c78cdf95b858b950fb039151de955122f5f5?s=96&d=mm&r=g\",\"caption\":\"Gol&amp;Pop\"},\"sameAs\":[\"http:\/\/golandpop.com\"],\"url\":\"https:\/\/golandpop.com\/index.php\/author\/admin\/\"}]}<\/script>\n<!-- \/ Yoast SEO plugin. -->","yoast_head_json":{"title":"Belgrano y una remontada ag\u00f3nica sobre el final ante Quilmes - Golandpop","robots":{"index":"index","follow":"follow","max-snippet":"max-snippet:-1","max-image-preview":"max-image-preview:large","max-video-preview":"max-video-preview:-1"},"canonical":"https:\/\/golandpop.com\/index.php\/2021\/07\/19\/belgrano-y-una-remontada-agonica-sobre-el-final-ante-quilmes\/","og_locale":"es_ES","og_type":"article","og_title":"Belgrano y una remontada ag\u00f3nica sobre el final ante Quilmes - Golandpop","og_description":"En la \u00faltima fecha de la Primera Nacional, Belgrano remont\u00f3 con goles de Pablo Vegetti, Agust\u00edn Garc\u00eda Basso (EC) y Santiago Longo. Se qued\u00f3 con la victoria en su visita a Quilmes en el Estadio Centenario. Para el encuentro 17 de la Zona A, en a penas 7&#8242;, Belgrano sufri\u00f3 un golpe an\u00edmico tras una [&hellip;]","og_url":"https:\/\/golandpop.com\/index.php\/2021\/07\/19\/belgrano-y-una-remontada-agonica-sobre-el-final-ante-quilmes\/","og_site_name":"Golandpop","article_published_time":"2021-07-19T23:08:18+00:00","article_modified_time":"2021-07-19T23:09:02+00:00","og_image":[{"width":950,"height":633,"url":"https:\/\/golandpop.com\/wp-content\/uploads\/2021\/07\/E6rfnNZXMAMDnWR.jpg","type":"image\/jpeg"}],"author":"Gol&amp;Pop","twitter_card":"summary_large_image","twitter_creator":"@golandpop","twitter_site":"@golandpop","twitter_misc":{"Escrito por":"Gol&amp;Pop","Tiempo de lectura":"3 minutos"},"schema":{"@context":"https:\/\/schema.org","@graph":[{"@type":"Article","@id":"https:\/\/golandpop.com\/index.php\/2021\/07\/19\/belgrano-y-una-remontada-agonica-sobre-el-final-ante-quilmes\/#article","isPartOf":{"@id":"https:\/\/golandpop.com\/index.php\/2021\/07\/19\/belgrano-y-una-remontada-agonica-sobre-el-final-ante-quilmes\/"},"author":{"name":"Gol&amp;Pop","@id":"https:\/\/golandpop.com\/#\/schema\/person\/2809725861e0da25eaffe2d9b29c9613"},"headline":"Belgrano y una remontada ag\u00f3nica sobre el final ante Quilmes","datePublished":"2021-07-19T23:08:18+00:00","dateModified":"2021-07-19T23:09:02+00:00","mainEntityOfPage":{"@id":"https:\/\/golandpop.com\/index.php\/2021\/07\/19\/belgrano-y-una-remontada-agonica-sobre-el-final-ante-quilmes\/"},"wordCount":525,"commentCount":0,"publisher":{"@id":"https:\/\/golandpop.com\/#organization"},"image":{"@id":"https:\/\/golandpop.com\/index.php\/2021\/07\/19\/belgrano-y-una-remontada-agonica-sobre-el-final-ante-quilmes\/#primaryimage"},"thumbnailUrl":"https:\/\/golandpop.com\/wp-content\/uploads\/2021\/07\/E6rfnNZXMAMDnWR.jpg","keywords":["Belgrano","portada","Primera Nacional","Quilmes"],"articleSection":["Agenda","Belgrano","F\u00fatbol"],"inLanguage":"es-AR"},{"@type":"WebPage","@id":"https:\/\/golandpop.com\/index.php\/2021\/07\/19\/belgrano-y-una-remontada-agonica-sobre-el-final-ante-quilmes\/","url":"https:\/\/golandpop.com\/index.php\/2021\/07\/19\/belgrano-y-una-remontada-agonica-sobre-el-final-ante-quilmes\/","name":"Belgrano y una remontada ag\u00f3nica sobre el final ante Quilmes - Golandpop","isPartOf":{"@id":"https:\/\/golandpop.com\/#website"},"primaryImageOfPage":{"@id":"https:\/\/golandpop.com\/index.php\/2021\/07\/19\/belgrano-y-una-remontada-agonica-sobre-el-final-ante-quilmes\/#primaryimage"},"image":{"@id":"https:\/\/golandpop.com\/index.php\/2021\/07\/19\/belgrano-y-una-remontada-agonica-sobre-el-final-ante-quilmes\/#primaryimage"},"thumbnailUrl":"https:\/\/golandpop.com\/wp-content\/uploads\/2021\/07\/E6rfnNZXMAMDnWR.jpg","datePublished":"2021-07-19T23:08:18+00:00","dateModified":"2021-07-19T23:09:02+00:00","breadcrumb":{"@id":"https:\/\/golandpop.com\/index.php\/2021\/07\/19\/belgrano-y-una-remontada-agonica-sobre-el-final-ante-quilmes\/#breadcrumb"},"inLanguage":"es-AR","potentialAction":[{"@type":"ReadAction","target":["https:\/\/golandpop.com\/index.php\/2021\/07\/19\/belgrano-y-una-remontada-agonica-sobre-el-final-ante-quilmes\/"]}]},{"@type":"ImageObject","inLanguage":"es-AR","@id":"https:\/\/golandpop.com\/index.php\/2021\/07\/19\/belgrano-y-una-remontada-agonica-sobre-el-final-ante-quilmes\/#primaryimage","url":"https:\/\/golandpop.com\/wp-content\/uploads\/2021\/07\/E6rfnNZXMAMDnWR.jpg","contentUrl":"https:\/\/golandpop.com\/wp-content\/uploads\/2021\/07\/E6rfnNZXMAMDnWR.jpg","width":950,"height":633},{"@type":"BreadcrumbList","@id":"https:\/\/golandpop.com\/index.php\/2021\/07\/19\/belgrano-y-una-remontada-agonica-sobre-el-final-ante-quilmes\/#breadcrumb","itemListElement":[{"@type":"ListItem","position":1,"name":"Inicio","item":"https:\/\/golandpop.com\/"},{"@type":"ListItem","position":2,"name":"Belgrano y una remontada ag\u00f3nica sobre el final ante Quilmes"}]},{"@type":"WebSite","@id":"https:\/\/golandpop.com\/#website","url":"https:\/\/golandpop.com\/","name":"Golandpop","description":"","publisher":{"@id":"https:\/\/golandpop.com\/#organization"},"potentialAction":[{"@type":"SearchAction","target":{"@type":"EntryPoint","urlTemplate":"https:\/\/golandpop.com\/?s={search_term_string}"},"query-input":{"@type":"PropertyValueSpecification","valueRequired":true,"valueName":"search_term_string"}}],"inLanguage":"es-AR"},{"@type":"Organization","@id":"https:\/\/golandpop.com\/#organization","name":"GolandPop","url":"https:\/\/golandpop.com\/","logo":{"@type":"ImageObject","inLanguage":"es-AR","@id":"https:\/\/golandpop.com\/#\/schema\/logo\/image\/","url":"https:\/\/golandpop.com\/wp-content\/uploads\/2020\/04\/favicon_gol_pop.png","contentUrl":"https:\/\/golandpop.com\/wp-content\/uploads\/2020\/04\/favicon_gol_pop.png","width":246,"height":246,"caption":"GolandPop"},"image":{"@id":"https:\/\/golandpop.com\/#\/schema\/logo\/image\/"},"sameAs":["https:\/\/x.com\/golandpop","https:\/\/www.instagram.com\/golandpopcordoba\/"]},{"@type":"Person","@id":"https:\/\/golandpop.com\/#\/schema\/person\/2809725861e0da25eaffe2d9b29c9613","name":"Gol&amp;Pop","image":{"@type":"ImageObject","inLanguage":"es-AR","@id":"https:\/\/golandpop.com\/#\/schema\/person\/image\/","url":"https:\/\/secure.gravatar.com\/avatar\/9a87ee051ca8c77f5d4070843ce2c78cdf95b858b950fb039151de955122f5f5?s=96&d=mm&r=g","contentUrl":"https:\/\/secure.gravatar.com\/avatar\/9a87ee051ca8c77f5d4070843ce2c78cdf95b858b950fb039151de955122f5f5?s=96&d=mm&r=g","caption":"Gol&amp;Pop"},"sameAs":["http:\/\/golandpop.com"],"url":"https:\/\/golandpop.com\/index.php\/author\/admin\/"}]}},"_links":{"self":[{"href":"https:\/\/golandpop.com\/index.php\/wp-json\/wp\/v2\/posts\/12200","targetHints":{"allow":["GET"]}}],"collection":[{"href":"https:\/\/golandpop.com\/index.php\/wp-json\/wp\/v2\/posts"}],"about":[{"href":"https:\/\/golandpop.com\/index.php\/wp-json\/wp\/v2\/types\/post"}],"author":[{"embeddable":true,"href":"https:\/\/golandpop.com\/index.php\/wp-json\/wp\/v2\/users\/1"}],"replies":[{"embeddable":true,"href":"https:\/\/golandpop.com\/index.php\/wp-json\/wp\/v2\/comments?post=12200"}],"version-history":[{"count":5,"href":"https:\/\/golandpop.com\/index.php\/wp-json\/wp\/v2\/posts\/12200\/revisions"}],"predecessor-version":[{"id":12208,"href":"https:\/\/golandpop.com\/index.php\/wp-json\/wp\/v2\/posts\/12200\/revisions\/12208"}],"wp:featuredmedia":[{"embeddable":true,"href":"https:\/\/golandpop.com\/index.php\/wp-json\/wp\/v2\/media\/12205"}],"wp:attachment":[{"href":"https:\/\/golandpop.com\/index.php\/wp-json\/wp\/v2\/media?parent=12200"}],"wp:term":[{"taxonomy":"category","embeddable":true,"href":"https:\/\/golandpop.com\/index.php\/wp-json\/wp\/v2\/categories?post=12200"},{"taxonomy":"post_tag","embeddable":true,"href":"https:\/\/golandpop.com\/index.php\/wp-json\/wp\/v2\/tags?post=12200"}],"curies":[{"name":"wp","href":"https:\/\/api.w.org\/{rel}","templated":true}]}}