{"id":12196,"date":"2021-07-19T13:57:20","date_gmt":"2021-07-19T16:57:20","guid":{"rendered":"https:\/\/golandpop.com\/?p=12196"},"modified":"2021-07-19T13:57:25","modified_gmt":"2021-07-19T16:57:25","slug":"instituto-vs-san-telmo-en-vivo-por-primera-nacional-2021","status":"publish","type":"post","link":"https:\/\/golandpop.com\/index.php\/2021\/07\/19\/instituto-vs-san-telmo-en-vivo-por-primera-nacional-2021\/","title":{"rendered":"Instituto vs San Telmo EN VIVO por Primera Nacional 2021"},"content":{"rendered":"\n<a title=\"Radio en vivo!\" href=\"http:\/\/radiosenlinea.xyz\/golandpop\" target=\"_blank\" rel=\"noopener noreferrer\"><img decoding=\"async\" src=\"https:\/\/golandpop.com\/wp-content\/uploads\/2020\/08\/WhatsApp-Image-2020-08-15-at-19.54.59.jpeg\" height=\"100\" alt=\"\"><\/a> <br>\n\n\n\n<p><\/p>\n\n\n\n<p><a href=\"https:\/\/golandpop.com\/?s=instituto\">Instituto <\/a>recibe a\u00a0San Telmo\u00a0en el Monumental de Alta C\u00f3rdoba por la decimos\u00e9ptima fecha de la\u00a0<a href=\"https:\/\/golandpop.com\/index.php\/tag\/primera-nacional\/\">Primera Nacional<\/a>.\u00a0Luis Lobo Medina ser\u00e1 el \u00e1rbitro encargado de impartir justicia. El encuentro lo viv\u00eds desde las 17.10 por la\u00a0<a href=\"https:\/\/golandpop.com\/\">Cadena GolandPop<\/a>\u00a0y\u00a0<a href=\"https:\/\/radio10cba.com.ar\/\">\u00a0Radio 10<\/a>\u00a0FM 106.1.<\/p>\n\n\n\n<p>El local ocupa el puesto 14 en la tabla de posiciones, mientras que el visitante est\u00e1 13 en la lista. Ambos equipos acumulan m\u00e1s empates que victorias y derrotas. <\/p>\n\n\n\n<p><strong><em>Posibles Formaciones: <\/em><\/strong><\/p>\n\n\n\n<p><strong>Instituto:<\/strong> Jorge Carranza; Leonardo Ferreyra, Agust\u00edn G\u00f3mez, Lucas Landa y Rodrigo Mazur; Gustavo Villarruel, Nicol\u00e1s Watson, Alejandro Faurlin y Rodrigo Garro; Dami\u00e1n Arce y Ignacio Huguenet. DT: Marcelo V\u00e1zquez<\/p>\n\n\n\n<p><strong>San Telmo:<\/strong> Alan Gonz\u00e1lez; Lucas Arce, Leandro Hertel, Dami\u00e1n Toledo, Franco Quiroz; Cristian Medina, Alexander Zurita, Lucas Melgarejo, Gast\u00f3n Ada; Esteban Rueda y Thomas Amilvia. DT: Pablo Frontini.<\/p>\n","protected":false},"excerpt":{"rendered":"<p>Instituto recibe a\u00a0San Telmo\u00a0en el Monumental de Alta C\u00f3rdoba por la decimos\u00e9ptima fecha de la\u00a0Primera Nacional.\u00a0Luis Lobo Medina ser\u00e1 el \u00e1rbitro encargado de impartir justicia. El encuentro lo viv\u00eds desde las 17.10 por la\u00a0Cadena GolandPop\u00a0y\u00a0\u00a0Radio 10\u00a0FM 106.1. El local ocupa el puesto 14 en la tabla de posiciones, mientras que el visitante est\u00e1 13 en [&hellip;]<\/p>\n","protected":false},"author":1,"featured_media":12192,"comment_status":"open","ping_status":"open","sticky":false,"template":"","format":"standard","meta":{"footnotes":""},"categories":[29,39,45],"tags":[174,226,1055],"class_list":["post-12196","post","type-post","status-publish","format-standard","has-post-thumbnail","hentry","category-agenda","category-futbol","category-instituto","tag-instituto","tag-primera-nacional","tag-san-telmo"],"yoast_head":"<!-- This site is optimized with the Yoast SEO plugin v26.1.1 - https:\/\/yoast.com\/wordpress\/plugins\/seo\/ -->\n<title>Instituto vs San Telmo EN VIVO por Primera Nacional 2021 - Golandpop<\/title>\n<meta name=\"robots\" content=\"index, follow, max-snippet:-1, max-image-preview:large, max-video-preview:-1\" \/>\n<link rel=\"canonical\" href=\"https:\/\/golandpop.com\/index.php\/2021\/07\/19\/instituto-vs-san-telmo-en-vivo-por-primera-nacional-2021\/\" \/>\n<meta property=\"og:locale\" content=\"es_ES\" \/>\n<meta property=\"og:type\" content=\"article\" \/>\n<meta property=\"og:title\" content=\"Instituto vs San Telmo EN VIVO por Primera Nacional 2021 - Golandpop\" \/>\n<meta property=\"og:description\" content=\"Instituto recibe a\u00a0San Telmo\u00a0en el Monumental de Alta C\u00f3rdoba por la decimos\u00e9ptima fecha de la\u00a0Primera Nacional.\u00a0Luis Lobo Medina ser\u00e1 el \u00e1rbitro encargado de impartir justicia. El encuentro lo viv\u00eds desde las 17.10 por la\u00a0Cadena GolandPop\u00a0y\u00a0\u00a0Radio 10\u00a0FM 106.1. El local ocupa el puesto 14 en la tabla de posiciones, mientras que el visitante est\u00e1 13 en [&hellip;]\" \/>\n<meta property=\"og:url\" content=\"https:\/\/golandpop.com\/index.php\/2021\/07\/19\/instituto-vs-san-telmo-en-vivo-por-primera-nacional-2021\/\" \/>\n<meta property=\"og:site_name\" content=\"Golandpop\" \/>\n<meta property=\"article:published_time\" content=\"2021-07-19T16:57:20+00:00\" \/>\n<meta property=\"article:modified_time\" content=\"2021-07-19T16:57:25+00:00\" \/>\n<meta property=\"og:image\" content=\"https:\/\/golandpop.com\/wp-content\/uploads\/2021\/07\/WhatsApp-Image-2021-07-18-at-18.05.11.jpeg\" \/>\n\t<meta property=\"og:image:width\" content=\"1280\" \/>\n\t<meta property=\"og:image:height\" content=\"720\" \/>\n\t<meta property=\"og:image:type\" content=\"image\/jpeg\" \/>\n<meta name=\"author\" content=\"Gol&amp;Pop\" \/>\n<meta name=\"twitter:card\" content=\"summary_large_image\" \/>\n<meta name=\"twitter:creator\" content=\"@golandpop\" \/>\n<meta name=\"twitter:site\" content=\"@golandpop\" \/>\n<meta name=\"twitter:label1\" content=\"Escrito por\" \/>\n\t<meta name=\"twitter:data1\" content=\"Gol&amp;Pop\" \/>\n\t<meta name=\"twitter:label2\" content=\"Tiempo de lectura\" \/>\n\t<meta name=\"twitter:data2\" content=\"1 minuto\" \/>\n<script type=\"application\/ld+json\" class=\"yoast-schema-graph\">{\"@context\":\"https:\/\/schema.org\",\"@graph\":[{\"@type\":\"Article\",\"@id\":\"https:\/\/golandpop.com\/index.php\/2021\/07\/19\/instituto-vs-san-telmo-en-vivo-por-primera-nacional-2021\/#article\",\"isPartOf\":{\"@id\":\"https:\/\/golandpop.com\/index.php\/2021\/07\/19\/instituto-vs-san-telmo-en-vivo-por-primera-nacional-2021\/\"},\"author\":{\"name\":\"Gol&amp;Pop\",\"@id\":\"https:\/\/golandpop.com\/#\/schema\/person\/2809725861e0da25eaffe2d9b29c9613\"},\"headline\":\"Instituto vs San Telmo EN VIVO por Primera Nacional 2021\",\"datePublished\":\"2021-07-19T16:57:20+00:00\",\"dateModified\":\"2021-07-19T16:57:25+00:00\",\"mainEntityOfPage\":{\"@id\":\"https:\/\/golandpop.com\/index.php\/2021\/07\/19\/instituto-vs-san-telmo-en-vivo-por-primera-nacional-2021\/\"},\"wordCount\":149,\"commentCount\":0,\"publisher\":{\"@id\":\"https:\/\/golandpop.com\/#organization\"},\"image\":{\"@id\":\"https:\/\/golandpop.com\/index.php\/2021\/07\/19\/instituto-vs-san-telmo-en-vivo-por-primera-nacional-2021\/#primaryimage\"},\"thumbnailUrl\":\"https:\/\/golandpop.com\/wp-content\/uploads\/2021\/07\/WhatsApp-Image-2021-07-18-at-18.05.11.jpeg\",\"keywords\":[\"Instituto\",\"Primera Nacional\",\"San Telmo\"],\"articleSection\":[\"Agenda\",\"F\u00fatbol\",\"Instituto\"],\"inLanguage\":\"es-AR\"},{\"@type\":\"WebPage\",\"@id\":\"https:\/\/golandpop.com\/index.php\/2021\/07\/19\/instituto-vs-san-telmo-en-vivo-por-primera-nacional-2021\/\",\"url\":\"https:\/\/golandpop.com\/index.php\/2021\/07\/19\/instituto-vs-san-telmo-en-vivo-por-primera-nacional-2021\/\",\"name\":\"Instituto vs San Telmo EN VIVO por Primera Nacional 2021 - Golandpop\",\"isPartOf\":{\"@id\":\"https:\/\/golandpop.com\/#website\"},\"primaryImageOfPage\":{\"@id\":\"https:\/\/golandpop.com\/index.php\/2021\/07\/19\/instituto-vs-san-telmo-en-vivo-por-primera-nacional-2021\/#primaryimage\"},\"image\":{\"@id\":\"https:\/\/golandpop.com\/index.php\/2021\/07\/19\/instituto-vs-san-telmo-en-vivo-por-primera-nacional-2021\/#primaryimage\"},\"thumbnailUrl\":\"https:\/\/golandpop.com\/wp-content\/uploads\/2021\/07\/WhatsApp-Image-2021-07-18-at-18.05.11.jpeg\",\"datePublished\":\"2021-07-19T16:57:20+00:00\",\"dateModified\":\"2021-07-19T16:57:25+00:00\",\"breadcrumb\":{\"@id\":\"https:\/\/golandpop.com\/index.php\/2021\/07\/19\/instituto-vs-san-telmo-en-vivo-por-primera-nacional-2021\/#breadcrumb\"},\"inLanguage\":\"es-AR\",\"potentialAction\":[{\"@type\":\"ReadAction\",\"target\":[\"https:\/\/golandpop.com\/index.php\/2021\/07\/19\/instituto-vs-san-telmo-en-vivo-por-primera-nacional-2021\/\"]}]},{\"@type\":\"ImageObject\",\"inLanguage\":\"es-AR\",\"@id\":\"https:\/\/golandpop.com\/index.php\/2021\/07\/19\/instituto-vs-san-telmo-en-vivo-por-primera-nacional-2021\/#primaryimage\",\"url\":\"https:\/\/golandpop.com\/wp-content\/uploads\/2021\/07\/WhatsApp-Image-2021-07-18-at-18.05.11.jpeg\",\"contentUrl\":\"https:\/\/golandpop.com\/wp-content\/uploads\/2021\/07\/WhatsApp-Image-2021-07-18-at-18.05.11.jpeg\",\"width\":1280,\"height\":720},{\"@type\":\"BreadcrumbList\",\"@id\":\"https:\/\/golandpop.com\/index.php\/2021\/07\/19\/instituto-vs-san-telmo-en-vivo-por-primera-nacional-2021\/#breadcrumb\",\"itemListElement\":[{\"@type\":\"ListItem\",\"position\":1,\"name\":\"Inicio\",\"item\":\"https:\/\/golandpop.com\/\"},{\"@type\":\"ListItem\",\"position\":2,\"name\":\"Instituto vs San Telmo EN VIVO por Primera Nacional 2021\"}]},{\"@type\":\"WebSite\",\"@id\":\"https:\/\/golandpop.com\/#website\",\"url\":\"https:\/\/golandpop.com\/\",\"name\":\"Golandpop\",\"description\":\"\",\"publisher\":{\"@id\":\"https:\/\/golandpop.com\/#organization\"},\"potentialAction\":[{\"@type\":\"SearchAction\",\"target\":{\"@type\":\"EntryPoint\",\"urlTemplate\":\"https:\/\/golandpop.com\/?s={search_term_string}\"},\"query-input\":{\"@type\":\"PropertyValueSpecification\",\"valueRequired\":true,\"valueName\":\"search_term_string\"}}],\"inLanguage\":\"es-AR\"},{\"@type\":\"Organization\",\"@id\":\"https:\/\/golandpop.com\/#organization\",\"name\":\"GolandPop\",\"url\":\"https:\/\/golandpop.com\/\",\"logo\":{\"@type\":\"ImageObject\",\"inLanguage\":\"es-AR\",\"@id\":\"https:\/\/golandpop.com\/#\/schema\/logo\/image\/\",\"url\":\"https:\/\/golandpop.com\/wp-content\/uploads\/2020\/04\/favicon_gol_pop.png\",\"contentUrl\":\"https:\/\/golandpop.com\/wp-content\/uploads\/2020\/04\/favicon_gol_pop.png\",\"width\":246,\"height\":246,\"caption\":\"GolandPop\"},\"image\":{\"@id\":\"https:\/\/golandpop.com\/#\/schema\/logo\/image\/\"},\"sameAs\":[\"https:\/\/x.com\/golandpop\",\"https:\/\/www.instagram.com\/golandpopcordoba\/\"]},{\"@type\":\"Person\",\"@id\":\"https:\/\/golandpop.com\/#\/schema\/person\/2809725861e0da25eaffe2d9b29c9613\",\"name\":\"Gol&amp;Pop\",\"image\":{\"@type\":\"ImageObject\",\"inLanguage\":\"es-AR\",\"@id\":\"https:\/\/golandpop.com\/#\/schema\/person\/image\/\",\"url\":\"https:\/\/secure.gravatar.com\/avatar\/9a87ee051ca8c77f5d4070843ce2c78cdf95b858b950fb039151de955122f5f5?s=96&d=mm&r=g\",\"contentUrl\":\"https:\/\/secure.gravatar.com\/avatar\/9a87ee051ca8c77f5d4070843ce2c78cdf95b858b950fb039151de955122f5f5?s=96&d=mm&r=g\",\"caption\":\"Gol&amp;Pop\"},\"sameAs\":[\"http:\/\/golandpop.com\"],\"url\":\"https:\/\/golandpop.com\/index.php\/author\/admin\/\"}]}<\/script>\n<!-- \/ Yoast SEO plugin. -->","yoast_head_json":{"title":"Instituto vs San Telmo EN VIVO por Primera Nacional 2021 - Golandpop","robots":{"index":"index","follow":"follow","max-snippet":"max-snippet:-1","max-image-preview":"max-image-preview:large","max-video-preview":"max-video-preview:-1"},"canonical":"https:\/\/golandpop.com\/index.php\/2021\/07\/19\/instituto-vs-san-telmo-en-vivo-por-primera-nacional-2021\/","og_locale":"es_ES","og_type":"article","og_title":"Instituto vs San Telmo EN VIVO por Primera Nacional 2021 - Golandpop","og_description":"Instituto recibe a\u00a0San Telmo\u00a0en el Monumental de Alta C\u00f3rdoba por la decimos\u00e9ptima fecha de la\u00a0Primera Nacional.\u00a0Luis Lobo Medina ser\u00e1 el \u00e1rbitro encargado de impartir justicia. El encuentro lo viv\u00eds desde las 17.10 por la\u00a0Cadena GolandPop\u00a0y\u00a0\u00a0Radio 10\u00a0FM 106.1. El local ocupa el puesto 14 en la tabla de posiciones, mientras que el visitante est\u00e1 13 en [&hellip;]","og_url":"https:\/\/golandpop.com\/index.php\/2021\/07\/19\/instituto-vs-san-telmo-en-vivo-por-primera-nacional-2021\/","og_site_name":"Golandpop","article_published_time":"2021-07-19T16:57:20+00:00","article_modified_time":"2021-07-19T16:57:25+00:00","og_image":[{"width":1280,"height":720,"url":"https:\/\/golandpop.com\/wp-content\/uploads\/2021\/07\/WhatsApp-Image-2021-07-18-at-18.05.11.jpeg","type":"image\/jpeg"}],"author":"Gol&amp;Pop","twitter_card":"summary_large_image","twitter_creator":"@golandpop","twitter_site":"@golandpop","twitter_misc":{"Escrito por":"Gol&amp;Pop","Tiempo de lectura":"1 minuto"},"schema":{"@context":"https:\/\/schema.org","@graph":[{"@type":"Article","@id":"https:\/\/golandpop.com\/index.php\/2021\/07\/19\/instituto-vs-san-telmo-en-vivo-por-primera-nacional-2021\/#article","isPartOf":{"@id":"https:\/\/golandpop.com\/index.php\/2021\/07\/19\/instituto-vs-san-telmo-en-vivo-por-primera-nacional-2021\/"},"author":{"name":"Gol&amp;Pop","@id":"https:\/\/golandpop.com\/#\/schema\/person\/2809725861e0da25eaffe2d9b29c9613"},"headline":"Instituto vs San Telmo EN VIVO por Primera Nacional 2021","datePublished":"2021-07-19T16:57:20+00:00","dateModified":"2021-07-19T16:57:25+00:00","mainEntityOfPage":{"@id":"https:\/\/golandpop.com\/index.php\/2021\/07\/19\/instituto-vs-san-telmo-en-vivo-por-primera-nacional-2021\/"},"wordCount":149,"commentCount":0,"publisher":{"@id":"https:\/\/golandpop.com\/#organization"},"image":{"@id":"https:\/\/golandpop.com\/index.php\/2021\/07\/19\/instituto-vs-san-telmo-en-vivo-por-primera-nacional-2021\/#primaryimage"},"thumbnailUrl":"https:\/\/golandpop.com\/wp-content\/uploads\/2021\/07\/WhatsApp-Image-2021-07-18-at-18.05.11.jpeg","keywords":["Instituto","Primera Nacional","San Telmo"],"articleSection":["Agenda","F\u00fatbol","Instituto"],"inLanguage":"es-AR"},{"@type":"WebPage","@id":"https:\/\/golandpop.com\/index.php\/2021\/07\/19\/instituto-vs-san-telmo-en-vivo-por-primera-nacional-2021\/","url":"https:\/\/golandpop.com\/index.php\/2021\/07\/19\/instituto-vs-san-telmo-en-vivo-por-primera-nacional-2021\/","name":"Instituto vs San Telmo EN VIVO por Primera Nacional 2021 - Golandpop","isPartOf":{"@id":"https:\/\/golandpop.com\/#website"},"primaryImageOfPage":{"@id":"https:\/\/golandpop.com\/index.php\/2021\/07\/19\/instituto-vs-san-telmo-en-vivo-por-primera-nacional-2021\/#primaryimage"},"image":{"@id":"https:\/\/golandpop.com\/index.php\/2021\/07\/19\/instituto-vs-san-telmo-en-vivo-por-primera-nacional-2021\/#primaryimage"},"thumbnailUrl":"https:\/\/golandpop.com\/wp-content\/uploads\/2021\/07\/WhatsApp-Image-2021-07-18-at-18.05.11.jpeg","datePublished":"2021-07-19T16:57:20+00:00","dateModified":"2021-07-19T16:57:25+00:00","breadcrumb":{"@id":"https:\/\/golandpop.com\/index.php\/2021\/07\/19\/instituto-vs-san-telmo-en-vivo-por-primera-nacional-2021\/#breadcrumb"},"inLanguage":"es-AR","potentialAction":[{"@type":"ReadAction","target":["https:\/\/golandpop.com\/index.php\/2021\/07\/19\/instituto-vs-san-telmo-en-vivo-por-primera-nacional-2021\/"]}]},{"@type":"ImageObject","inLanguage":"es-AR","@id":"https:\/\/golandpop.com\/index.php\/2021\/07\/19\/instituto-vs-san-telmo-en-vivo-por-primera-nacional-2021\/#primaryimage","url":"https:\/\/golandpop.com\/wp-content\/uploads\/2021\/07\/WhatsApp-Image-2021-07-18-at-18.05.11.jpeg","contentUrl":"https:\/\/golandpop.com\/wp-content\/uploads\/2021\/07\/WhatsApp-Image-2021-07-18-at-18.05.11.jpeg","width":1280,"height":720},{"@type":"BreadcrumbList","@id":"https:\/\/golandpop.com\/index.php\/2021\/07\/19\/instituto-vs-san-telmo-en-vivo-por-primera-nacional-2021\/#breadcrumb","itemListElement":[{"@type":"ListItem","position":1,"name":"Inicio","item":"https:\/\/golandpop.com\/"},{"@type":"ListItem","position":2,"name":"Instituto vs San Telmo EN VIVO por Primera Nacional 2021"}]},{"@type":"WebSite","@id":"https:\/\/golandpop.com\/#website","url":"https:\/\/golandpop.com\/","name":"Golandpop","description":"","publisher":{"@id":"https:\/\/golandpop.com\/#organization"},"potentialAction":[{"@type":"SearchAction","target":{"@type":"EntryPoint","urlTemplate":"https:\/\/golandpop.com\/?s={search_term_string}"},"query-input":{"@type":"PropertyValueSpecification","valueRequired":true,"valueName":"search_term_string"}}],"inLanguage":"es-AR"},{"@type":"Organization","@id":"https:\/\/golandpop.com\/#organization","name":"GolandPop","url":"https:\/\/golandpop.com\/","logo":{"@type":"ImageObject","inLanguage":"es-AR","@id":"https:\/\/golandpop.com\/#\/schema\/logo\/image\/","url":"https:\/\/golandpop.com\/wp-content\/uploads\/2020\/04\/favicon_gol_pop.png","contentUrl":"https:\/\/golandpop.com\/wp-content\/uploads\/2020\/04\/favicon_gol_pop.png","width":246,"height":246,"caption":"GolandPop"},"image":{"@id":"https:\/\/golandpop.com\/#\/schema\/logo\/image\/"},"sameAs":["https:\/\/x.com\/golandpop","https:\/\/www.instagram.com\/golandpopcordoba\/"]},{"@type":"Person","@id":"https:\/\/golandpop.com\/#\/schema\/person\/2809725861e0da25eaffe2d9b29c9613","name":"Gol&amp;Pop","image":{"@type":"ImageObject","inLanguage":"es-AR","@id":"https:\/\/golandpop.com\/#\/schema\/person\/image\/","url":"https:\/\/secure.gravatar.com\/avatar\/9a87ee051ca8c77f5d4070843ce2c78cdf95b858b950fb039151de955122f5f5?s=96&d=mm&r=g","contentUrl":"https:\/\/secure.gravatar.com\/avatar\/9a87ee051ca8c77f5d4070843ce2c78cdf95b858b950fb039151de955122f5f5?s=96&d=mm&r=g","caption":"Gol&amp;Pop"},"sameAs":["http:\/\/golandpop.com"],"url":"https:\/\/golandpop.com\/index.php\/author\/admin\/"}]}},"_links":{"self":[{"href":"https:\/\/golandpop.com\/index.php\/wp-json\/wp\/v2\/posts\/12196","targetHints":{"allow":["GET"]}}],"collection":[{"href":"https:\/\/golandpop.com\/index.php\/wp-json\/wp\/v2\/posts"}],"about":[{"href":"https:\/\/golandpop.com\/index.php\/wp-json\/wp\/v2\/types\/post"}],"author":[{"embeddable":true,"href":"https:\/\/golandpop.com\/index.php\/wp-json\/wp\/v2\/users\/1"}],"replies":[{"embeddable":true,"href":"https:\/\/golandpop.com\/index.php\/wp-json\/wp\/v2\/comments?post=12196"}],"version-history":[{"count":2,"href":"https:\/\/golandpop.com\/index.php\/wp-json\/wp\/v2\/posts\/12196\/revisions"}],"predecessor-version":[{"id":12198,"href":"https:\/\/golandpop.com\/index.php\/wp-json\/wp\/v2\/posts\/12196\/revisions\/12198"}],"wp:featuredmedia":[{"embeddable":true,"href":"https:\/\/golandpop.com\/index.php\/wp-json\/wp\/v2\/media\/12192"}],"wp:attachment":[{"href":"https:\/\/golandpop.com\/index.php\/wp-json\/wp\/v2\/media?parent=12196"}],"wp:term":[{"taxonomy":"category","embeddable":true,"href":"https:\/\/golandpop.com\/index.php\/wp-json\/wp\/v2\/categories?post=12196"},{"taxonomy":"post_tag","embeddable":true,"href":"https:\/\/golandpop.com\/index.php\/wp-json\/wp\/v2\/tags?post=12196"}],"curies":[{"name":"wp","href":"https:\/\/api.w.org\/{rel}","templated":true}]}}