{"id":1216,"date":"2020-06-26T09:30:00","date_gmt":"2020-06-26T12:30:00","guid":{"rendered":"http:\/\/golandpop.com\/?p=1216"},"modified":"2020-06-26T10:36:06","modified_gmt":"2020-06-26T13:36:06","slug":"ascenso-belgrano-monumental-descenso-river","status":"publish","type":"post","link":"https:\/\/golandpop.com\/index.php\/2020\/06\/26\/ascenso-belgrano-monumental-descenso-river\/","title":{"rendered":"A 9 a\u00f1os del hist\u00f3rico ascenso de Belgrano en el Monumental"},"content":{"rendered":"\n<p>Un 26 de junio como hoy, pero de 2011, se produc\u00eda el hist\u00f3rico ascenso de <a href=\"https:\/\/golandpop.com\/index.php\/category\/futbol\/belgrano\/\">Belgrano<\/a> a Primera Divisi\u00f3n en el estadio Monumental. El Pirata venci\u00f3 3-1 en el global a River y retorn\u00f3 a la m\u00e1xima categor\u00eda, enviando al Millonario a jugar el Nacional B por primera vez en su historia.<\/p>\n\n\n\n<p>En aquella tarde de junio fue Guillermo Farr\u00e9 el que se visti\u00f3 de h\u00e9roe y convirti\u00f3 el gol del conjunto Celeste, que lleg\u00f3 al Monumental con la ventaja de 2-0 que consigui\u00f3 en Alberdi gracias a los goles de Mansanelli de penal y Pereyra.<\/p>\n\n\n\n<h6 class=\"wp-block-heading\"><strong>Recordamos el tanto del mediocampista en la voz de Osvaldo Wehbe<\/strong><\/h6>\n\n\n\n<figure class=\"wp-block-embed-youtube wp-block-embed is-type-video is-provider-youtube wp-embed-aspect-16-9 wp-has-aspect-ratio\"><div class=\"wp-block-embed__wrapper\">\n<iframe title=\"Ascenso de Belgrano 2011 - Gol de Farr\u00e9, relatado por Osvaldo Wehbe\" width=\"740\" height=\"416\" src=\"https:\/\/www.youtube.com\/embed\/uHI889Oj0lA?feature=oembed\" frameborder=\"0\" allow=\"accelerometer; autoplay; clipboard-write; encrypted-media; gyroscope; picture-in-picture\" allowfullscreen><\/iframe>\n<\/div><\/figure>\n\n\n\n<a href=\"http:\/\/www.centroservice-cba.com.ar\/\/\"> <img fetchpriority=\"high\" decoding=\"async\" src=\"https:\/\/golandpop631664757.files.wordpress.com\/2019\/06\/centro-service.jpeg\" width=\"450\" height=\"150\" title=\"Distribuidora Fusi\u00f3n\" alt=\"DF\"> <\/a>\n\n\n\n<figure class=\"wp-block-embed-twitter wp-block-embed is-type-rich is-provider-twitter\"><div class=\"wp-block-embed__wrapper\">\n<blockquote class=\"twitter-tweet\" data-width=\"550\" data-dnt=\"true\"><p lang=\"es\" dir=\"ltr\">\ud83d\udcc6\ud83d\udd35 <a href=\"https:\/\/twitter.com\/hashtag\/CABlendario?src=hash&amp;ref_src=twsrc%5Etfw\">#CABlendario<\/a> | Un 26 de junio de 2011, se produc\u00eda el ascenso de <a href=\"https:\/\/twitter.com\/hashtag\/Belgrano?src=hash&amp;ref_src=twsrc%5Etfw\">#Belgrano<\/a> a Primera Divisi\u00f3n en el estadio Monumental. El Pirata venc\u00eda 3-1 en el global a River Plate y retornaba a la m\u00e1xima categor\u00eda. <a href=\"https:\/\/t.co\/4WPvePT3jc\">pic.twitter.com\/4WPvePT3jc<\/a><\/p>&mdash; Belgrano (@Belgrano) <a href=\"https:\/\/twitter.com\/Belgrano\/status\/1143865843568304134?ref_src=twsrc%5Etfw\">June 26, 2019<\/a><\/blockquote><script async src=\"https:\/\/platform.twitter.com\/widgets.js\" charset=\"utf-8\"><\/script>\n<\/div><\/figure>\n","protected":false},"excerpt":{"rendered":"<p>Un 26 de junio como hoy, pero de 2011, se produc\u00eda el hist\u00f3rico ascenso de Belgrano a Primera Divisi\u00f3n en el estadio Monumental. El Pirata venci\u00f3 3-1 en el global a River y retorn\u00f3 a la m\u00e1xima categor\u00eda, enviando al Millonario a jugar el Nacional B por primera vez en su historia. En aquella tarde [&hellip;]<\/p>\n","protected":false},"author":1,"featured_media":1217,"comment_status":"open","ping_status":"open","sticky":false,"template":"","format":"standard","meta":{"footnotes":""},"categories":[33,39],"tags":[97,129,167,219,242],"class_list":["post-1216","post","type-post","status-publish","format-standard","has-post-thumbnail","hentry","category-belgrano","category-futbol","tag-belgrano","tag-destacado","tag-guillermo-farre","tag-osvaldo-wehbe","tag-river"],"yoast_head":"<!-- This site is optimized with the Yoast SEO plugin v26.1.1 - https:\/\/yoast.com\/wordpress\/plugins\/seo\/ -->\n<title>A 9 a\u00f1os del hist\u00f3rico ascenso de Belgrano en el Monumental - Golandpop<\/title>\n<meta name=\"robots\" content=\"index, follow, max-snippet:-1, max-image-preview:large, max-video-preview:-1\" \/>\n<link rel=\"canonical\" href=\"https:\/\/golandpop.com\/index.php\/2020\/06\/26\/ascenso-belgrano-monumental-descenso-river\/\" \/>\n<meta property=\"og:locale\" content=\"es_ES\" \/>\n<meta property=\"og:type\" content=\"article\" \/>\n<meta property=\"og:title\" content=\"A 9 a\u00f1os del hist\u00f3rico ascenso de Belgrano en el Monumental - Golandpop\" \/>\n<meta property=\"og:description\" content=\"Un 26 de junio como hoy, pero de 2011, se produc\u00eda el hist\u00f3rico ascenso de Belgrano a Primera Divisi\u00f3n en el estadio Monumental. El Pirata venci\u00f3 3-1 en el global a River y retorn\u00f3 a la m\u00e1xima categor\u00eda, enviando al Millonario a jugar el Nacional B por primera vez en su historia. En aquella tarde [&hellip;]\" \/>\n<meta property=\"og:url\" content=\"https:\/\/golandpop.com\/index.php\/2020\/06\/26\/ascenso-belgrano-monumental-descenso-river\/\" \/>\n<meta property=\"og:site_name\" content=\"Golandpop\" \/>\n<meta property=\"article:published_time\" content=\"2020-06-26T12:30:00+00:00\" \/>\n<meta property=\"article:modified_time\" content=\"2020-06-26T13:36:06+00:00\" \/>\n<meta property=\"og:image\" content=\"https:\/\/golandpop.com\/wp-content\/uploads\/2019\/06\/d9_rdjrwkaaseji.jpg\" \/>\n\t<meta property=\"og:image:width\" content=\"1200\" \/>\n\t<meta property=\"og:image:height\" content=\"816\" \/>\n\t<meta property=\"og:image:type\" content=\"image\/jpeg\" \/>\n<meta name=\"author\" content=\"Gol&amp;Pop\" \/>\n<meta name=\"twitter:card\" content=\"summary_large_image\" \/>\n<meta name=\"twitter:creator\" content=\"@golandpop\" \/>\n<meta name=\"twitter:site\" content=\"@golandpop\" \/>\n<meta name=\"twitter:label1\" content=\"Escrito por\" \/>\n\t<meta name=\"twitter:data1\" content=\"Gol&amp;Pop\" \/>\n\t<meta name=\"twitter:label2\" content=\"Tiempo de lectura\" \/>\n\t<meta name=\"twitter:data2\" content=\"1 minuto\" \/>\n<script type=\"application\/ld+json\" class=\"yoast-schema-graph\">{\"@context\":\"https:\/\/schema.org\",\"@graph\":[{\"@type\":\"Article\",\"@id\":\"https:\/\/golandpop.com\/index.php\/2020\/06\/26\/ascenso-belgrano-monumental-descenso-river\/#article\",\"isPartOf\":{\"@id\":\"https:\/\/golandpop.com\/index.php\/2020\/06\/26\/ascenso-belgrano-monumental-descenso-river\/\"},\"author\":{\"name\":\"Gol&amp;Pop\",\"@id\":\"https:\/\/golandpop.com\/#\/schema\/person\/2809725861e0da25eaffe2d9b29c9613\"},\"headline\":\"A 9 a\u00f1os del hist\u00f3rico ascenso de Belgrano en el Monumental\",\"datePublished\":\"2020-06-26T12:30:00+00:00\",\"dateModified\":\"2020-06-26T13:36:06+00:00\",\"mainEntityOfPage\":{\"@id\":\"https:\/\/golandpop.com\/index.php\/2020\/06\/26\/ascenso-belgrano-monumental-descenso-river\/\"},\"wordCount\":137,\"commentCount\":0,\"publisher\":{\"@id\":\"https:\/\/golandpop.com\/#organization\"},\"image\":{\"@id\":\"https:\/\/golandpop.com\/index.php\/2020\/06\/26\/ascenso-belgrano-monumental-descenso-river\/#primaryimage\"},\"thumbnailUrl\":\"https:\/\/golandpop.com\/wp-content\/uploads\/2019\/06\/d9_rdjrwkaaseji.jpg\",\"keywords\":[\"Belgrano\",\"destacado\",\"Guillermo Farr\u00e9\",\"Osvaldo Wehbe\",\"River\"],\"articleSection\":[\"Belgrano\",\"F\u00fatbol\"],\"inLanguage\":\"es-AR\"},{\"@type\":\"WebPage\",\"@id\":\"https:\/\/golandpop.com\/index.php\/2020\/06\/26\/ascenso-belgrano-monumental-descenso-river\/\",\"url\":\"https:\/\/golandpop.com\/index.php\/2020\/06\/26\/ascenso-belgrano-monumental-descenso-river\/\",\"name\":\"A 9 a\u00f1os del hist\u00f3rico ascenso de Belgrano en el Monumental - Golandpop\",\"isPartOf\":{\"@id\":\"https:\/\/golandpop.com\/#website\"},\"primaryImageOfPage\":{\"@id\":\"https:\/\/golandpop.com\/index.php\/2020\/06\/26\/ascenso-belgrano-monumental-descenso-river\/#primaryimage\"},\"image\":{\"@id\":\"https:\/\/golandpop.com\/index.php\/2020\/06\/26\/ascenso-belgrano-monumental-descenso-river\/#primaryimage\"},\"thumbnailUrl\":\"https:\/\/golandpop.com\/wp-content\/uploads\/2019\/06\/d9_rdjrwkaaseji.jpg\",\"datePublished\":\"2020-06-26T12:30:00+00:00\",\"dateModified\":\"2020-06-26T13:36:06+00:00\",\"breadcrumb\":{\"@id\":\"https:\/\/golandpop.com\/index.php\/2020\/06\/26\/ascenso-belgrano-monumental-descenso-river\/#breadcrumb\"},\"inLanguage\":\"es-AR\",\"potentialAction\":[{\"@type\":\"ReadAction\",\"target\":[\"https:\/\/golandpop.com\/index.php\/2020\/06\/26\/ascenso-belgrano-monumental-descenso-river\/\"]}]},{\"@type\":\"ImageObject\",\"inLanguage\":\"es-AR\",\"@id\":\"https:\/\/golandpop.com\/index.php\/2020\/06\/26\/ascenso-belgrano-monumental-descenso-river\/#primaryimage\",\"url\":\"https:\/\/golandpop.com\/wp-content\/uploads\/2019\/06\/d9_rdjrwkaaseji.jpg\",\"contentUrl\":\"https:\/\/golandpop.com\/wp-content\/uploads\/2019\/06\/d9_rdjrwkaaseji.jpg\",\"width\":1200,\"height\":816},{\"@type\":\"BreadcrumbList\",\"@id\":\"https:\/\/golandpop.com\/index.php\/2020\/06\/26\/ascenso-belgrano-monumental-descenso-river\/#breadcrumb\",\"itemListElement\":[{\"@type\":\"ListItem\",\"position\":1,\"name\":\"Inicio\",\"item\":\"https:\/\/golandpop.com\/\"},{\"@type\":\"ListItem\",\"position\":2,\"name\":\"A 9 a\u00f1os del hist\u00f3rico ascenso de Belgrano en el Monumental\"}]},{\"@type\":\"WebSite\",\"@id\":\"https:\/\/golandpop.com\/#website\",\"url\":\"https:\/\/golandpop.com\/\",\"name\":\"Golandpop\",\"description\":\"\",\"publisher\":{\"@id\":\"https:\/\/golandpop.com\/#organization\"},\"potentialAction\":[{\"@type\":\"SearchAction\",\"target\":{\"@type\":\"EntryPoint\",\"urlTemplate\":\"https:\/\/golandpop.com\/?s={search_term_string}\"},\"query-input\":{\"@type\":\"PropertyValueSpecification\",\"valueRequired\":true,\"valueName\":\"search_term_string\"}}],\"inLanguage\":\"es-AR\"},{\"@type\":\"Organization\",\"@id\":\"https:\/\/golandpop.com\/#organization\",\"name\":\"GolandPop\",\"url\":\"https:\/\/golandpop.com\/\",\"logo\":{\"@type\":\"ImageObject\",\"inLanguage\":\"es-AR\",\"@id\":\"https:\/\/golandpop.com\/#\/schema\/logo\/image\/\",\"url\":\"https:\/\/golandpop.com\/wp-content\/uploads\/2020\/04\/favicon_gol_pop.png\",\"contentUrl\":\"https:\/\/golandpop.com\/wp-content\/uploads\/2020\/04\/favicon_gol_pop.png\",\"width\":246,\"height\":246,\"caption\":\"GolandPop\"},\"image\":{\"@id\":\"https:\/\/golandpop.com\/#\/schema\/logo\/image\/\"},\"sameAs\":[\"https:\/\/x.com\/golandpop\",\"https:\/\/www.instagram.com\/golandpopcordoba\/\"]},{\"@type\":\"Person\",\"@id\":\"https:\/\/golandpop.com\/#\/schema\/person\/2809725861e0da25eaffe2d9b29c9613\",\"name\":\"Gol&amp;Pop\",\"image\":{\"@type\":\"ImageObject\",\"inLanguage\":\"es-AR\",\"@id\":\"https:\/\/golandpop.com\/#\/schema\/person\/image\/\",\"url\":\"https:\/\/secure.gravatar.com\/avatar\/9a87ee051ca8c77f5d4070843ce2c78cdf95b858b950fb039151de955122f5f5?s=96&d=mm&r=g\",\"contentUrl\":\"https:\/\/secure.gravatar.com\/avatar\/9a87ee051ca8c77f5d4070843ce2c78cdf95b858b950fb039151de955122f5f5?s=96&d=mm&r=g\",\"caption\":\"Gol&amp;Pop\"},\"sameAs\":[\"http:\/\/golandpop.com\"],\"url\":\"https:\/\/golandpop.com\/index.php\/author\/admin\/\"}]}<\/script>\n<!-- \/ Yoast SEO plugin. -->","yoast_head_json":{"title":"A 9 a\u00f1os del hist\u00f3rico ascenso de Belgrano en el Monumental - Golandpop","robots":{"index":"index","follow":"follow","max-snippet":"max-snippet:-1","max-image-preview":"max-image-preview:large","max-video-preview":"max-video-preview:-1"},"canonical":"https:\/\/golandpop.com\/index.php\/2020\/06\/26\/ascenso-belgrano-monumental-descenso-river\/","og_locale":"es_ES","og_type":"article","og_title":"A 9 a\u00f1os del hist\u00f3rico ascenso de Belgrano en el Monumental - Golandpop","og_description":"Un 26 de junio como hoy, pero de 2011, se produc\u00eda el hist\u00f3rico ascenso de Belgrano a Primera Divisi\u00f3n en el estadio Monumental. El Pirata venci\u00f3 3-1 en el global a River y retorn\u00f3 a la m\u00e1xima categor\u00eda, enviando al Millonario a jugar el Nacional B por primera vez en su historia. En aquella tarde [&hellip;]","og_url":"https:\/\/golandpop.com\/index.php\/2020\/06\/26\/ascenso-belgrano-monumental-descenso-river\/","og_site_name":"Golandpop","article_published_time":"2020-06-26T12:30:00+00:00","article_modified_time":"2020-06-26T13:36:06+00:00","og_image":[{"width":1200,"height":816,"url":"https:\/\/golandpop.com\/wp-content\/uploads\/2019\/06\/d9_rdjrwkaaseji.jpg","type":"image\/jpeg"}],"author":"Gol&amp;Pop","twitter_card":"summary_large_image","twitter_creator":"@golandpop","twitter_site":"@golandpop","twitter_misc":{"Escrito por":"Gol&amp;Pop","Tiempo de lectura":"1 minuto"},"schema":{"@context":"https:\/\/schema.org","@graph":[{"@type":"Article","@id":"https:\/\/golandpop.com\/index.php\/2020\/06\/26\/ascenso-belgrano-monumental-descenso-river\/#article","isPartOf":{"@id":"https:\/\/golandpop.com\/index.php\/2020\/06\/26\/ascenso-belgrano-monumental-descenso-river\/"},"author":{"name":"Gol&amp;Pop","@id":"https:\/\/golandpop.com\/#\/schema\/person\/2809725861e0da25eaffe2d9b29c9613"},"headline":"A 9 a\u00f1os del hist\u00f3rico ascenso de Belgrano en el Monumental","datePublished":"2020-06-26T12:30:00+00:00","dateModified":"2020-06-26T13:36:06+00:00","mainEntityOfPage":{"@id":"https:\/\/golandpop.com\/index.php\/2020\/06\/26\/ascenso-belgrano-monumental-descenso-river\/"},"wordCount":137,"commentCount":0,"publisher":{"@id":"https:\/\/golandpop.com\/#organization"},"image":{"@id":"https:\/\/golandpop.com\/index.php\/2020\/06\/26\/ascenso-belgrano-monumental-descenso-river\/#primaryimage"},"thumbnailUrl":"https:\/\/golandpop.com\/wp-content\/uploads\/2019\/06\/d9_rdjrwkaaseji.jpg","keywords":["Belgrano","destacado","Guillermo Farr\u00e9","Osvaldo Wehbe","River"],"articleSection":["Belgrano","F\u00fatbol"],"inLanguage":"es-AR"},{"@type":"WebPage","@id":"https:\/\/golandpop.com\/index.php\/2020\/06\/26\/ascenso-belgrano-monumental-descenso-river\/","url":"https:\/\/golandpop.com\/index.php\/2020\/06\/26\/ascenso-belgrano-monumental-descenso-river\/","name":"A 9 a\u00f1os del hist\u00f3rico ascenso de Belgrano en el Monumental - Golandpop","isPartOf":{"@id":"https:\/\/golandpop.com\/#website"},"primaryImageOfPage":{"@id":"https:\/\/golandpop.com\/index.php\/2020\/06\/26\/ascenso-belgrano-monumental-descenso-river\/#primaryimage"},"image":{"@id":"https:\/\/golandpop.com\/index.php\/2020\/06\/26\/ascenso-belgrano-monumental-descenso-river\/#primaryimage"},"thumbnailUrl":"https:\/\/golandpop.com\/wp-content\/uploads\/2019\/06\/d9_rdjrwkaaseji.jpg","datePublished":"2020-06-26T12:30:00+00:00","dateModified":"2020-06-26T13:36:06+00:00","breadcrumb":{"@id":"https:\/\/golandpop.com\/index.php\/2020\/06\/26\/ascenso-belgrano-monumental-descenso-river\/#breadcrumb"},"inLanguage":"es-AR","potentialAction":[{"@type":"ReadAction","target":["https:\/\/golandpop.com\/index.php\/2020\/06\/26\/ascenso-belgrano-monumental-descenso-river\/"]}]},{"@type":"ImageObject","inLanguage":"es-AR","@id":"https:\/\/golandpop.com\/index.php\/2020\/06\/26\/ascenso-belgrano-monumental-descenso-river\/#primaryimage","url":"https:\/\/golandpop.com\/wp-content\/uploads\/2019\/06\/d9_rdjrwkaaseji.jpg","contentUrl":"https:\/\/golandpop.com\/wp-content\/uploads\/2019\/06\/d9_rdjrwkaaseji.jpg","width":1200,"height":816},{"@type":"BreadcrumbList","@id":"https:\/\/golandpop.com\/index.php\/2020\/06\/26\/ascenso-belgrano-monumental-descenso-river\/#breadcrumb","itemListElement":[{"@type":"ListItem","position":1,"name":"Inicio","item":"https:\/\/golandpop.com\/"},{"@type":"ListItem","position":2,"name":"A 9 a\u00f1os del hist\u00f3rico ascenso de Belgrano en el Monumental"}]},{"@type":"WebSite","@id":"https:\/\/golandpop.com\/#website","url":"https:\/\/golandpop.com\/","name":"Golandpop","description":"","publisher":{"@id":"https:\/\/golandpop.com\/#organization"},"potentialAction":[{"@type":"SearchAction","target":{"@type":"EntryPoint","urlTemplate":"https:\/\/golandpop.com\/?s={search_term_string}"},"query-input":{"@type":"PropertyValueSpecification","valueRequired":true,"valueName":"search_term_string"}}],"inLanguage":"es-AR"},{"@type":"Organization","@id":"https:\/\/golandpop.com\/#organization","name":"GolandPop","url":"https:\/\/golandpop.com\/","logo":{"@type":"ImageObject","inLanguage":"es-AR","@id":"https:\/\/golandpop.com\/#\/schema\/logo\/image\/","url":"https:\/\/golandpop.com\/wp-content\/uploads\/2020\/04\/favicon_gol_pop.png","contentUrl":"https:\/\/golandpop.com\/wp-content\/uploads\/2020\/04\/favicon_gol_pop.png","width":246,"height":246,"caption":"GolandPop"},"image":{"@id":"https:\/\/golandpop.com\/#\/schema\/logo\/image\/"},"sameAs":["https:\/\/x.com\/golandpop","https:\/\/www.instagram.com\/golandpopcordoba\/"]},{"@type":"Person","@id":"https:\/\/golandpop.com\/#\/schema\/person\/2809725861e0da25eaffe2d9b29c9613","name":"Gol&amp;Pop","image":{"@type":"ImageObject","inLanguage":"es-AR","@id":"https:\/\/golandpop.com\/#\/schema\/person\/image\/","url":"https:\/\/secure.gravatar.com\/avatar\/9a87ee051ca8c77f5d4070843ce2c78cdf95b858b950fb039151de955122f5f5?s=96&d=mm&r=g","contentUrl":"https:\/\/secure.gravatar.com\/avatar\/9a87ee051ca8c77f5d4070843ce2c78cdf95b858b950fb039151de955122f5f5?s=96&d=mm&r=g","caption":"Gol&amp;Pop"},"sameAs":["http:\/\/golandpop.com"],"url":"https:\/\/golandpop.com\/index.php\/author\/admin\/"}]}},"_links":{"self":[{"href":"https:\/\/golandpop.com\/index.php\/wp-json\/wp\/v2\/posts\/1216","targetHints":{"allow":["GET"]}}],"collection":[{"href":"https:\/\/golandpop.com\/index.php\/wp-json\/wp\/v2\/posts"}],"about":[{"href":"https:\/\/golandpop.com\/index.php\/wp-json\/wp\/v2\/types\/post"}],"author":[{"embeddable":true,"href":"https:\/\/golandpop.com\/index.php\/wp-json\/wp\/v2\/users\/1"}],"replies":[{"embeddable":true,"href":"https:\/\/golandpop.com\/index.php\/wp-json\/wp\/v2\/comments?post=1216"}],"version-history":[{"count":2,"href":"https:\/\/golandpop.com\/index.php\/wp-json\/wp\/v2\/posts\/1216\/revisions"}],"predecessor-version":[{"id":5249,"href":"https:\/\/golandpop.com\/index.php\/wp-json\/wp\/v2\/posts\/1216\/revisions\/5249"}],"wp:featuredmedia":[{"embeddable":true,"href":"https:\/\/golandpop.com\/index.php\/wp-json\/wp\/v2\/media\/1217"}],"wp:attachment":[{"href":"https:\/\/golandpop.com\/index.php\/wp-json\/wp\/v2\/media?parent=1216"}],"wp:term":[{"taxonomy":"category","embeddable":true,"href":"https:\/\/golandpop.com\/index.php\/wp-json\/wp\/v2\/categories?post=1216"},{"taxonomy":"post_tag","embeddable":true,"href":"https:\/\/golandpop.com\/index.php\/wp-json\/wp\/v2\/tags?post=1216"}],"curies":[{"name":"wp","href":"https:\/\/api.w.org\/{rel}","templated":true}]}}