{"id":11990,"date":"2021-07-12T17:43:20","date_gmt":"2021-07-12T20:43:20","guid":{"rendered":"https:\/\/golandpop.com\/?p=11990"},"modified":"2021-07-12T17:44:22","modified_gmt":"2021-07-12T20:44:22","slug":"la-gloria-dio-vuelta-el-partido-y-se-quedo-con-los-tres-puntos-en-campana","status":"publish","type":"post","link":"https:\/\/golandpop.com\/index.php\/2021\/07\/12\/la-gloria-dio-vuelta-el-partido-y-se-quedo-con-los-tres-puntos-en-campana\/","title":{"rendered":"La Gloria dio vuelta el partido y se qued\u00f3 con los tres puntos en Campana"},"content":{"rendered":"\n<p><em>En la visita de Instituto a Villa D\u00e1lmine en la jornada 16 de la Primera Nacional, La Gloria venci\u00f3 a El Violeta por 2-1 con goles de Dami\u00e1n Arce y Lucas Landa.<\/em><\/p>\n\n\n\n<figure class=\"wp-block-image\"><img decoding=\"async\" src=\"https:\/\/viapais.com.ar\/resizer\/inbxLyvJGpsMz8WufF8La9U-7fE=\/982x551\/smart\/cloudfront-us-east-1.images.arcpublishing.com\/grupoclarin\/KAJQKPB6YVFKPPJLAJSMOPKRIA.jpeg\" alt=\"Instituto lo dio vuelta y le gan\u00f3 a Villa D\u00e1lmine\"\/><\/figure>\n\n\n\n<p>Luego de empatar 1-1 ante San Mart\u00edn de San Juan, <a href=\"https:\/\/golandpop.com\/?s=instituto\">Instituto<\/a> se qued\u00f3 con los tres puntos en Campana en el ante\u00faltimo encuentro por la <a href=\"https:\/\/golandpop.com\/?s=primera+nacional\">Zona B<\/a> del campeonato local. <a href=\"https:\/\/golandpop.com\/?s=villa+dalmine\">Villa D\u00e1lmine<\/a> domin\u00f3 el encuentro en la primera parte, avisando con remates desde la mitad de la cancha, presionando alto hasta entrar al \u00e1rea y conectar, el local lastim\u00f3 constantemente la defensa del equipo de Alta C\u00f3rdoba. El gol le lleg\u00f3 sobre el final de los primeros 45&#8242;. Con la asistencia de Gagliardi de cabeza, Bersano aprovech\u00f3 el descuido de la defensa y la salida de Carranza para pincharla por arriba y convertir el primer gol del encuentro.<\/p>\n\n\n\n<p>Los dirigidos por V\u00e1zquez despertaron despu\u00e9s del gol con otra actitud y con el ingreso de Dami\u00e1n Arce y de Villarruel, el Albirrojo insisti\u00f3 con la tenencia del bal\u00f3n, juntando gente en ataque y generando jugadas de peligro, hasta que, finalmente, el gol del empate lleg\u00f3 desde los doce pasos por una infracci\u00f3n de Romero luego de tocar la pelota con la mano dentro del \u00e1rea. El reci\u00e9n ingresado, Dami\u00e1n Arce convirti\u00f3 el penal en gol y logr\u00f3 la igualdad a los 63&#8242;.<\/p>\n\n\n\n<p>A los 31&#8242;, nuevamente con Arce como protagonista, asisti\u00f3 con un centro a Lucas Landa, qui\u00e9n se encarg\u00f3 de convertir el <a href=\"https:\/\/golandpop.com\/index.php\/category\/futbol\/\">segundo gol<\/a> de cabeza y puso a la Gloria arriba del marcador. Se qued\u00f3 con la victoria en el en El Coliseo de Mitre y Puccini bajo el arbitraje de Franco Acita.<\/p>\n\n\n\n<figure class=\"wp-block-embed-twitter wp-block-embed is-type-rich is-provider-twitter\"><div class=\"wp-block-embed__wrapper\">\n<blockquote class=\"twitter-tweet\" data-width=\"550\" data-dnt=\"true\"><p lang=\"es\" dir=\"ltr\">\ud83d\udd34\u26aa\ufe0f \u00a1VICTORIA CON REMONTADA PARA LA GLORIA! <a href=\"https:\/\/twitter.com\/hashtag\/Instituto?src=hash&amp;ref_src=twsrc%5Etfw\">#Instituto<\/a> le gan\u00f3 2-1 a <a href=\"https:\/\/twitter.com\/hashtag\/VillaDalmine?src=hash&amp;ref_src=twsrc%5Etfw\">#VillaDalmine<\/a> como visitante por la fecha 16 de la <a href=\"https:\/\/twitter.com\/hashtag\/PrimeraNacional?src=hash&amp;ref_src=twsrc%5Etfw\">#PrimeraNacional<\/a> \u00bfLos goles? Bersano; Dami\u00e1n Arce de penal y Lucas Landa.<br><br>\ud83d\udcfb Lo viviste en Cadena <a href=\"https:\/\/twitter.com\/golandpop?ref_src=twsrc%5Etfw\">@golandpop<\/a> y <a href=\"https:\/\/twitter.com\/radio10cba?ref_src=twsrc%5Etfw\">@radio10cba<\/a> FM 106.1 <a href=\"https:\/\/t.co\/PQqHlnaIqv\">pic.twitter.com\/PQqHlnaIqv<\/a><\/p>&mdash; GOLANDPOP (@golandpop) <a href=\"https:\/\/twitter.com\/golandpop\/status\/1414659305614233603?ref_src=twsrc%5Etfw\">July 12, 2021<\/a><\/blockquote><script async src=\"https:\/\/platform.twitter.com\/widgets.js\" charset=\"utf-8\"><\/script>\n<\/div><\/figure>\n\n\n\n<p><strong><em>Formaci\u00f3n:<\/em><\/strong><\/p>\n\n\n\n<p><strong>Villa D\u00e1lmine:<\/strong>&nbsp;Emanuel Bilbao; Maximiliano Pollacchi, Rodrigo C\u00e1seres, Zaid Romero, Facundo Rizzi; Leandro Larrea, Agust\u00edn Stancato, Santiago Moyano, Germ\u00e1n D\u00edaz, Fernando Bersano; y Alejandro Gagliardi.&nbsp;<strong>DT<\/strong>: Marcelo Franchini.<\/p>\n\n\n\n<p><strong>Instituto:<\/strong>&nbsp;Jorge Carranza; Leonardo Ferreyra, Agust\u00edn G\u00f3mez, Lucas Landa y Rodrigo Mazur; Nicol\u00e1s Watson y Alejandro Faurlin; Gustavo Villarruel, Rodrigo Garro y Joaqu\u00edn Mateo; Ignacio Huguenet.&nbsp;<strong>DT<\/strong>: Marcelo V\u00e1zquez.<\/p>\n\n\n\n<p><strong>Cambios:<\/strong><\/p>\n\n\n\n<p><strong>Villa D\u00e1lmine:<\/strong> Sergio Sosa por Lucas Cajes (64&#8242;), Franco Costantito por Leandro Larrea, Gast\u00f3n Martir\u00e9 por Fernando Bersano(80&#8242;)<\/p>\n\n\n\n<p><strong>Instituto:<\/strong> Alexis Cuello por Gustavo Villarruel, Dami\u00e1n Arce por Alejandro Faurl\u00edn (11&#8242;), Emiliano Endrizzi por Garrro (29&#8242;), Nicol\u00e1s Vaquer por Mart\u00edn Pino (82&#8242;)<\/p>\n\n\n\n<p><strong>Amarillas:<\/strong> Alejandro Gagliardi (Villa D\u00e1lmine) &#8211; Rodrigo Garro, Rodrigo Mazur (Instituto)<\/p>\n\n\n\n<figure class=\"wp-block-audio\"><audio controls src=\"https:\/\/golandpop.com\/wp-content\/uploads\/2021\/07\/segundo-gol-de-iacc-vs-dalmine.mp3\"><\/audio><figcaption>Relat\u00f3 <a href=\"https:\/\/golandpop.com\/?s=Santiago+Colazo\">Santiago Colazo<\/a> &#8211; Coment\u00f3 <a href=\"https:\/\/golandpop.com\/?s=sof%C3%ADa+jaimez+bertazzo\">Sof\u00eda Jaimez Bertazzo<\/a><\/figcaption><\/figure>\n\n\n\n<p><\/p>\n","protected":false},"excerpt":{"rendered":"<p>En la visita de Instituto a Villa D\u00e1lmine en la jornada 16 de la Primera Nacional, La Gloria venci\u00f3 a El Violeta por 2-1 con goles de Dami\u00e1n Arce y Lucas Landa. Luego de empatar 1-1 ante San Mart\u00edn de San Juan, Instituto se qued\u00f3 con los tres puntos en Campana en el ante\u00faltimo encuentro [&hellip;]<\/p>\n","protected":false},"author":1,"featured_media":11997,"comment_status":"open","ping_status":"open","sticky":false,"template":"","format":"standard","meta":{"footnotes":""},"categories":[29,39],"tags":[174,950,226,272],"class_list":["post-11990","post","type-post","status-publish","format-standard","has-post-thumbnail","hentry","category-agenda","category-futbol","tag-instituto","tag-portada","tag-primera-nacional","tag-villa-dalmine"],"yoast_head":"<!-- This site is optimized with the Yoast SEO plugin v26.1.1 - https:\/\/yoast.com\/wordpress\/plugins\/seo\/ -->\n<title>La Gloria dio vuelta el partido y se qued\u00f3 con los tres puntos en Campana - Golandpop<\/title>\n<meta name=\"robots\" content=\"index, follow, max-snippet:-1, max-image-preview:large, max-video-preview:-1\" \/>\n<link rel=\"canonical\" href=\"https:\/\/golandpop.com\/index.php\/2021\/07\/12\/la-gloria-dio-vuelta-el-partido-y-se-quedo-con-los-tres-puntos-en-campana\/\" \/>\n<meta property=\"og:locale\" content=\"es_ES\" \/>\n<meta property=\"og:type\" content=\"article\" \/>\n<meta property=\"og:title\" content=\"La Gloria dio vuelta el partido y se qued\u00f3 con los tres puntos en Campana - Golandpop\" \/>\n<meta property=\"og:description\" content=\"En la visita de Instituto a Villa D\u00e1lmine en la jornada 16 de la Primera Nacional, La Gloria venci\u00f3 a El Violeta por 2-1 con goles de Dami\u00e1n Arce y Lucas Landa. Luego de empatar 1-1 ante San Mart\u00edn de San Juan, Instituto se qued\u00f3 con los tres puntos en Campana en el ante\u00faltimo encuentro [&hellip;]\" \/>\n<meta property=\"og:url\" content=\"https:\/\/golandpop.com\/index.php\/2021\/07\/12\/la-gloria-dio-vuelta-el-partido-y-se-quedo-con-los-tres-puntos-en-campana\/\" \/>\n<meta property=\"og:site_name\" content=\"Golandpop\" \/>\n<meta property=\"article:published_time\" content=\"2021-07-12T20:43:20+00:00\" \/>\n<meta property=\"article:modified_time\" content=\"2021-07-12T20:44:22+00:00\" \/>\n<meta property=\"og:image\" content=\"https:\/\/golandpop.com\/wp-content\/uploads\/2021\/07\/E6HphijXIAcnoNm.jpg\" \/>\n\t<meta property=\"og:image:width\" content=\"680\" \/>\n\t<meta property=\"og:image:height\" content=\"453\" \/>\n\t<meta property=\"og:image:type\" content=\"image\/jpeg\" \/>\n<meta name=\"author\" content=\"Gol&amp;Pop\" \/>\n<meta name=\"twitter:card\" content=\"summary_large_image\" \/>\n<meta name=\"twitter:creator\" content=\"@golandpop\" \/>\n<meta name=\"twitter:site\" content=\"@golandpop\" \/>\n<meta name=\"twitter:label1\" content=\"Escrito por\" \/>\n\t<meta name=\"twitter:data1\" content=\"Gol&amp;Pop\" \/>\n\t<meta name=\"twitter:label2\" content=\"Tiempo de lectura\" \/>\n\t<meta name=\"twitter:data2\" content=\"2 minutos\" \/>\n<script type=\"application\/ld+json\" class=\"yoast-schema-graph\">{\"@context\":\"https:\/\/schema.org\",\"@graph\":[{\"@type\":\"Article\",\"@id\":\"https:\/\/golandpop.com\/index.php\/2021\/07\/12\/la-gloria-dio-vuelta-el-partido-y-se-quedo-con-los-tres-puntos-en-campana\/#article\",\"isPartOf\":{\"@id\":\"https:\/\/golandpop.com\/index.php\/2021\/07\/12\/la-gloria-dio-vuelta-el-partido-y-se-quedo-con-los-tres-puntos-en-campana\/\"},\"author\":{\"name\":\"Gol&amp;Pop\",\"@id\":\"https:\/\/golandpop.com\/#\/schema\/person\/2809725861e0da25eaffe2d9b29c9613\"},\"headline\":\"La Gloria dio vuelta el partido y se qued\u00f3 con los tres puntos en Campana\",\"datePublished\":\"2021-07-12T20:43:20+00:00\",\"dateModified\":\"2021-07-12T20:44:22+00:00\",\"mainEntityOfPage\":{\"@id\":\"https:\/\/golandpop.com\/index.php\/2021\/07\/12\/la-gloria-dio-vuelta-el-partido-y-se-quedo-con-los-tres-puntos-en-campana\/\"},\"wordCount\":445,\"commentCount\":0,\"publisher\":{\"@id\":\"https:\/\/golandpop.com\/#organization\"},\"image\":{\"@id\":\"https:\/\/golandpop.com\/index.php\/2021\/07\/12\/la-gloria-dio-vuelta-el-partido-y-se-quedo-con-los-tres-puntos-en-campana\/#primaryimage\"},\"thumbnailUrl\":\"https:\/\/golandpop.com\/wp-content\/uploads\/2021\/07\/E6HphijXIAcnoNm.jpg\",\"keywords\":[\"Instituto\",\"portada\",\"Primera Nacional\",\"Villa Dalmine\"],\"articleSection\":[\"Agenda\",\"F\u00fatbol\"],\"inLanguage\":\"es-AR\"},{\"@type\":\"WebPage\",\"@id\":\"https:\/\/golandpop.com\/index.php\/2021\/07\/12\/la-gloria-dio-vuelta-el-partido-y-se-quedo-con-los-tres-puntos-en-campana\/\",\"url\":\"https:\/\/golandpop.com\/index.php\/2021\/07\/12\/la-gloria-dio-vuelta-el-partido-y-se-quedo-con-los-tres-puntos-en-campana\/\",\"name\":\"La Gloria dio vuelta el partido y se qued\u00f3 con los tres puntos en Campana - Golandpop\",\"isPartOf\":{\"@id\":\"https:\/\/golandpop.com\/#website\"},\"primaryImageOfPage\":{\"@id\":\"https:\/\/golandpop.com\/index.php\/2021\/07\/12\/la-gloria-dio-vuelta-el-partido-y-se-quedo-con-los-tres-puntos-en-campana\/#primaryimage\"},\"image\":{\"@id\":\"https:\/\/golandpop.com\/index.php\/2021\/07\/12\/la-gloria-dio-vuelta-el-partido-y-se-quedo-con-los-tres-puntos-en-campana\/#primaryimage\"},\"thumbnailUrl\":\"https:\/\/golandpop.com\/wp-content\/uploads\/2021\/07\/E6HphijXIAcnoNm.jpg\",\"datePublished\":\"2021-07-12T20:43:20+00:00\",\"dateModified\":\"2021-07-12T20:44:22+00:00\",\"breadcrumb\":{\"@id\":\"https:\/\/golandpop.com\/index.php\/2021\/07\/12\/la-gloria-dio-vuelta-el-partido-y-se-quedo-con-los-tres-puntos-en-campana\/#breadcrumb\"},\"inLanguage\":\"es-AR\",\"potentialAction\":[{\"@type\":\"ReadAction\",\"target\":[\"https:\/\/golandpop.com\/index.php\/2021\/07\/12\/la-gloria-dio-vuelta-el-partido-y-se-quedo-con-los-tres-puntos-en-campana\/\"]}]},{\"@type\":\"ImageObject\",\"inLanguage\":\"es-AR\",\"@id\":\"https:\/\/golandpop.com\/index.php\/2021\/07\/12\/la-gloria-dio-vuelta-el-partido-y-se-quedo-con-los-tres-puntos-en-campana\/#primaryimage\",\"url\":\"https:\/\/golandpop.com\/wp-content\/uploads\/2021\/07\/E6HphijXIAcnoNm.jpg\",\"contentUrl\":\"https:\/\/golandpop.com\/wp-content\/uploads\/2021\/07\/E6HphijXIAcnoNm.jpg\",\"width\":680,\"height\":453},{\"@type\":\"BreadcrumbList\",\"@id\":\"https:\/\/golandpop.com\/index.php\/2021\/07\/12\/la-gloria-dio-vuelta-el-partido-y-se-quedo-con-los-tres-puntos-en-campana\/#breadcrumb\",\"itemListElement\":[{\"@type\":\"ListItem\",\"position\":1,\"name\":\"Inicio\",\"item\":\"https:\/\/golandpop.com\/\"},{\"@type\":\"ListItem\",\"position\":2,\"name\":\"La Gloria dio vuelta el partido y se qued\u00f3 con los tres puntos en Campana\"}]},{\"@type\":\"WebSite\",\"@id\":\"https:\/\/golandpop.com\/#website\",\"url\":\"https:\/\/golandpop.com\/\",\"name\":\"Golandpop\",\"description\":\"\",\"publisher\":{\"@id\":\"https:\/\/golandpop.com\/#organization\"},\"potentialAction\":[{\"@type\":\"SearchAction\",\"target\":{\"@type\":\"EntryPoint\",\"urlTemplate\":\"https:\/\/golandpop.com\/?s={search_term_string}\"},\"query-input\":{\"@type\":\"PropertyValueSpecification\",\"valueRequired\":true,\"valueName\":\"search_term_string\"}}],\"inLanguage\":\"es-AR\"},{\"@type\":\"Organization\",\"@id\":\"https:\/\/golandpop.com\/#organization\",\"name\":\"GolandPop\",\"url\":\"https:\/\/golandpop.com\/\",\"logo\":{\"@type\":\"ImageObject\",\"inLanguage\":\"es-AR\",\"@id\":\"https:\/\/golandpop.com\/#\/schema\/logo\/image\/\",\"url\":\"https:\/\/golandpop.com\/wp-content\/uploads\/2020\/04\/favicon_gol_pop.png\",\"contentUrl\":\"https:\/\/golandpop.com\/wp-content\/uploads\/2020\/04\/favicon_gol_pop.png\",\"width\":246,\"height\":246,\"caption\":\"GolandPop\"},\"image\":{\"@id\":\"https:\/\/golandpop.com\/#\/schema\/logo\/image\/\"},\"sameAs\":[\"https:\/\/x.com\/golandpop\",\"https:\/\/www.instagram.com\/golandpopcordoba\/\"]},{\"@type\":\"Person\",\"@id\":\"https:\/\/golandpop.com\/#\/schema\/person\/2809725861e0da25eaffe2d9b29c9613\",\"name\":\"Gol&amp;Pop\",\"image\":{\"@type\":\"ImageObject\",\"inLanguage\":\"es-AR\",\"@id\":\"https:\/\/golandpop.com\/#\/schema\/person\/image\/\",\"url\":\"https:\/\/secure.gravatar.com\/avatar\/9a87ee051ca8c77f5d4070843ce2c78cdf95b858b950fb039151de955122f5f5?s=96&d=mm&r=g\",\"contentUrl\":\"https:\/\/secure.gravatar.com\/avatar\/9a87ee051ca8c77f5d4070843ce2c78cdf95b858b950fb039151de955122f5f5?s=96&d=mm&r=g\",\"caption\":\"Gol&amp;Pop\"},\"sameAs\":[\"http:\/\/golandpop.com\"],\"url\":\"https:\/\/golandpop.com\/index.php\/author\/admin\/\"}]}<\/script>\n<!-- \/ Yoast SEO plugin. -->","yoast_head_json":{"title":"La Gloria dio vuelta el partido y se qued\u00f3 con los tres puntos en Campana - Golandpop","robots":{"index":"index","follow":"follow","max-snippet":"max-snippet:-1","max-image-preview":"max-image-preview:large","max-video-preview":"max-video-preview:-1"},"canonical":"https:\/\/golandpop.com\/index.php\/2021\/07\/12\/la-gloria-dio-vuelta-el-partido-y-se-quedo-con-los-tres-puntos-en-campana\/","og_locale":"es_ES","og_type":"article","og_title":"La Gloria dio vuelta el partido y se qued\u00f3 con los tres puntos en Campana - Golandpop","og_description":"En la visita de Instituto a Villa D\u00e1lmine en la jornada 16 de la Primera Nacional, La Gloria venci\u00f3 a El Violeta por 2-1 con goles de Dami\u00e1n Arce y Lucas Landa. Luego de empatar 1-1 ante San Mart\u00edn de San Juan, Instituto se qued\u00f3 con los tres puntos en Campana en el ante\u00faltimo encuentro [&hellip;]","og_url":"https:\/\/golandpop.com\/index.php\/2021\/07\/12\/la-gloria-dio-vuelta-el-partido-y-se-quedo-con-los-tres-puntos-en-campana\/","og_site_name":"Golandpop","article_published_time":"2021-07-12T20:43:20+00:00","article_modified_time":"2021-07-12T20:44:22+00:00","og_image":[{"width":680,"height":453,"url":"https:\/\/golandpop.com\/wp-content\/uploads\/2021\/07\/E6HphijXIAcnoNm.jpg","type":"image\/jpeg"}],"author":"Gol&amp;Pop","twitter_card":"summary_large_image","twitter_creator":"@golandpop","twitter_site":"@golandpop","twitter_misc":{"Escrito por":"Gol&amp;Pop","Tiempo de lectura":"2 minutos"},"schema":{"@context":"https:\/\/schema.org","@graph":[{"@type":"Article","@id":"https:\/\/golandpop.com\/index.php\/2021\/07\/12\/la-gloria-dio-vuelta-el-partido-y-se-quedo-con-los-tres-puntos-en-campana\/#article","isPartOf":{"@id":"https:\/\/golandpop.com\/index.php\/2021\/07\/12\/la-gloria-dio-vuelta-el-partido-y-se-quedo-con-los-tres-puntos-en-campana\/"},"author":{"name":"Gol&amp;Pop","@id":"https:\/\/golandpop.com\/#\/schema\/person\/2809725861e0da25eaffe2d9b29c9613"},"headline":"La Gloria dio vuelta el partido y se qued\u00f3 con los tres puntos en Campana","datePublished":"2021-07-12T20:43:20+00:00","dateModified":"2021-07-12T20:44:22+00:00","mainEntityOfPage":{"@id":"https:\/\/golandpop.com\/index.php\/2021\/07\/12\/la-gloria-dio-vuelta-el-partido-y-se-quedo-con-los-tres-puntos-en-campana\/"},"wordCount":445,"commentCount":0,"publisher":{"@id":"https:\/\/golandpop.com\/#organization"},"image":{"@id":"https:\/\/golandpop.com\/index.php\/2021\/07\/12\/la-gloria-dio-vuelta-el-partido-y-se-quedo-con-los-tres-puntos-en-campana\/#primaryimage"},"thumbnailUrl":"https:\/\/golandpop.com\/wp-content\/uploads\/2021\/07\/E6HphijXIAcnoNm.jpg","keywords":["Instituto","portada","Primera Nacional","Villa Dalmine"],"articleSection":["Agenda","F\u00fatbol"],"inLanguage":"es-AR"},{"@type":"WebPage","@id":"https:\/\/golandpop.com\/index.php\/2021\/07\/12\/la-gloria-dio-vuelta-el-partido-y-se-quedo-con-los-tres-puntos-en-campana\/","url":"https:\/\/golandpop.com\/index.php\/2021\/07\/12\/la-gloria-dio-vuelta-el-partido-y-se-quedo-con-los-tres-puntos-en-campana\/","name":"La Gloria dio vuelta el partido y se qued\u00f3 con los tres puntos en Campana - Golandpop","isPartOf":{"@id":"https:\/\/golandpop.com\/#website"},"primaryImageOfPage":{"@id":"https:\/\/golandpop.com\/index.php\/2021\/07\/12\/la-gloria-dio-vuelta-el-partido-y-se-quedo-con-los-tres-puntos-en-campana\/#primaryimage"},"image":{"@id":"https:\/\/golandpop.com\/index.php\/2021\/07\/12\/la-gloria-dio-vuelta-el-partido-y-se-quedo-con-los-tres-puntos-en-campana\/#primaryimage"},"thumbnailUrl":"https:\/\/golandpop.com\/wp-content\/uploads\/2021\/07\/E6HphijXIAcnoNm.jpg","datePublished":"2021-07-12T20:43:20+00:00","dateModified":"2021-07-12T20:44:22+00:00","breadcrumb":{"@id":"https:\/\/golandpop.com\/index.php\/2021\/07\/12\/la-gloria-dio-vuelta-el-partido-y-se-quedo-con-los-tres-puntos-en-campana\/#breadcrumb"},"inLanguage":"es-AR","potentialAction":[{"@type":"ReadAction","target":["https:\/\/golandpop.com\/index.php\/2021\/07\/12\/la-gloria-dio-vuelta-el-partido-y-se-quedo-con-los-tres-puntos-en-campana\/"]}]},{"@type":"ImageObject","inLanguage":"es-AR","@id":"https:\/\/golandpop.com\/index.php\/2021\/07\/12\/la-gloria-dio-vuelta-el-partido-y-se-quedo-con-los-tres-puntos-en-campana\/#primaryimage","url":"https:\/\/golandpop.com\/wp-content\/uploads\/2021\/07\/E6HphijXIAcnoNm.jpg","contentUrl":"https:\/\/golandpop.com\/wp-content\/uploads\/2021\/07\/E6HphijXIAcnoNm.jpg","width":680,"height":453},{"@type":"BreadcrumbList","@id":"https:\/\/golandpop.com\/index.php\/2021\/07\/12\/la-gloria-dio-vuelta-el-partido-y-se-quedo-con-los-tres-puntos-en-campana\/#breadcrumb","itemListElement":[{"@type":"ListItem","position":1,"name":"Inicio","item":"https:\/\/golandpop.com\/"},{"@type":"ListItem","position":2,"name":"La Gloria dio vuelta el partido y se qued\u00f3 con los tres puntos en Campana"}]},{"@type":"WebSite","@id":"https:\/\/golandpop.com\/#website","url":"https:\/\/golandpop.com\/","name":"Golandpop","description":"","publisher":{"@id":"https:\/\/golandpop.com\/#organization"},"potentialAction":[{"@type":"SearchAction","target":{"@type":"EntryPoint","urlTemplate":"https:\/\/golandpop.com\/?s={search_term_string}"},"query-input":{"@type":"PropertyValueSpecification","valueRequired":true,"valueName":"search_term_string"}}],"inLanguage":"es-AR"},{"@type":"Organization","@id":"https:\/\/golandpop.com\/#organization","name":"GolandPop","url":"https:\/\/golandpop.com\/","logo":{"@type":"ImageObject","inLanguage":"es-AR","@id":"https:\/\/golandpop.com\/#\/schema\/logo\/image\/","url":"https:\/\/golandpop.com\/wp-content\/uploads\/2020\/04\/favicon_gol_pop.png","contentUrl":"https:\/\/golandpop.com\/wp-content\/uploads\/2020\/04\/favicon_gol_pop.png","width":246,"height":246,"caption":"GolandPop"},"image":{"@id":"https:\/\/golandpop.com\/#\/schema\/logo\/image\/"},"sameAs":["https:\/\/x.com\/golandpop","https:\/\/www.instagram.com\/golandpopcordoba\/"]},{"@type":"Person","@id":"https:\/\/golandpop.com\/#\/schema\/person\/2809725861e0da25eaffe2d9b29c9613","name":"Gol&amp;Pop","image":{"@type":"ImageObject","inLanguage":"es-AR","@id":"https:\/\/golandpop.com\/#\/schema\/person\/image\/","url":"https:\/\/secure.gravatar.com\/avatar\/9a87ee051ca8c77f5d4070843ce2c78cdf95b858b950fb039151de955122f5f5?s=96&d=mm&r=g","contentUrl":"https:\/\/secure.gravatar.com\/avatar\/9a87ee051ca8c77f5d4070843ce2c78cdf95b858b950fb039151de955122f5f5?s=96&d=mm&r=g","caption":"Gol&amp;Pop"},"sameAs":["http:\/\/golandpop.com"],"url":"https:\/\/golandpop.com\/index.php\/author\/admin\/"}]}},"_links":{"self":[{"href":"https:\/\/golandpop.com\/index.php\/wp-json\/wp\/v2\/posts\/11990","targetHints":{"allow":["GET"]}}],"collection":[{"href":"https:\/\/golandpop.com\/index.php\/wp-json\/wp\/v2\/posts"}],"about":[{"href":"https:\/\/golandpop.com\/index.php\/wp-json\/wp\/v2\/types\/post"}],"author":[{"embeddable":true,"href":"https:\/\/golandpop.com\/index.php\/wp-json\/wp\/v2\/users\/1"}],"replies":[{"embeddable":true,"href":"https:\/\/golandpop.com\/index.php\/wp-json\/wp\/v2\/comments?post=11990"}],"version-history":[{"count":9,"href":"https:\/\/golandpop.com\/index.php\/wp-json\/wp\/v2\/posts\/11990\/revisions"}],"predecessor-version":[{"id":12005,"href":"https:\/\/golandpop.com\/index.php\/wp-json\/wp\/v2\/posts\/11990\/revisions\/12005"}],"wp:featuredmedia":[{"embeddable":true,"href":"https:\/\/golandpop.com\/index.php\/wp-json\/wp\/v2\/media\/11997"}],"wp:attachment":[{"href":"https:\/\/golandpop.com\/index.php\/wp-json\/wp\/v2\/media?parent=11990"}],"wp:term":[{"taxonomy":"category","embeddable":true,"href":"https:\/\/golandpop.com\/index.php\/wp-json\/wp\/v2\/categories?post=11990"},{"taxonomy":"post_tag","embeddable":true,"href":"https:\/\/golandpop.com\/index.php\/wp-json\/wp\/v2\/tags?post=11990"}],"curies":[{"name":"wp","href":"https:\/\/api.w.org\/{rel}","templated":true}]}}