{"id":11907,"date":"2021-07-10T19:00:00","date_gmt":"2021-07-10T22:00:00","guid":{"rendered":"https:\/\/golandpop.com\/?p=11907"},"modified":"2021-07-10T15:44:15","modified_gmt":"2021-07-10T18:44:15","slug":"alejandro-mancuso-el-trabajo-de-scaloni-y-del-cuerpo-tecnico-me-parece-muy-bueno","status":"publish","type":"post","link":"https:\/\/golandpop.com\/index.php\/2021\/07\/10\/alejandro-mancuso-el-trabajo-de-scaloni-y-del-cuerpo-tecnico-me-parece-muy-bueno\/","title":{"rendered":"Alejandro Mancuso: &#8220;El trabajo de Scaloni y del cuerpo t\u00e9cnico me parece muy bueno&#8221;"},"content":{"rendered":"\n<p><em>En la previa de la Final de la <a href=\"https:\/\/golandpop.com\/?s=copa+am%C3%A9rica\">Copa Am\u00e9rica 2021<\/a> Alejandro Mancuso cont\u00f3 sus sensaciones sobre la Selecci\u00f3n actual. <\/em><\/p>\n\n\n\n<p>&#8216;Mancu&#8217; pas\u00f3 por Ferro, <a href=\"https:\/\/golandpop.com\/?s=boca\">Boca<\/a> e Independiente. Tambi\u00e9n jug\u00f3 en Brasil as\u00ed que conoce de cerca el f\u00fatbol Verdeamarelo. Form\u00f3 parte de la <a href=\"https:\/\/golandpop.com\/?s=Selecci%C3%B3n+Argentina\">Selecci\u00f3n Argentina<\/a>, comparti\u00f3 Mundiales y Copas Am\u00e9rica. Tambi\u00e9n fue ayudante de campo, cuando el Director T\u00e9cnico era\u00a0Diego Maradona.<\/p>\n\n\n\n<div class=\"wp-block-image\"><figure class=\"aligncenter size-large\"><img fetchpriority=\"high\" decoding=\"async\" width=\"295\" height=\"386\" src=\"https:\/\/golandpop.com\/wp-content\/uploads\/2021\/07\/Mancuso_v_brazil.jpg\" alt=\"\" class=\"wp-image-11921\" srcset=\"https:\/\/golandpop.com\/wp-content\/uploads\/2021\/07\/Mancuso_v_brazil.jpg 295w, https:\/\/golandpop.com\/wp-content\/uploads\/2021\/07\/Mancuso_v_brazil-229x300.jpg 229w\" sizes=\"(max-width: 295px) 100vw, 295px\" \/><\/figure><\/div>\n\n\n\n<p>Su larga trayectoria le permiti\u00f3 hacer un rico an\u00e1lisis sobre el conjunto de Scaloni y \u00e9sta final tan esperada. Siempre con la ilusi\u00f3n intacta y como compatriota espera el triunfo a pesar que los rivales son muy fuertes y van a salir a ganar. El contexto sorprende ya que la vuelta ol\u00edmpica ser\u00e1 en el Estadio Maracan\u00e1 de Brasil. <\/p>\n\n\n\n<figure class=\"wp-block-audio\"><audio controls src=\"https:\/\/golandpop.com\/wp-content\/uploads\/2021\/07\/WhatsApp-Audio-2021-07-10-at-13.50.08-2.ogg\"><\/audio><figcaption>El trabajo de Lionel Scaloni<\/figcaption><\/figure>\n\n\n\n<figure class=\"wp-block-audio\"><audio controls src=\"https:\/\/golandpop.com\/wp-content\/uploads\/2021\/07\/WhatsApp-Audio-2021-07-10-at-13.50.08-1.ogg\"><\/audio><figcaption>El balance de la Selecci\u00f3n actual<\/figcaption><\/figure>\n\n\n\n<p>Cuando parec\u00eda que la gran final de la Copa Am\u00e9rica iba a ser sin p\u00fablico dadas las condiciones sanitarias,\u00a0la <a href=\"https:\/\/www.conmebol.com\/\">CONMEBOL<\/a> resolvi\u00f3 brindar acreditaciones y se jugar\u00e1 con hinchas.\u00a0Se decidi\u00f3 que habr\u00e1 un 10% de aforo con PCR (-).  Argentina va a disponer de 2.200 lugares, igual que Brasil, y luego habr\u00e1 1.100 m\u00e1s para cuestiones protocolares. <\/p>\n\n\n\n<figure class=\"wp-block-audio\"><audio controls src=\"https:\/\/golandpop.com\/wp-content\/uploads\/2021\/07\/WhatsApp-Audio-2021-07-10-at-13.50.08.ogg\"><\/audio><figcaption>Sobre Copa Am\u00e9rica<\/figcaption><\/figure>\n\n\n\n<p>Mancu visti\u00f3 la camiseta argentina en tiempos dorados y la  comparti\u00f3 con grandes figuras. Form\u00f3 parte del plantel de Ecuador 1993, la \u00faltima copa levantada. Todos los <strong>&#8220;muchachos est\u00e1bamos en una edad justa y por eso hab\u00eda tanta competencia&#8221;<\/strong>. Desde ese lugar y con humildad brind\u00f3 gran apoyo a los jugadores para vencer a Brasil en la final de la <a href=\"https:\/\/golandpop.com\/?s=copa+am%C3%A9rica\">Copa Am\u00e9rica 2021<\/a>. <\/p>\n\n\n\n<figure class=\"wp-block-audio\"><audio controls src=\"https:\/\/golandpop.com\/wp-content\/uploads\/2021\/07\/WhatsApp-Audio-2021-07-10-at-13.50.08-4.ogg\"><\/audio><figcaption>Experiencia como jugador de la Selecci\u00f3n <\/figcaption><\/figure>\n\n\n\n<figure class=\"wp-block-audio\"><audio controls src=\"https:\/\/golandpop.com\/wp-content\/uploads\/2021\/07\/WhatsApp-Audio-2021-07-10-at-13.50.08-3.ogg\"><\/audio><figcaption>El Consejo para jugar la final <\/figcaption><\/figure>\n\n\n\n<pre class=\"wp-block-preformatted\">Entrevista con Sof\u00eda Jaimez Bertazzo en exclusiva para <a href=\"https:\/\/golandpop.com\/\">Gol &amp; Pop<\/a><\/pre>\n\n\n\n<p><\/p>\n","protected":false},"excerpt":{"rendered":"<p>Palpitando la final de la Copa Am\u00e9rica 2021 <\/p>\n","protected":false},"author":1,"featured_media":11916,"comment_status":"open","ping_status":"open","sticky":false,"template":"","format":"standard","meta":{"footnotes":""},"categories":[777,778,39],"tags":[409,528,100,115,970,950],"class_list":["post-11907","post","type-post","status-publish","format-standard","has-post-thumbnail","hentry","category-actualidad","category-entrevistas","category-futbol","tag-alejandro-mancuso","tag-argentina","tag-brasil","tag-copa-america","tag-final-2021","tag-portada"],"yoast_head":"<!-- This site is optimized with the Yoast SEO plugin v26.1.1 - https:\/\/yoast.com\/wordpress\/plugins\/seo\/ -->\n<title>Alejandro Mancuso: &quot;El trabajo de Scaloni y del cuerpo t\u00e9cnico me parece muy bueno&quot; - Golandpop<\/title>\n<meta name=\"robots\" content=\"index, follow, max-snippet:-1, max-image-preview:large, max-video-preview:-1\" \/>\n<link rel=\"canonical\" href=\"https:\/\/golandpop.com\/index.php\/2021\/07\/10\/alejandro-mancuso-el-trabajo-de-scaloni-y-del-cuerpo-tecnico-me-parece-muy-bueno\/\" \/>\n<meta property=\"og:locale\" content=\"es_ES\" \/>\n<meta property=\"og:type\" content=\"article\" \/>\n<meta property=\"og:title\" content=\"Alejandro Mancuso: &quot;El trabajo de Scaloni y del cuerpo t\u00e9cnico me parece muy bueno&quot; - Golandpop\" \/>\n<meta property=\"og:description\" content=\"Palpitando la final de la Copa Am\u00e9rica 2021\" \/>\n<meta property=\"og:url\" content=\"https:\/\/golandpop.com\/index.php\/2021\/07\/10\/alejandro-mancuso-el-trabajo-de-scaloni-y-del-cuerpo-tecnico-me-parece-muy-bueno\/\" \/>\n<meta property=\"og:site_name\" content=\"Golandpop\" \/>\n<meta property=\"article:published_time\" content=\"2021-07-10T22:00:00+00:00\" \/>\n<meta property=\"og:image\" content=\"https:\/\/golandpop.com\/wp-content\/uploads\/2021\/07\/copa-america-argentina-1993pngpng.png\" \/>\n\t<meta property=\"og:image:width\" content=\"1200\" \/>\n\t<meta property=\"og:image:height\" content=\"675\" \/>\n\t<meta property=\"og:image:type\" content=\"image\/png\" \/>\n<meta name=\"author\" content=\"Gol&amp;Pop\" \/>\n<meta name=\"twitter:card\" content=\"summary_large_image\" \/>\n<meta name=\"twitter:creator\" content=\"@golandpop\" \/>\n<meta name=\"twitter:site\" content=\"@golandpop\" \/>\n<meta name=\"twitter:label1\" content=\"Escrito por\" \/>\n\t<meta name=\"twitter:data1\" content=\"Gol&amp;Pop\" \/>\n\t<meta name=\"twitter:label2\" content=\"Tiempo de lectura\" \/>\n\t<meta name=\"twitter:data2\" content=\"1 minuto\" \/>\n<script type=\"application\/ld+json\" class=\"yoast-schema-graph\">{\"@context\":\"https:\/\/schema.org\",\"@graph\":[{\"@type\":\"Article\",\"@id\":\"https:\/\/golandpop.com\/index.php\/2021\/07\/10\/alejandro-mancuso-el-trabajo-de-scaloni-y-del-cuerpo-tecnico-me-parece-muy-bueno\/#article\",\"isPartOf\":{\"@id\":\"https:\/\/golandpop.com\/index.php\/2021\/07\/10\/alejandro-mancuso-el-trabajo-de-scaloni-y-del-cuerpo-tecnico-me-parece-muy-bueno\/\"},\"author\":{\"name\":\"Gol&amp;Pop\",\"@id\":\"https:\/\/golandpop.com\/#\/schema\/person\/2809725861e0da25eaffe2d9b29c9613\"},\"headline\":\"Alejandro Mancuso: &#8220;El trabajo de Scaloni y del cuerpo t\u00e9cnico me parece muy bueno&#8221;\",\"datePublished\":\"2021-07-10T22:00:00+00:00\",\"mainEntityOfPage\":{\"@id\":\"https:\/\/golandpop.com\/index.php\/2021\/07\/10\/alejandro-mancuso-el-trabajo-de-scaloni-y-del-cuerpo-tecnico-me-parece-muy-bueno\/\"},\"wordCount\":298,\"commentCount\":0,\"publisher\":{\"@id\":\"https:\/\/golandpop.com\/#organization\"},\"image\":{\"@id\":\"https:\/\/golandpop.com\/index.php\/2021\/07\/10\/alejandro-mancuso-el-trabajo-de-scaloni-y-del-cuerpo-tecnico-me-parece-muy-bueno\/#primaryimage\"},\"thumbnailUrl\":\"https:\/\/golandpop.com\/wp-content\/uploads\/2021\/07\/copa-america-argentina-1993pngpng.png\",\"keywords\":[\"Alejandro Mancuso\",\"Argentina\",\"Brasil\",\"Copa Am\u00e9rica\",\"final 2021\",\"portada\"],\"articleSection\":[\"Actualidad\",\"Entrevistas\",\"F\u00fatbol\"],\"inLanguage\":\"es-AR\"},{\"@type\":\"WebPage\",\"@id\":\"https:\/\/golandpop.com\/index.php\/2021\/07\/10\/alejandro-mancuso-el-trabajo-de-scaloni-y-del-cuerpo-tecnico-me-parece-muy-bueno\/\",\"url\":\"https:\/\/golandpop.com\/index.php\/2021\/07\/10\/alejandro-mancuso-el-trabajo-de-scaloni-y-del-cuerpo-tecnico-me-parece-muy-bueno\/\",\"name\":\"Alejandro Mancuso: \\\"El trabajo de Scaloni y del cuerpo t\u00e9cnico me parece muy bueno\\\" - Golandpop\",\"isPartOf\":{\"@id\":\"https:\/\/golandpop.com\/#website\"},\"primaryImageOfPage\":{\"@id\":\"https:\/\/golandpop.com\/index.php\/2021\/07\/10\/alejandro-mancuso-el-trabajo-de-scaloni-y-del-cuerpo-tecnico-me-parece-muy-bueno\/#primaryimage\"},\"image\":{\"@id\":\"https:\/\/golandpop.com\/index.php\/2021\/07\/10\/alejandro-mancuso-el-trabajo-de-scaloni-y-del-cuerpo-tecnico-me-parece-muy-bueno\/#primaryimage\"},\"thumbnailUrl\":\"https:\/\/golandpop.com\/wp-content\/uploads\/2021\/07\/copa-america-argentina-1993pngpng.png\",\"datePublished\":\"2021-07-10T22:00:00+00:00\",\"breadcrumb\":{\"@id\":\"https:\/\/golandpop.com\/index.php\/2021\/07\/10\/alejandro-mancuso-el-trabajo-de-scaloni-y-del-cuerpo-tecnico-me-parece-muy-bueno\/#breadcrumb\"},\"inLanguage\":\"es-AR\",\"potentialAction\":[{\"@type\":\"ReadAction\",\"target\":[\"https:\/\/golandpop.com\/index.php\/2021\/07\/10\/alejandro-mancuso-el-trabajo-de-scaloni-y-del-cuerpo-tecnico-me-parece-muy-bueno\/\"]}]},{\"@type\":\"ImageObject\",\"inLanguage\":\"es-AR\",\"@id\":\"https:\/\/golandpop.com\/index.php\/2021\/07\/10\/alejandro-mancuso-el-trabajo-de-scaloni-y-del-cuerpo-tecnico-me-parece-muy-bueno\/#primaryimage\",\"url\":\"https:\/\/golandpop.com\/wp-content\/uploads\/2021\/07\/copa-america-argentina-1993pngpng.png\",\"contentUrl\":\"https:\/\/golandpop.com\/wp-content\/uploads\/2021\/07\/copa-america-argentina-1993pngpng.png\",\"width\":1200,\"height\":675},{\"@type\":\"BreadcrumbList\",\"@id\":\"https:\/\/golandpop.com\/index.php\/2021\/07\/10\/alejandro-mancuso-el-trabajo-de-scaloni-y-del-cuerpo-tecnico-me-parece-muy-bueno\/#breadcrumb\",\"itemListElement\":[{\"@type\":\"ListItem\",\"position\":1,\"name\":\"Inicio\",\"item\":\"https:\/\/golandpop.com\/\"},{\"@type\":\"ListItem\",\"position\":2,\"name\":\"Alejandro Mancuso: &#8220;El trabajo de Scaloni y del cuerpo t\u00e9cnico me parece muy bueno&#8221;\"}]},{\"@type\":\"WebSite\",\"@id\":\"https:\/\/golandpop.com\/#website\",\"url\":\"https:\/\/golandpop.com\/\",\"name\":\"Golandpop\",\"description\":\"\",\"publisher\":{\"@id\":\"https:\/\/golandpop.com\/#organization\"},\"potentialAction\":[{\"@type\":\"SearchAction\",\"target\":{\"@type\":\"EntryPoint\",\"urlTemplate\":\"https:\/\/golandpop.com\/?s={search_term_string}\"},\"query-input\":{\"@type\":\"PropertyValueSpecification\",\"valueRequired\":true,\"valueName\":\"search_term_string\"}}],\"inLanguage\":\"es-AR\"},{\"@type\":\"Organization\",\"@id\":\"https:\/\/golandpop.com\/#organization\",\"name\":\"GolandPop\",\"url\":\"https:\/\/golandpop.com\/\",\"logo\":{\"@type\":\"ImageObject\",\"inLanguage\":\"es-AR\",\"@id\":\"https:\/\/golandpop.com\/#\/schema\/logo\/image\/\",\"url\":\"https:\/\/golandpop.com\/wp-content\/uploads\/2020\/04\/favicon_gol_pop.png\",\"contentUrl\":\"https:\/\/golandpop.com\/wp-content\/uploads\/2020\/04\/favicon_gol_pop.png\",\"width\":246,\"height\":246,\"caption\":\"GolandPop\"},\"image\":{\"@id\":\"https:\/\/golandpop.com\/#\/schema\/logo\/image\/\"},\"sameAs\":[\"https:\/\/x.com\/golandpop\",\"https:\/\/www.instagram.com\/golandpopcordoba\/\"]},{\"@type\":\"Person\",\"@id\":\"https:\/\/golandpop.com\/#\/schema\/person\/2809725861e0da25eaffe2d9b29c9613\",\"name\":\"Gol&amp;Pop\",\"image\":{\"@type\":\"ImageObject\",\"inLanguage\":\"es-AR\",\"@id\":\"https:\/\/golandpop.com\/#\/schema\/person\/image\/\",\"url\":\"https:\/\/secure.gravatar.com\/avatar\/9a87ee051ca8c77f5d4070843ce2c78cdf95b858b950fb039151de955122f5f5?s=96&d=mm&r=g\",\"contentUrl\":\"https:\/\/secure.gravatar.com\/avatar\/9a87ee051ca8c77f5d4070843ce2c78cdf95b858b950fb039151de955122f5f5?s=96&d=mm&r=g\",\"caption\":\"Gol&amp;Pop\"},\"sameAs\":[\"http:\/\/golandpop.com\"],\"url\":\"https:\/\/golandpop.com\/index.php\/author\/admin\/\"}]}<\/script>\n<!-- \/ Yoast SEO plugin. -->","yoast_head_json":{"title":"Alejandro Mancuso: \"El trabajo de Scaloni y del cuerpo t\u00e9cnico me parece muy bueno\" - Golandpop","robots":{"index":"index","follow":"follow","max-snippet":"max-snippet:-1","max-image-preview":"max-image-preview:large","max-video-preview":"max-video-preview:-1"},"canonical":"https:\/\/golandpop.com\/index.php\/2021\/07\/10\/alejandro-mancuso-el-trabajo-de-scaloni-y-del-cuerpo-tecnico-me-parece-muy-bueno\/","og_locale":"es_ES","og_type":"article","og_title":"Alejandro Mancuso: \"El trabajo de Scaloni y del cuerpo t\u00e9cnico me parece muy bueno\" - Golandpop","og_description":"Palpitando la final de la Copa Am\u00e9rica 2021","og_url":"https:\/\/golandpop.com\/index.php\/2021\/07\/10\/alejandro-mancuso-el-trabajo-de-scaloni-y-del-cuerpo-tecnico-me-parece-muy-bueno\/","og_site_name":"Golandpop","article_published_time":"2021-07-10T22:00:00+00:00","og_image":[{"width":1200,"height":675,"url":"https:\/\/golandpop.com\/wp-content\/uploads\/2021\/07\/copa-america-argentina-1993pngpng.png","type":"image\/png"}],"author":"Gol&amp;Pop","twitter_card":"summary_large_image","twitter_creator":"@golandpop","twitter_site":"@golandpop","twitter_misc":{"Escrito por":"Gol&amp;Pop","Tiempo de lectura":"1 minuto"},"schema":{"@context":"https:\/\/schema.org","@graph":[{"@type":"Article","@id":"https:\/\/golandpop.com\/index.php\/2021\/07\/10\/alejandro-mancuso-el-trabajo-de-scaloni-y-del-cuerpo-tecnico-me-parece-muy-bueno\/#article","isPartOf":{"@id":"https:\/\/golandpop.com\/index.php\/2021\/07\/10\/alejandro-mancuso-el-trabajo-de-scaloni-y-del-cuerpo-tecnico-me-parece-muy-bueno\/"},"author":{"name":"Gol&amp;Pop","@id":"https:\/\/golandpop.com\/#\/schema\/person\/2809725861e0da25eaffe2d9b29c9613"},"headline":"Alejandro Mancuso: &#8220;El trabajo de Scaloni y del cuerpo t\u00e9cnico me parece muy bueno&#8221;","datePublished":"2021-07-10T22:00:00+00:00","mainEntityOfPage":{"@id":"https:\/\/golandpop.com\/index.php\/2021\/07\/10\/alejandro-mancuso-el-trabajo-de-scaloni-y-del-cuerpo-tecnico-me-parece-muy-bueno\/"},"wordCount":298,"commentCount":0,"publisher":{"@id":"https:\/\/golandpop.com\/#organization"},"image":{"@id":"https:\/\/golandpop.com\/index.php\/2021\/07\/10\/alejandro-mancuso-el-trabajo-de-scaloni-y-del-cuerpo-tecnico-me-parece-muy-bueno\/#primaryimage"},"thumbnailUrl":"https:\/\/golandpop.com\/wp-content\/uploads\/2021\/07\/copa-america-argentina-1993pngpng.png","keywords":["Alejandro Mancuso","Argentina","Brasil","Copa Am\u00e9rica","final 2021","portada"],"articleSection":["Actualidad","Entrevistas","F\u00fatbol"],"inLanguage":"es-AR"},{"@type":"WebPage","@id":"https:\/\/golandpop.com\/index.php\/2021\/07\/10\/alejandro-mancuso-el-trabajo-de-scaloni-y-del-cuerpo-tecnico-me-parece-muy-bueno\/","url":"https:\/\/golandpop.com\/index.php\/2021\/07\/10\/alejandro-mancuso-el-trabajo-de-scaloni-y-del-cuerpo-tecnico-me-parece-muy-bueno\/","name":"Alejandro Mancuso: \"El trabajo de Scaloni y del cuerpo t\u00e9cnico me parece muy bueno\" - Golandpop","isPartOf":{"@id":"https:\/\/golandpop.com\/#website"},"primaryImageOfPage":{"@id":"https:\/\/golandpop.com\/index.php\/2021\/07\/10\/alejandro-mancuso-el-trabajo-de-scaloni-y-del-cuerpo-tecnico-me-parece-muy-bueno\/#primaryimage"},"image":{"@id":"https:\/\/golandpop.com\/index.php\/2021\/07\/10\/alejandro-mancuso-el-trabajo-de-scaloni-y-del-cuerpo-tecnico-me-parece-muy-bueno\/#primaryimage"},"thumbnailUrl":"https:\/\/golandpop.com\/wp-content\/uploads\/2021\/07\/copa-america-argentina-1993pngpng.png","datePublished":"2021-07-10T22:00:00+00:00","breadcrumb":{"@id":"https:\/\/golandpop.com\/index.php\/2021\/07\/10\/alejandro-mancuso-el-trabajo-de-scaloni-y-del-cuerpo-tecnico-me-parece-muy-bueno\/#breadcrumb"},"inLanguage":"es-AR","potentialAction":[{"@type":"ReadAction","target":["https:\/\/golandpop.com\/index.php\/2021\/07\/10\/alejandro-mancuso-el-trabajo-de-scaloni-y-del-cuerpo-tecnico-me-parece-muy-bueno\/"]}]},{"@type":"ImageObject","inLanguage":"es-AR","@id":"https:\/\/golandpop.com\/index.php\/2021\/07\/10\/alejandro-mancuso-el-trabajo-de-scaloni-y-del-cuerpo-tecnico-me-parece-muy-bueno\/#primaryimage","url":"https:\/\/golandpop.com\/wp-content\/uploads\/2021\/07\/copa-america-argentina-1993pngpng.png","contentUrl":"https:\/\/golandpop.com\/wp-content\/uploads\/2021\/07\/copa-america-argentina-1993pngpng.png","width":1200,"height":675},{"@type":"BreadcrumbList","@id":"https:\/\/golandpop.com\/index.php\/2021\/07\/10\/alejandro-mancuso-el-trabajo-de-scaloni-y-del-cuerpo-tecnico-me-parece-muy-bueno\/#breadcrumb","itemListElement":[{"@type":"ListItem","position":1,"name":"Inicio","item":"https:\/\/golandpop.com\/"},{"@type":"ListItem","position":2,"name":"Alejandro Mancuso: &#8220;El trabajo de Scaloni y del cuerpo t\u00e9cnico me parece muy bueno&#8221;"}]},{"@type":"WebSite","@id":"https:\/\/golandpop.com\/#website","url":"https:\/\/golandpop.com\/","name":"Golandpop","description":"","publisher":{"@id":"https:\/\/golandpop.com\/#organization"},"potentialAction":[{"@type":"SearchAction","target":{"@type":"EntryPoint","urlTemplate":"https:\/\/golandpop.com\/?s={search_term_string}"},"query-input":{"@type":"PropertyValueSpecification","valueRequired":true,"valueName":"search_term_string"}}],"inLanguage":"es-AR"},{"@type":"Organization","@id":"https:\/\/golandpop.com\/#organization","name":"GolandPop","url":"https:\/\/golandpop.com\/","logo":{"@type":"ImageObject","inLanguage":"es-AR","@id":"https:\/\/golandpop.com\/#\/schema\/logo\/image\/","url":"https:\/\/golandpop.com\/wp-content\/uploads\/2020\/04\/favicon_gol_pop.png","contentUrl":"https:\/\/golandpop.com\/wp-content\/uploads\/2020\/04\/favicon_gol_pop.png","width":246,"height":246,"caption":"GolandPop"},"image":{"@id":"https:\/\/golandpop.com\/#\/schema\/logo\/image\/"},"sameAs":["https:\/\/x.com\/golandpop","https:\/\/www.instagram.com\/golandpopcordoba\/"]},{"@type":"Person","@id":"https:\/\/golandpop.com\/#\/schema\/person\/2809725861e0da25eaffe2d9b29c9613","name":"Gol&amp;Pop","image":{"@type":"ImageObject","inLanguage":"es-AR","@id":"https:\/\/golandpop.com\/#\/schema\/person\/image\/","url":"https:\/\/secure.gravatar.com\/avatar\/9a87ee051ca8c77f5d4070843ce2c78cdf95b858b950fb039151de955122f5f5?s=96&d=mm&r=g","contentUrl":"https:\/\/secure.gravatar.com\/avatar\/9a87ee051ca8c77f5d4070843ce2c78cdf95b858b950fb039151de955122f5f5?s=96&d=mm&r=g","caption":"Gol&amp;Pop"},"sameAs":["http:\/\/golandpop.com"],"url":"https:\/\/golandpop.com\/index.php\/author\/admin\/"}]}},"_links":{"self":[{"href":"https:\/\/golandpop.com\/index.php\/wp-json\/wp\/v2\/posts\/11907","targetHints":{"allow":["GET"]}}],"collection":[{"href":"https:\/\/golandpop.com\/index.php\/wp-json\/wp\/v2\/posts"}],"about":[{"href":"https:\/\/golandpop.com\/index.php\/wp-json\/wp\/v2\/types\/post"}],"author":[{"embeddable":true,"href":"https:\/\/golandpop.com\/index.php\/wp-json\/wp\/v2\/users\/1"}],"replies":[{"embeddable":true,"href":"https:\/\/golandpop.com\/index.php\/wp-json\/wp\/v2\/comments?post=11907"}],"version-history":[{"count":10,"href":"https:\/\/golandpop.com\/index.php\/wp-json\/wp\/v2\/posts\/11907\/revisions"}],"predecessor-version":[{"id":11925,"href":"https:\/\/golandpop.com\/index.php\/wp-json\/wp\/v2\/posts\/11907\/revisions\/11925"}],"wp:featuredmedia":[{"embeddable":true,"href":"https:\/\/golandpop.com\/index.php\/wp-json\/wp\/v2\/media\/11916"}],"wp:attachment":[{"href":"https:\/\/golandpop.com\/index.php\/wp-json\/wp\/v2\/media?parent=11907"}],"wp:term":[{"taxonomy":"category","embeddable":true,"href":"https:\/\/golandpop.com\/index.php\/wp-json\/wp\/v2\/categories?post=11907"},{"taxonomy":"post_tag","embeddable":true,"href":"https:\/\/golandpop.com\/index.php\/wp-json\/wp\/v2\/tags?post=11907"}],"curies":[{"name":"wp","href":"https:\/\/api.w.org\/{rel}","templated":true}]}}