{"id":11871,"date":"2021-07-08T19:43:51","date_gmt":"2021-07-08T22:43:51","guid":{"rendered":"https:\/\/golandpop.com\/?p=11871"},"modified":"2021-07-08T19:53:27","modified_gmt":"2021-07-08T22:53:27","slug":"el-tango-testigo-social-y-politico-de-la-r-a","status":"publish","type":"post","link":"https:\/\/golandpop.com\/index.php\/2021\/07\/08\/el-tango-testigo-social-y-politico-de-la-r-a\/","title":{"rendered":"El Tango, testigo social y pol\u00edtico de la R. A."},"content":{"rendered":"\n<p>Por Alberto Jaimez <\/p>\n\n\n\n<p>Los Corrales Viejos. Nuevamente el l\u00edmite y el margen. \u00bfUna franja liberada? All\u00ed comienza o termina la gran ciudad. Como siempre, depende desde d\u00f3nde se mire. Aqu\u00ed se abre la inmensa pampa argentina o llegamos a los \u201cCorrales\u201d. Depende, tambi\u00e9n, si se va o se viene.<\/p>\n\n\n\n<p>En esa franja \u201cacampan\u201d los hombres del tango y el lunfardo, del coraje y el cuchillo, de la soledad de muchos en compa\u00f1\u00eda de otros tantos, de la nostalgia y la esperanza, del mito heroico y de la realidad amarga. Noches de fogones y guitarras ven brotar, en la luz tenue, notas con aires misturados de milongas, habaneras y candombes. Notas de musicalidad alegre. Alegr\u00eda que mitiga la dureza de la jornada y va apaciguando la angustia lentamente. Lentamente se van apagando los fogones.<\/p>\n\n\n\n<p>\u00bfQui\u00e9nes somos? se habr\u00e1n preguntado los soldados que \u201cpararon los malones\u201d; los gringos vomitados por los barcos, que ni entre ellos se entend\u00edan; los negros o pardos o mulatos; los arrieros de las penas propias y las vacas ajenas; los que delinquieron en defensa propia; las prostitutas baratas o las soldaderas, otrora reinas de los fortines, y las indias prostituidas por los \u201cblancos\u201d, la injusticia, el desarraigo, el hambre y la pobreza. \u00bfQui\u00e9nes somos ahora que somos nadie?<\/p>\n\n\n\n<p>En ese pedazo de tierra cada \u201cmacho\u201d muestra su destreza. Piernas \u00e1giles, caderas que articulan, torso y cabeza erguidos. Macho con macho. Compartiendo, compitiendo e imitando la cadenciosa y ritual danza de los<br>hombres de color. <\/p>\n\n\n\n<p>La soledad del sin amor empuja a los hombres con su m\u00fasica y su danza hacia los umbrales mismos del misterio. Entran buscando afecto. Ahora bailan con mujeres eso que le llaman tango. En el \u201cqueco\u201d entregan su energ\u00eda y su esperanza. Luego parten con el pecho y las manos vac\u00edas. Con m\u00e1s soledad y menos amor caminan de regreso.<\/p>\n\n\n\n<p>Poco a poco ir\u00e1 surgiendo una copla picaresca que eluda y aluda a lo deseado. Prosaico es el lenguaje que habla de lo que se adolece, de lo que se a\u00f1ora. As\u00ed surgen \u201cDame la lata\u201d, \u201cEl queco\u201d y \u201cLa clavada\u201d, \u201cLa cara de la luna\u201d. <\/p>\n\n\n\n<p>Es pobre la voz del tango. Es pobre la m\u00fasica del tango. Es prostibulario el tango. Son pobres los hombres y las mujeres del tango. La muralla imaginaria de la ciudad y de las \u201ccasas bien\u201d est\u00e1n alertas, no vaya a ser que las \u201cchicas bien\u201d se den el gusto de escuchar el deseo, de sentir el deseo, de bailar el deseo.<\/p>\n\n\n\n<p>Nadie se dio cuenta del peque\u00f1o \u201cCaballo de Troya\u201d que recorr\u00eda las calles. Nadie vio el peligro en el ingenuo organito que desgranando notas pegajosas hac\u00eda filtrar al tango por ventanales y canceles. Con \u00e9l, las j\u00f3venes tambi\u00e9n bailaron solas, frente al espejo, lo prohibido. Muchos y muchas lo escuchaban y lo bailaban, pero, en la m\u00e1s cruel hipocres\u00eda, nadie, s\u00f3lo el populacho, conoc\u00eda y compart\u00eda al tango.<\/p>\n","protected":false},"excerpt":{"rendered":"<p>Por Alberto Jaimez Los Corrales Viejos. Nuevamente el l\u00edmite y el margen. \u00bfUna franja liberada? All\u00ed comienza o termina la gran ciudad. Como siempre, depende desde d\u00f3nde se mire. Aqu\u00ed se abre la inmensa pampa argentina o llegamos a los \u201cCorrales\u201d. Depende, tambi\u00e9n, si se va o se viene. En esa franja \u201cacampan\u201d los hombres [&hellip;]<\/p>\n","protected":false},"author":1,"featured_media":11875,"comment_status":"open","ping_status":"open","sticky":false,"template":"","format":"standard","meta":{"footnotes":""},"categories":[955],"tags":[1007,950,1035],"class_list":["post-11871","post","type-post","status-publish","format-standard","has-post-thumbnail","hentry","category-a-destiempo","tag-cultura","tag-portada","tag-tango"],"yoast_head":"<!-- This site is optimized with the Yoast SEO plugin v26.1.1 - https:\/\/yoast.com\/wordpress\/plugins\/seo\/ -->\n<title>El Tango, testigo social y pol\u00edtico de la R. A. - Golandpop<\/title>\n<meta name=\"robots\" content=\"index, follow, max-snippet:-1, max-image-preview:large, max-video-preview:-1\" \/>\n<link rel=\"canonical\" href=\"https:\/\/golandpop.com\/index.php\/2021\/07\/08\/el-tango-testigo-social-y-politico-de-la-r-a\/\" \/>\n<meta property=\"og:locale\" content=\"es_ES\" \/>\n<meta property=\"og:type\" content=\"article\" \/>\n<meta property=\"og:title\" content=\"El Tango, testigo social y pol\u00edtico de la R. A. - Golandpop\" \/>\n<meta property=\"og:description\" content=\"Por Alberto Jaimez Los Corrales Viejos. Nuevamente el l\u00edmite y el margen. \u00bfUna franja liberada? All\u00ed comienza o termina la gran ciudad. Como siempre, depende desde d\u00f3nde se mire. Aqu\u00ed se abre la inmensa pampa argentina o llegamos a los \u201cCorrales\u201d. Depende, tambi\u00e9n, si se va o se viene. En esa franja \u201cacampan\u201d los hombres [&hellip;]\" \/>\n<meta property=\"og:url\" content=\"https:\/\/golandpop.com\/index.php\/2021\/07\/08\/el-tango-testigo-social-y-politico-de-la-r-a\/\" \/>\n<meta property=\"og:site_name\" content=\"Golandpop\" \/>\n<meta property=\"article:published_time\" content=\"2021-07-08T22:43:51+00:00\" \/>\n<meta property=\"article:modified_time\" content=\"2021-07-08T22:53:27+00:00\" \/>\n<meta property=\"og:image\" content=\"https:\/\/golandpop.com\/wp-content\/uploads\/2021\/07\/gardel_deportes_montevideo-e1625784187279.jpg\" \/>\n\t<meta property=\"og:image:width\" content=\"960\" \/>\n\t<meta property=\"og:image:height\" content=\"712\" \/>\n\t<meta property=\"og:image:type\" content=\"image\/jpeg\" \/>\n<meta name=\"author\" content=\"Gol&amp;Pop\" \/>\n<meta name=\"twitter:card\" content=\"summary_large_image\" \/>\n<meta name=\"twitter:creator\" content=\"@golandpop\" \/>\n<meta name=\"twitter:site\" content=\"@golandpop\" \/>\n<meta name=\"twitter:label1\" content=\"Escrito por\" \/>\n\t<meta name=\"twitter:data1\" content=\"Gol&amp;Pop\" \/>\n\t<meta name=\"twitter:label2\" content=\"Tiempo de lectura\" \/>\n\t<meta name=\"twitter:data2\" content=\"3 minutos\" \/>\n<script type=\"application\/ld+json\" class=\"yoast-schema-graph\">{\"@context\":\"https:\/\/schema.org\",\"@graph\":[{\"@type\":\"Article\",\"@id\":\"https:\/\/golandpop.com\/index.php\/2021\/07\/08\/el-tango-testigo-social-y-politico-de-la-r-a\/#article\",\"isPartOf\":{\"@id\":\"https:\/\/golandpop.com\/index.php\/2021\/07\/08\/el-tango-testigo-social-y-politico-de-la-r-a\/\"},\"author\":{\"name\":\"Gol&amp;Pop\",\"@id\":\"https:\/\/golandpop.com\/#\/schema\/person\/2809725861e0da25eaffe2d9b29c9613\"},\"headline\":\"El Tango, testigo social y pol\u00edtico de la R. A.\",\"datePublished\":\"2021-07-08T22:43:51+00:00\",\"dateModified\":\"2021-07-08T22:53:27+00:00\",\"mainEntityOfPage\":{\"@id\":\"https:\/\/golandpop.com\/index.php\/2021\/07\/08\/el-tango-testigo-social-y-politico-de-la-r-a\/\"},\"wordCount\":519,\"commentCount\":0,\"publisher\":{\"@id\":\"https:\/\/golandpop.com\/#organization\"},\"image\":{\"@id\":\"https:\/\/golandpop.com\/index.php\/2021\/07\/08\/el-tango-testigo-social-y-politico-de-la-r-a\/#primaryimage\"},\"thumbnailUrl\":\"https:\/\/golandpop.com\/wp-content\/uploads\/2021\/07\/gardel_deportes_montevideo-e1625784187279.jpg\",\"keywords\":[\"Cultura\",\"portada\",\"tango\"],\"articleSection\":[\"A destiempo\"],\"inLanguage\":\"es-AR\"},{\"@type\":\"WebPage\",\"@id\":\"https:\/\/golandpop.com\/index.php\/2021\/07\/08\/el-tango-testigo-social-y-politico-de-la-r-a\/\",\"url\":\"https:\/\/golandpop.com\/index.php\/2021\/07\/08\/el-tango-testigo-social-y-politico-de-la-r-a\/\",\"name\":\"El Tango, testigo social y pol\u00edtico de la R. A. - Golandpop\",\"isPartOf\":{\"@id\":\"https:\/\/golandpop.com\/#website\"},\"primaryImageOfPage\":{\"@id\":\"https:\/\/golandpop.com\/index.php\/2021\/07\/08\/el-tango-testigo-social-y-politico-de-la-r-a\/#primaryimage\"},\"image\":{\"@id\":\"https:\/\/golandpop.com\/index.php\/2021\/07\/08\/el-tango-testigo-social-y-politico-de-la-r-a\/#primaryimage\"},\"thumbnailUrl\":\"https:\/\/golandpop.com\/wp-content\/uploads\/2021\/07\/gardel_deportes_montevideo-e1625784187279.jpg\",\"datePublished\":\"2021-07-08T22:43:51+00:00\",\"dateModified\":\"2021-07-08T22:53:27+00:00\",\"breadcrumb\":{\"@id\":\"https:\/\/golandpop.com\/index.php\/2021\/07\/08\/el-tango-testigo-social-y-politico-de-la-r-a\/#breadcrumb\"},\"inLanguage\":\"es-AR\",\"potentialAction\":[{\"@type\":\"ReadAction\",\"target\":[\"https:\/\/golandpop.com\/index.php\/2021\/07\/08\/el-tango-testigo-social-y-politico-de-la-r-a\/\"]}]},{\"@type\":\"ImageObject\",\"inLanguage\":\"es-AR\",\"@id\":\"https:\/\/golandpop.com\/index.php\/2021\/07\/08\/el-tango-testigo-social-y-politico-de-la-r-a\/#primaryimage\",\"url\":\"https:\/\/golandpop.com\/wp-content\/uploads\/2021\/07\/gardel_deportes_montevideo-e1625784187279.jpg\",\"contentUrl\":\"https:\/\/golandpop.com\/wp-content\/uploads\/2021\/07\/gardel_deportes_montevideo-e1625784187279.jpg\",\"width\":960,\"height\":712},{\"@type\":\"BreadcrumbList\",\"@id\":\"https:\/\/golandpop.com\/index.php\/2021\/07\/08\/el-tango-testigo-social-y-politico-de-la-r-a\/#breadcrumb\",\"itemListElement\":[{\"@type\":\"ListItem\",\"position\":1,\"name\":\"Inicio\",\"item\":\"https:\/\/golandpop.com\/\"},{\"@type\":\"ListItem\",\"position\":2,\"name\":\"El Tango, testigo social y pol\u00edtico de la R. A.\"}]},{\"@type\":\"WebSite\",\"@id\":\"https:\/\/golandpop.com\/#website\",\"url\":\"https:\/\/golandpop.com\/\",\"name\":\"Golandpop\",\"description\":\"\",\"publisher\":{\"@id\":\"https:\/\/golandpop.com\/#organization\"},\"potentialAction\":[{\"@type\":\"SearchAction\",\"target\":{\"@type\":\"EntryPoint\",\"urlTemplate\":\"https:\/\/golandpop.com\/?s={search_term_string}\"},\"query-input\":{\"@type\":\"PropertyValueSpecification\",\"valueRequired\":true,\"valueName\":\"search_term_string\"}}],\"inLanguage\":\"es-AR\"},{\"@type\":\"Organization\",\"@id\":\"https:\/\/golandpop.com\/#organization\",\"name\":\"GolandPop\",\"url\":\"https:\/\/golandpop.com\/\",\"logo\":{\"@type\":\"ImageObject\",\"inLanguage\":\"es-AR\",\"@id\":\"https:\/\/golandpop.com\/#\/schema\/logo\/image\/\",\"url\":\"https:\/\/golandpop.com\/wp-content\/uploads\/2020\/04\/favicon_gol_pop.png\",\"contentUrl\":\"https:\/\/golandpop.com\/wp-content\/uploads\/2020\/04\/favicon_gol_pop.png\",\"width\":246,\"height\":246,\"caption\":\"GolandPop\"},\"image\":{\"@id\":\"https:\/\/golandpop.com\/#\/schema\/logo\/image\/\"},\"sameAs\":[\"https:\/\/x.com\/golandpop\",\"https:\/\/www.instagram.com\/golandpopcordoba\/\"]},{\"@type\":\"Person\",\"@id\":\"https:\/\/golandpop.com\/#\/schema\/person\/2809725861e0da25eaffe2d9b29c9613\",\"name\":\"Gol&amp;Pop\",\"image\":{\"@type\":\"ImageObject\",\"inLanguage\":\"es-AR\",\"@id\":\"https:\/\/golandpop.com\/#\/schema\/person\/image\/\",\"url\":\"https:\/\/secure.gravatar.com\/avatar\/9a87ee051ca8c77f5d4070843ce2c78cdf95b858b950fb039151de955122f5f5?s=96&d=mm&r=g\",\"contentUrl\":\"https:\/\/secure.gravatar.com\/avatar\/9a87ee051ca8c77f5d4070843ce2c78cdf95b858b950fb039151de955122f5f5?s=96&d=mm&r=g\",\"caption\":\"Gol&amp;Pop\"},\"sameAs\":[\"http:\/\/golandpop.com\"],\"url\":\"https:\/\/golandpop.com\/index.php\/author\/admin\/\"}]}<\/script>\n<!-- \/ Yoast SEO plugin. -->","yoast_head_json":{"title":"El Tango, testigo social y pol\u00edtico de la R. A. - Golandpop","robots":{"index":"index","follow":"follow","max-snippet":"max-snippet:-1","max-image-preview":"max-image-preview:large","max-video-preview":"max-video-preview:-1"},"canonical":"https:\/\/golandpop.com\/index.php\/2021\/07\/08\/el-tango-testigo-social-y-politico-de-la-r-a\/","og_locale":"es_ES","og_type":"article","og_title":"El Tango, testigo social y pol\u00edtico de la R. A. - Golandpop","og_description":"Por Alberto Jaimez Los Corrales Viejos. Nuevamente el l\u00edmite y el margen. \u00bfUna franja liberada? All\u00ed comienza o termina la gran ciudad. Como siempre, depende desde d\u00f3nde se mire. Aqu\u00ed se abre la inmensa pampa argentina o llegamos a los \u201cCorrales\u201d. Depende, tambi\u00e9n, si se va o se viene. En esa franja \u201cacampan\u201d los hombres [&hellip;]","og_url":"https:\/\/golandpop.com\/index.php\/2021\/07\/08\/el-tango-testigo-social-y-politico-de-la-r-a\/","og_site_name":"Golandpop","article_published_time":"2021-07-08T22:43:51+00:00","article_modified_time":"2021-07-08T22:53:27+00:00","og_image":[{"width":960,"height":712,"url":"https:\/\/golandpop.com\/wp-content\/uploads\/2021\/07\/gardel_deportes_montevideo-e1625784187279.jpg","type":"image\/jpeg"}],"author":"Gol&amp;Pop","twitter_card":"summary_large_image","twitter_creator":"@golandpop","twitter_site":"@golandpop","twitter_misc":{"Escrito por":"Gol&amp;Pop","Tiempo de lectura":"3 minutos"},"schema":{"@context":"https:\/\/schema.org","@graph":[{"@type":"Article","@id":"https:\/\/golandpop.com\/index.php\/2021\/07\/08\/el-tango-testigo-social-y-politico-de-la-r-a\/#article","isPartOf":{"@id":"https:\/\/golandpop.com\/index.php\/2021\/07\/08\/el-tango-testigo-social-y-politico-de-la-r-a\/"},"author":{"name":"Gol&amp;Pop","@id":"https:\/\/golandpop.com\/#\/schema\/person\/2809725861e0da25eaffe2d9b29c9613"},"headline":"El Tango, testigo social y pol\u00edtico de la R. A.","datePublished":"2021-07-08T22:43:51+00:00","dateModified":"2021-07-08T22:53:27+00:00","mainEntityOfPage":{"@id":"https:\/\/golandpop.com\/index.php\/2021\/07\/08\/el-tango-testigo-social-y-politico-de-la-r-a\/"},"wordCount":519,"commentCount":0,"publisher":{"@id":"https:\/\/golandpop.com\/#organization"},"image":{"@id":"https:\/\/golandpop.com\/index.php\/2021\/07\/08\/el-tango-testigo-social-y-politico-de-la-r-a\/#primaryimage"},"thumbnailUrl":"https:\/\/golandpop.com\/wp-content\/uploads\/2021\/07\/gardel_deportes_montevideo-e1625784187279.jpg","keywords":["Cultura","portada","tango"],"articleSection":["A destiempo"],"inLanguage":"es-AR"},{"@type":"WebPage","@id":"https:\/\/golandpop.com\/index.php\/2021\/07\/08\/el-tango-testigo-social-y-politico-de-la-r-a\/","url":"https:\/\/golandpop.com\/index.php\/2021\/07\/08\/el-tango-testigo-social-y-politico-de-la-r-a\/","name":"El Tango, testigo social y pol\u00edtico de la R. A. - Golandpop","isPartOf":{"@id":"https:\/\/golandpop.com\/#website"},"primaryImageOfPage":{"@id":"https:\/\/golandpop.com\/index.php\/2021\/07\/08\/el-tango-testigo-social-y-politico-de-la-r-a\/#primaryimage"},"image":{"@id":"https:\/\/golandpop.com\/index.php\/2021\/07\/08\/el-tango-testigo-social-y-politico-de-la-r-a\/#primaryimage"},"thumbnailUrl":"https:\/\/golandpop.com\/wp-content\/uploads\/2021\/07\/gardel_deportes_montevideo-e1625784187279.jpg","datePublished":"2021-07-08T22:43:51+00:00","dateModified":"2021-07-08T22:53:27+00:00","breadcrumb":{"@id":"https:\/\/golandpop.com\/index.php\/2021\/07\/08\/el-tango-testigo-social-y-politico-de-la-r-a\/#breadcrumb"},"inLanguage":"es-AR","potentialAction":[{"@type":"ReadAction","target":["https:\/\/golandpop.com\/index.php\/2021\/07\/08\/el-tango-testigo-social-y-politico-de-la-r-a\/"]}]},{"@type":"ImageObject","inLanguage":"es-AR","@id":"https:\/\/golandpop.com\/index.php\/2021\/07\/08\/el-tango-testigo-social-y-politico-de-la-r-a\/#primaryimage","url":"https:\/\/golandpop.com\/wp-content\/uploads\/2021\/07\/gardel_deportes_montevideo-e1625784187279.jpg","contentUrl":"https:\/\/golandpop.com\/wp-content\/uploads\/2021\/07\/gardel_deportes_montevideo-e1625784187279.jpg","width":960,"height":712},{"@type":"BreadcrumbList","@id":"https:\/\/golandpop.com\/index.php\/2021\/07\/08\/el-tango-testigo-social-y-politico-de-la-r-a\/#breadcrumb","itemListElement":[{"@type":"ListItem","position":1,"name":"Inicio","item":"https:\/\/golandpop.com\/"},{"@type":"ListItem","position":2,"name":"El Tango, testigo social y pol\u00edtico de la R. A."}]},{"@type":"WebSite","@id":"https:\/\/golandpop.com\/#website","url":"https:\/\/golandpop.com\/","name":"Golandpop","description":"","publisher":{"@id":"https:\/\/golandpop.com\/#organization"},"potentialAction":[{"@type":"SearchAction","target":{"@type":"EntryPoint","urlTemplate":"https:\/\/golandpop.com\/?s={search_term_string}"},"query-input":{"@type":"PropertyValueSpecification","valueRequired":true,"valueName":"search_term_string"}}],"inLanguage":"es-AR"},{"@type":"Organization","@id":"https:\/\/golandpop.com\/#organization","name":"GolandPop","url":"https:\/\/golandpop.com\/","logo":{"@type":"ImageObject","inLanguage":"es-AR","@id":"https:\/\/golandpop.com\/#\/schema\/logo\/image\/","url":"https:\/\/golandpop.com\/wp-content\/uploads\/2020\/04\/favicon_gol_pop.png","contentUrl":"https:\/\/golandpop.com\/wp-content\/uploads\/2020\/04\/favicon_gol_pop.png","width":246,"height":246,"caption":"GolandPop"},"image":{"@id":"https:\/\/golandpop.com\/#\/schema\/logo\/image\/"},"sameAs":["https:\/\/x.com\/golandpop","https:\/\/www.instagram.com\/golandpopcordoba\/"]},{"@type":"Person","@id":"https:\/\/golandpop.com\/#\/schema\/person\/2809725861e0da25eaffe2d9b29c9613","name":"Gol&amp;Pop","image":{"@type":"ImageObject","inLanguage":"es-AR","@id":"https:\/\/golandpop.com\/#\/schema\/person\/image\/","url":"https:\/\/secure.gravatar.com\/avatar\/9a87ee051ca8c77f5d4070843ce2c78cdf95b858b950fb039151de955122f5f5?s=96&d=mm&r=g","contentUrl":"https:\/\/secure.gravatar.com\/avatar\/9a87ee051ca8c77f5d4070843ce2c78cdf95b858b950fb039151de955122f5f5?s=96&d=mm&r=g","caption":"Gol&amp;Pop"},"sameAs":["http:\/\/golandpop.com"],"url":"https:\/\/golandpop.com\/index.php\/author\/admin\/"}]}},"_links":{"self":[{"href":"https:\/\/golandpop.com\/index.php\/wp-json\/wp\/v2\/posts\/11871","targetHints":{"allow":["GET"]}}],"collection":[{"href":"https:\/\/golandpop.com\/index.php\/wp-json\/wp\/v2\/posts"}],"about":[{"href":"https:\/\/golandpop.com\/index.php\/wp-json\/wp\/v2\/types\/post"}],"author":[{"embeddable":true,"href":"https:\/\/golandpop.com\/index.php\/wp-json\/wp\/v2\/users\/1"}],"replies":[{"embeddable":true,"href":"https:\/\/golandpop.com\/index.php\/wp-json\/wp\/v2\/comments?post=11871"}],"version-history":[{"count":6,"href":"https:\/\/golandpop.com\/index.php\/wp-json\/wp\/v2\/posts\/11871\/revisions"}],"predecessor-version":[{"id":11880,"href":"https:\/\/golandpop.com\/index.php\/wp-json\/wp\/v2\/posts\/11871\/revisions\/11880"}],"wp:featuredmedia":[{"embeddable":true,"href":"https:\/\/golandpop.com\/index.php\/wp-json\/wp\/v2\/media\/11875"}],"wp:attachment":[{"href":"https:\/\/golandpop.com\/index.php\/wp-json\/wp\/v2\/media?parent=11871"}],"wp:term":[{"taxonomy":"category","embeddable":true,"href":"https:\/\/golandpop.com\/index.php\/wp-json\/wp\/v2\/categories?post=11871"},{"taxonomy":"post_tag","embeddable":true,"href":"https:\/\/golandpop.com\/index.php\/wp-json\/wp\/v2\/tags?post=11871"}],"curies":[{"name":"wp","href":"https:\/\/api.w.org\/{rel}","templated":true}]}}