{"id":11171,"date":"2021-06-18T16:14:54","date_gmt":"2021-06-18T19:14:54","guid":{"rendered":"https:\/\/golandpop.com\/?p=11171"},"modified":"2021-06-18T16:15:09","modified_gmt":"2021-06-18T19:15:09","slug":"vuelve-el-turismo-carretera","status":"publish","type":"post","link":"https:\/\/golandpop.com\/index.php\/2021\/06\/18\/vuelve-el-turismo-carretera\/","title":{"rendered":"\u00a1Vuelve el Turismo Carretera!"},"content":{"rendered":"\n<p><em>Luego del parate por las restricciones que dispuso el Gobierno Nacional, la m\u00e1xima categor\u00eda del automovilismo argentino vuelve a encender sus motores.<\/em><\/p>\n\n\n\n<p>El 9 de mayo fue la \u00faltima vez que el <a href=\"https:\/\/www.actc.org.ar\/tc\/index.html\">Turismo Carretera<\/a> sali\u00f3 a pista. Aquella oportunidad en Paran\u00e1, Juan Cruz Benvenuti se qued\u00f3 con la victoria a bordo de su Torino superando a Mariano Werner en la \u00faltima vuelta.<\/p>\n\n\n\n<p>Luego de varios intentos, finalmente<strong> se retomar\u00e1 la acci\u00f3n en el aut\u00f3dromo de San Nicol\u00e1s el pr\u00f3ximo domingo<\/strong>, el mismo escenario que alberg\u00f3 la fecha 3 cuando Mariano Werner se hizo del uno.<\/p>\n\n\n\n<p>El campeonato esta peleado, <strong><a href=\"https:\/\/twitter.com\/AgustinCanapino\">Agust\u00edn Canapino<\/a> (Chevrolet) lidera con 30 puntos de ventaja sobre <a href=\"https:\/\/twitter.com\/jositoooooo\">Jos\u00e9 Luis Di Palma <\/a>(Ford).<\/strong> El defensor del t\u00edtulo, <a href=\"https:\/\/twitter.com\/MWernerOK\">Mariano Werner<\/a> (Ford) se encuentra tercero y con grandes chances de sumar buenos puntos este fin de semana, en un trazado que le cae bien a su auto.<\/p>\n\n\n\n<figure class=\"wp-block-embed-twitter wp-block-embed is-type-rich is-provider-twitter\"><div class=\"wp-block-embed__wrapper\">\n<blockquote class=\"twitter-tweet\" data-width=\"550\" data-dnt=\"true\"><p lang=\"es\" dir=\"ltr\">\ud83c\udfc1\ud83d\udccaAs\u00ed est\u00e1n las posiciones en el <a href=\"https:\/\/twitter.com\/hashtag\/TurismoCarretera?src=hash&amp;ref_src=twsrc%5Etfw\">#TurismoCarretera<\/a>. Luego de 5 carreras, Agust\u00edn Canapino lidera el campeonato.<br><br>\ud83d\udd1cPr\u00f3ximo domingo Fecha 6 en San Nicol\u00e1s. <a href=\"https:\/\/t.co\/DPITI31yIv\">pic.twitter.com\/DPITI31yIv<\/a><\/p>&mdash; Gol &amp; Pop (@golandpop) <a href=\"https:\/\/twitter.com\/golandpop\/status\/1405270179030863877?ref_src=twsrc%5Etfw\">June 16, 2021<\/a><\/blockquote><script async src=\"https:\/\/platform.twitter.com\/widgets.js\" charset=\"utf-8\"><\/script>\n<\/div><\/figure>\n\n\n\n<p>Adem\u00e1s de la pelea en los puestos de punta, las luces tambi\u00e9n estar\u00e1n puestas en otros pilotos que intentan volver a los primeros planos. <strong>El siete veces campe\u00f3n <a href=\"https:\/\/twitter.com\/GUILLEORTELLI\">Guillermo Ortelli<\/a> no la viene pasando bien en este 2021 y con su vuelta al JP Racing se espera una mejor\u00eda en su rendimiento<\/strong>. Otro de los grandes animadores de la categor\u00eda es <strong><a href=\"https:\/\/twitter.com\/nfontana1\">Norberto Fontana<\/a><\/strong>, que con Dodge intentar\u00e1 mejorar su producci\u00f3n el pr\u00f3ximo domingo en San Nicol\u00e1s. <strong><a href=\"https:\/\/twitter.com\/manurcera\">Manu Urcera<\/a><\/strong>, que llega entonado luego de su gran victoria en el Turismo Nacional, es otro de los que est\u00e1 en la b\u00fasqueda de volver a la pelea de arriba.<\/p>\n\n\n\n<p>Por \u00faltimo, el <a href=\"https:\/\/www.actc.org.ar\/tcp\/index.html\">TC Pista<\/a> tambi\u00e9n tendr\u00e1 su fecha este fin de semana acompa\u00f1ando al Turismo Carretera. <strong>El cordob\u00e9s <a href=\"https:\/\/twitter.com\/FacuChapur\">Facundo Chapur<\/a>, participante de la categor\u00eda, habl\u00f3 en exclusiva con <em>Gol and Pop<\/em> y cont\u00f3 sus sensaciones para la carrera en San Nicol\u00e1s. <\/strong><\/p>\n\n\n\n<figure class=\"wp-block-audio\"><audio controls src=\"https:\/\/golandpop.com\/wp-content\/uploads\/2021\/06\/chapur-tcp.mp3\"><\/audio><\/figure>\n\n\n\n<pre class=\"wp-block-preformatted\">Entrevista con Sof\u00eda Jaimez Bertazzo<\/pre>\n","protected":false},"excerpt":{"rendered":"<p>Luego del parate por las restricciones que dispuso el Gobierno Nacional, la m\u00e1xima categor\u00eda del automovilismo argentino vuelve a encender sus motores. El 9 de mayo fue la \u00faltima vez que el Turismo Carretera sali\u00f3 a pista. Aquella oportunidad en Paran\u00e1, Juan Cruz Benvenuti se qued\u00f3 con la victoria a bordo de su Torino superando [&hellip;]<\/p>\n","protected":false},"author":1,"featured_media":11173,"comment_status":"open","ping_status":"open","sticky":false,"template":"","format":"standard","meta":{"footnotes":""},"categories":[31],"tags":[1012,1014,1013,959,1003,1011],"class_list":["post-11171","post","type-post","status-publish","format-standard","has-post-thumbnail","hentry","category-automovilismo","tag-agustincanapino","tag-guillermoortelli","tag-marianowerner","tag-tc-2","tag-tcpista","tag-turismocarretera"],"yoast_head":"<!-- This site is optimized with the Yoast SEO plugin v26.1.1 - https:\/\/yoast.com\/wordpress\/plugins\/seo\/ -->\n<title>\u00a1Vuelve el Turismo Carretera! - Golandpop<\/title>\n<meta name=\"robots\" content=\"index, follow, max-snippet:-1, max-image-preview:large, max-video-preview:-1\" \/>\n<link rel=\"canonical\" href=\"https:\/\/golandpop.com\/index.php\/2021\/06\/18\/vuelve-el-turismo-carretera\/\" \/>\n<meta property=\"og:locale\" content=\"es_ES\" \/>\n<meta property=\"og:type\" content=\"article\" \/>\n<meta property=\"og:title\" content=\"\u00a1Vuelve el Turismo Carretera! - Golandpop\" \/>\n<meta property=\"og:description\" content=\"Luego del parate por las restricciones que dispuso el Gobierno Nacional, la m\u00e1xima categor\u00eda del automovilismo argentino vuelve a encender sus motores. El 9 de mayo fue la \u00faltima vez que el Turismo Carretera sali\u00f3 a pista. Aquella oportunidad en Paran\u00e1, Juan Cruz Benvenuti se qued\u00f3 con la victoria a bordo de su Torino superando [&hellip;]\" \/>\n<meta property=\"og:url\" content=\"https:\/\/golandpop.com\/index.php\/2021\/06\/18\/vuelve-el-turismo-carretera\/\" \/>\n<meta property=\"og:site_name\" content=\"Golandpop\" \/>\n<meta property=\"article:published_time\" content=\"2021-06-18T19:14:54+00:00\" \/>\n<meta property=\"article:modified_time\" content=\"2021-06-18T19:15:09+00:00\" \/>\n<meta property=\"og:image\" content=\"https:\/\/golandpop.com\/wp-content\/uploads\/2021\/06\/DEPKSGKZCFGLHIK55SCNZNJRLQ.jpg\" \/>\n\t<meta property=\"og:image:width\" content=\"730\" \/>\n\t<meta property=\"og:image:height\" content=\"435\" \/>\n\t<meta property=\"og:image:type\" content=\"image\/jpeg\" \/>\n<meta name=\"author\" content=\"Gol&amp;Pop\" \/>\n<meta name=\"twitter:card\" content=\"summary_large_image\" \/>\n<meta name=\"twitter:creator\" content=\"@golandpop\" \/>\n<meta name=\"twitter:site\" content=\"@golandpop\" \/>\n<meta name=\"twitter:label1\" content=\"Escrito por\" \/>\n\t<meta name=\"twitter:data1\" content=\"Gol&amp;Pop\" \/>\n\t<meta name=\"twitter:label2\" content=\"Tiempo de lectura\" \/>\n\t<meta name=\"twitter:data2\" content=\"2 minutos\" \/>\n<script type=\"application\/ld+json\" class=\"yoast-schema-graph\">{\"@context\":\"https:\/\/schema.org\",\"@graph\":[{\"@type\":\"Article\",\"@id\":\"https:\/\/golandpop.com\/index.php\/2021\/06\/18\/vuelve-el-turismo-carretera\/#article\",\"isPartOf\":{\"@id\":\"https:\/\/golandpop.com\/index.php\/2021\/06\/18\/vuelve-el-turismo-carretera\/\"},\"author\":{\"name\":\"Gol&amp;Pop\",\"@id\":\"https:\/\/golandpop.com\/#\/schema\/person\/2809725861e0da25eaffe2d9b29c9613\"},\"headline\":\"\u00a1Vuelve el Turismo Carretera!\",\"datePublished\":\"2021-06-18T19:14:54+00:00\",\"dateModified\":\"2021-06-18T19:15:09+00:00\",\"mainEntityOfPage\":{\"@id\":\"https:\/\/golandpop.com\/index.php\/2021\/06\/18\/vuelve-el-turismo-carretera\/\"},\"wordCount\":322,\"commentCount\":0,\"publisher\":{\"@id\":\"https:\/\/golandpop.com\/#organization\"},\"image\":{\"@id\":\"https:\/\/golandpop.com\/index.php\/2021\/06\/18\/vuelve-el-turismo-carretera\/#primaryimage\"},\"thumbnailUrl\":\"https:\/\/golandpop.com\/wp-content\/uploads\/2021\/06\/DEPKSGKZCFGLHIK55SCNZNJRLQ.jpg\",\"keywords\":[\"#AgustinCanapino\",\"#GuillermoOrtelli\",\"#MarianoWerner\",\"#TC\",\"#TCPista\",\"#TurismoCarretera\"],\"articleSection\":[\"Motores\"],\"inLanguage\":\"es-AR\"},{\"@type\":\"WebPage\",\"@id\":\"https:\/\/golandpop.com\/index.php\/2021\/06\/18\/vuelve-el-turismo-carretera\/\",\"url\":\"https:\/\/golandpop.com\/index.php\/2021\/06\/18\/vuelve-el-turismo-carretera\/\",\"name\":\"\u00a1Vuelve el Turismo Carretera! - Golandpop\",\"isPartOf\":{\"@id\":\"https:\/\/golandpop.com\/#website\"},\"primaryImageOfPage\":{\"@id\":\"https:\/\/golandpop.com\/index.php\/2021\/06\/18\/vuelve-el-turismo-carretera\/#primaryimage\"},\"image\":{\"@id\":\"https:\/\/golandpop.com\/index.php\/2021\/06\/18\/vuelve-el-turismo-carretera\/#primaryimage\"},\"thumbnailUrl\":\"https:\/\/golandpop.com\/wp-content\/uploads\/2021\/06\/DEPKSGKZCFGLHIK55SCNZNJRLQ.jpg\",\"datePublished\":\"2021-06-18T19:14:54+00:00\",\"dateModified\":\"2021-06-18T19:15:09+00:00\",\"breadcrumb\":{\"@id\":\"https:\/\/golandpop.com\/index.php\/2021\/06\/18\/vuelve-el-turismo-carretera\/#breadcrumb\"},\"inLanguage\":\"es-AR\",\"potentialAction\":[{\"@type\":\"ReadAction\",\"target\":[\"https:\/\/golandpop.com\/index.php\/2021\/06\/18\/vuelve-el-turismo-carretera\/\"]}]},{\"@type\":\"ImageObject\",\"inLanguage\":\"es-AR\",\"@id\":\"https:\/\/golandpop.com\/index.php\/2021\/06\/18\/vuelve-el-turismo-carretera\/#primaryimage\",\"url\":\"https:\/\/golandpop.com\/wp-content\/uploads\/2021\/06\/DEPKSGKZCFGLHIK55SCNZNJRLQ.jpg\",\"contentUrl\":\"https:\/\/golandpop.com\/wp-content\/uploads\/2021\/06\/DEPKSGKZCFGLHIK55SCNZNJRLQ.jpg\",\"width\":730,\"height\":435},{\"@type\":\"BreadcrumbList\",\"@id\":\"https:\/\/golandpop.com\/index.php\/2021\/06\/18\/vuelve-el-turismo-carretera\/#breadcrumb\",\"itemListElement\":[{\"@type\":\"ListItem\",\"position\":1,\"name\":\"Inicio\",\"item\":\"https:\/\/golandpop.com\/\"},{\"@type\":\"ListItem\",\"position\":2,\"name\":\"\u00a1Vuelve el Turismo Carretera!\"}]},{\"@type\":\"WebSite\",\"@id\":\"https:\/\/golandpop.com\/#website\",\"url\":\"https:\/\/golandpop.com\/\",\"name\":\"Golandpop\",\"description\":\"\",\"publisher\":{\"@id\":\"https:\/\/golandpop.com\/#organization\"},\"potentialAction\":[{\"@type\":\"SearchAction\",\"target\":{\"@type\":\"EntryPoint\",\"urlTemplate\":\"https:\/\/golandpop.com\/?s={search_term_string}\"},\"query-input\":{\"@type\":\"PropertyValueSpecification\",\"valueRequired\":true,\"valueName\":\"search_term_string\"}}],\"inLanguage\":\"es-AR\"},{\"@type\":\"Organization\",\"@id\":\"https:\/\/golandpop.com\/#organization\",\"name\":\"GolandPop\",\"url\":\"https:\/\/golandpop.com\/\",\"logo\":{\"@type\":\"ImageObject\",\"inLanguage\":\"es-AR\",\"@id\":\"https:\/\/golandpop.com\/#\/schema\/logo\/image\/\",\"url\":\"https:\/\/golandpop.com\/wp-content\/uploads\/2020\/04\/favicon_gol_pop.png\",\"contentUrl\":\"https:\/\/golandpop.com\/wp-content\/uploads\/2020\/04\/favicon_gol_pop.png\",\"width\":246,\"height\":246,\"caption\":\"GolandPop\"},\"image\":{\"@id\":\"https:\/\/golandpop.com\/#\/schema\/logo\/image\/\"},\"sameAs\":[\"https:\/\/x.com\/golandpop\",\"https:\/\/www.instagram.com\/golandpopcordoba\/\"]},{\"@type\":\"Person\",\"@id\":\"https:\/\/golandpop.com\/#\/schema\/person\/2809725861e0da25eaffe2d9b29c9613\",\"name\":\"Gol&amp;Pop\",\"image\":{\"@type\":\"ImageObject\",\"inLanguage\":\"es-AR\",\"@id\":\"https:\/\/golandpop.com\/#\/schema\/person\/image\/\",\"url\":\"https:\/\/secure.gravatar.com\/avatar\/9a87ee051ca8c77f5d4070843ce2c78cdf95b858b950fb039151de955122f5f5?s=96&d=mm&r=g\",\"contentUrl\":\"https:\/\/secure.gravatar.com\/avatar\/9a87ee051ca8c77f5d4070843ce2c78cdf95b858b950fb039151de955122f5f5?s=96&d=mm&r=g\",\"caption\":\"Gol&amp;Pop\"},\"sameAs\":[\"http:\/\/golandpop.com\"],\"url\":\"https:\/\/golandpop.com\/index.php\/author\/admin\/\"}]}<\/script>\n<!-- \/ Yoast SEO plugin. -->","yoast_head_json":{"title":"\u00a1Vuelve el Turismo Carretera! - Golandpop","robots":{"index":"index","follow":"follow","max-snippet":"max-snippet:-1","max-image-preview":"max-image-preview:large","max-video-preview":"max-video-preview:-1"},"canonical":"https:\/\/golandpop.com\/index.php\/2021\/06\/18\/vuelve-el-turismo-carretera\/","og_locale":"es_ES","og_type":"article","og_title":"\u00a1Vuelve el Turismo Carretera! - Golandpop","og_description":"Luego del parate por las restricciones que dispuso el Gobierno Nacional, la m\u00e1xima categor\u00eda del automovilismo argentino vuelve a encender sus motores. El 9 de mayo fue la \u00faltima vez que el Turismo Carretera sali\u00f3 a pista. Aquella oportunidad en Paran\u00e1, Juan Cruz Benvenuti se qued\u00f3 con la victoria a bordo de su Torino superando [&hellip;]","og_url":"https:\/\/golandpop.com\/index.php\/2021\/06\/18\/vuelve-el-turismo-carretera\/","og_site_name":"Golandpop","article_published_time":"2021-06-18T19:14:54+00:00","article_modified_time":"2021-06-18T19:15:09+00:00","og_image":[{"width":730,"height":435,"url":"https:\/\/golandpop.com\/wp-content\/uploads\/2021\/06\/DEPKSGKZCFGLHIK55SCNZNJRLQ.jpg","type":"image\/jpeg"}],"author":"Gol&amp;Pop","twitter_card":"summary_large_image","twitter_creator":"@golandpop","twitter_site":"@golandpop","twitter_misc":{"Escrito por":"Gol&amp;Pop","Tiempo de lectura":"2 minutos"},"schema":{"@context":"https:\/\/schema.org","@graph":[{"@type":"Article","@id":"https:\/\/golandpop.com\/index.php\/2021\/06\/18\/vuelve-el-turismo-carretera\/#article","isPartOf":{"@id":"https:\/\/golandpop.com\/index.php\/2021\/06\/18\/vuelve-el-turismo-carretera\/"},"author":{"name":"Gol&amp;Pop","@id":"https:\/\/golandpop.com\/#\/schema\/person\/2809725861e0da25eaffe2d9b29c9613"},"headline":"\u00a1Vuelve el Turismo Carretera!","datePublished":"2021-06-18T19:14:54+00:00","dateModified":"2021-06-18T19:15:09+00:00","mainEntityOfPage":{"@id":"https:\/\/golandpop.com\/index.php\/2021\/06\/18\/vuelve-el-turismo-carretera\/"},"wordCount":322,"commentCount":0,"publisher":{"@id":"https:\/\/golandpop.com\/#organization"},"image":{"@id":"https:\/\/golandpop.com\/index.php\/2021\/06\/18\/vuelve-el-turismo-carretera\/#primaryimage"},"thumbnailUrl":"https:\/\/golandpop.com\/wp-content\/uploads\/2021\/06\/DEPKSGKZCFGLHIK55SCNZNJRLQ.jpg","keywords":["#AgustinCanapino","#GuillermoOrtelli","#MarianoWerner","#TC","#TCPista","#TurismoCarretera"],"articleSection":["Motores"],"inLanguage":"es-AR"},{"@type":"WebPage","@id":"https:\/\/golandpop.com\/index.php\/2021\/06\/18\/vuelve-el-turismo-carretera\/","url":"https:\/\/golandpop.com\/index.php\/2021\/06\/18\/vuelve-el-turismo-carretera\/","name":"\u00a1Vuelve el Turismo Carretera! - Golandpop","isPartOf":{"@id":"https:\/\/golandpop.com\/#website"},"primaryImageOfPage":{"@id":"https:\/\/golandpop.com\/index.php\/2021\/06\/18\/vuelve-el-turismo-carretera\/#primaryimage"},"image":{"@id":"https:\/\/golandpop.com\/index.php\/2021\/06\/18\/vuelve-el-turismo-carretera\/#primaryimage"},"thumbnailUrl":"https:\/\/golandpop.com\/wp-content\/uploads\/2021\/06\/DEPKSGKZCFGLHIK55SCNZNJRLQ.jpg","datePublished":"2021-06-18T19:14:54+00:00","dateModified":"2021-06-18T19:15:09+00:00","breadcrumb":{"@id":"https:\/\/golandpop.com\/index.php\/2021\/06\/18\/vuelve-el-turismo-carretera\/#breadcrumb"},"inLanguage":"es-AR","potentialAction":[{"@type":"ReadAction","target":["https:\/\/golandpop.com\/index.php\/2021\/06\/18\/vuelve-el-turismo-carretera\/"]}]},{"@type":"ImageObject","inLanguage":"es-AR","@id":"https:\/\/golandpop.com\/index.php\/2021\/06\/18\/vuelve-el-turismo-carretera\/#primaryimage","url":"https:\/\/golandpop.com\/wp-content\/uploads\/2021\/06\/DEPKSGKZCFGLHIK55SCNZNJRLQ.jpg","contentUrl":"https:\/\/golandpop.com\/wp-content\/uploads\/2021\/06\/DEPKSGKZCFGLHIK55SCNZNJRLQ.jpg","width":730,"height":435},{"@type":"BreadcrumbList","@id":"https:\/\/golandpop.com\/index.php\/2021\/06\/18\/vuelve-el-turismo-carretera\/#breadcrumb","itemListElement":[{"@type":"ListItem","position":1,"name":"Inicio","item":"https:\/\/golandpop.com\/"},{"@type":"ListItem","position":2,"name":"\u00a1Vuelve el Turismo Carretera!"}]},{"@type":"WebSite","@id":"https:\/\/golandpop.com\/#website","url":"https:\/\/golandpop.com\/","name":"Golandpop","description":"","publisher":{"@id":"https:\/\/golandpop.com\/#organization"},"potentialAction":[{"@type":"SearchAction","target":{"@type":"EntryPoint","urlTemplate":"https:\/\/golandpop.com\/?s={search_term_string}"},"query-input":{"@type":"PropertyValueSpecification","valueRequired":true,"valueName":"search_term_string"}}],"inLanguage":"es-AR"},{"@type":"Organization","@id":"https:\/\/golandpop.com\/#organization","name":"GolandPop","url":"https:\/\/golandpop.com\/","logo":{"@type":"ImageObject","inLanguage":"es-AR","@id":"https:\/\/golandpop.com\/#\/schema\/logo\/image\/","url":"https:\/\/golandpop.com\/wp-content\/uploads\/2020\/04\/favicon_gol_pop.png","contentUrl":"https:\/\/golandpop.com\/wp-content\/uploads\/2020\/04\/favicon_gol_pop.png","width":246,"height":246,"caption":"GolandPop"},"image":{"@id":"https:\/\/golandpop.com\/#\/schema\/logo\/image\/"},"sameAs":["https:\/\/x.com\/golandpop","https:\/\/www.instagram.com\/golandpopcordoba\/"]},{"@type":"Person","@id":"https:\/\/golandpop.com\/#\/schema\/person\/2809725861e0da25eaffe2d9b29c9613","name":"Gol&amp;Pop","image":{"@type":"ImageObject","inLanguage":"es-AR","@id":"https:\/\/golandpop.com\/#\/schema\/person\/image\/","url":"https:\/\/secure.gravatar.com\/avatar\/9a87ee051ca8c77f5d4070843ce2c78cdf95b858b950fb039151de955122f5f5?s=96&d=mm&r=g","contentUrl":"https:\/\/secure.gravatar.com\/avatar\/9a87ee051ca8c77f5d4070843ce2c78cdf95b858b950fb039151de955122f5f5?s=96&d=mm&r=g","caption":"Gol&amp;Pop"},"sameAs":["http:\/\/golandpop.com"],"url":"https:\/\/golandpop.com\/index.php\/author\/admin\/"}]}},"_links":{"self":[{"href":"https:\/\/golandpop.com\/index.php\/wp-json\/wp\/v2\/posts\/11171","targetHints":{"allow":["GET"]}}],"collection":[{"href":"https:\/\/golandpop.com\/index.php\/wp-json\/wp\/v2\/posts"}],"about":[{"href":"https:\/\/golandpop.com\/index.php\/wp-json\/wp\/v2\/types\/post"}],"author":[{"embeddable":true,"href":"https:\/\/golandpop.com\/index.php\/wp-json\/wp\/v2\/users\/1"}],"replies":[{"embeddable":true,"href":"https:\/\/golandpop.com\/index.php\/wp-json\/wp\/v2\/comments?post=11171"}],"version-history":[{"count":6,"href":"https:\/\/golandpop.com\/index.php\/wp-json\/wp\/v2\/posts\/11171\/revisions"}],"predecessor-version":[{"id":11189,"href":"https:\/\/golandpop.com\/index.php\/wp-json\/wp\/v2\/posts\/11171\/revisions\/11189"}],"wp:featuredmedia":[{"embeddable":true,"href":"https:\/\/golandpop.com\/index.php\/wp-json\/wp\/v2\/media\/11173"}],"wp:attachment":[{"href":"https:\/\/golandpop.com\/index.php\/wp-json\/wp\/v2\/media?parent=11171"}],"wp:term":[{"taxonomy":"category","embeddable":true,"href":"https:\/\/golandpop.com\/index.php\/wp-json\/wp\/v2\/categories?post=11171"},{"taxonomy":"post_tag","embeddable":true,"href":"https:\/\/golandpop.com\/index.php\/wp-json\/wp\/v2\/tags?post=11171"}],"curies":[{"name":"wp","href":"https:\/\/api.w.org\/{rel}","templated":true}]}}