{"id":11039,"date":"2021-06-15T16:00:00","date_gmt":"2021-06-15T19:00:00","guid":{"rendered":"https:\/\/golandpop.com\/?p=11039"},"modified":"2021-06-15T17:29:34","modified_gmt":"2021-06-15T20:29:34","slug":"juan-cruz-oller-la-posible-salida-de-carlos-auzqui-y-marcos-diaz-el-nivel-de-angelo-martino-y-el-futuro-de-pablo-lavallen","status":"publish","type":"post","link":"https:\/\/golandpop.com\/index.php\/2021\/06\/15\/juan-cruz-oller-la-posible-salida-de-carlos-auzqui-y-marcos-diaz-el-nivel-de-angelo-martino-y-el-futuro-de-pablo-lavallen\/","title":{"rendered":"Juan Cruz Oller: la posible salida de Carlos Auzqui y Marcos D\u00edaz, el nivel de \u00c1ngelo Martino y el futuro de Pablo Lavall\u00e9n"},"content":{"rendered":"\n<p>Luego de varias charlas entre <a href=\"https:\/\/golandpop.com\/?s=Fassi\">Fassi<\/a> y el Cacique Medina, finalmente el presidente del club confirm\u00f3 la continuidad del DT hasta el fin de su contrato, con la intenci\u00f3n de mantener la base del plantel. Sin embargo, <a href=\"https:\/\/golandpop.com\/index.php\/category\/talleres\/\">Talleres<\/a> de C\u00f3rdoba, en las \u00faltimas horas podr\u00eda perder a un jugador clave para el entrenador. Juan Cruz Oller, representante de jugadores, dialog\u00f3 en Futbol\u00e9mico respecto a las posibles salidas de los jugadores del Albiazul, sobre la actualidad de \u00c1ngelo Martino y, adem\u00e1s cont\u00f3 porqu\u00e9 Pablo Lavall\u00e9n no se qued\u00f3 en barrio Alberdi.<\/p>\n\n\n\n<p>En las \u00faltimas semanas, Al-Ahli se interes\u00f3 por Carlos Auzqui, el delantero de 30 a\u00f1os proveniente de River Plate cedido a pr\u00e9stamo al Club Talleres hasta el 31 de Diciembre del 2021, d\u00f3nde tuvo un gran rendimiento y se convirti\u00f3 en el goleador del club en la temporada. A pesar que desde el club de N\u00fa\u00f1ez est\u00e1n interesados por la propuesta, el conjunto cordob\u00e9s pide una suma de dinero importante como resarcimiento. Por lo cu\u00e1l Juan Cruz Oller afirm\u00f3 que no va a ser tan f\u00e1cil realizar la operaci\u00f3n. <\/p>\n\n\n\n<blockquote class=\"wp-block-quote is-layout-flow wp-block-quote-is-layout-flow\"><p>&#8220;Puede ser que no se haga y el jugador se termine quedando. A River le parece excesiva la cifra, si no estuviese esa cifra, Carlos se tendr\u00eda que quedar en Talleres. Si no encontramos una soluci\u00f3n hasta el mi\u00e9rcoles, creo que los \u00e1rabes van a retirar la propuesta. La oferta es excelente, para la edad del jugador y para el momento del mercado. Entiende el juego y las reglas pero \u00e9l esta muy bien en  Talleres&#8221;<\/p><cite>Juan Cruz Oller<\/cite><\/blockquote>\n\n\n\n<p>Respecto a los rumores del regreso de Marcos D\u00edaz a <a href=\"https:\/\/golandpop.com\/?s=huracan\">Hurac\u00e1n<\/a>, confirm\u00f3 que su retorno al Globo es imposible hoy. <strong>&#8220;Los dirigentes del f\u00fatbol argentino tienen un problema muy grave, sobre el final, en el \u00faltimo minuto, los traiciona el hincha y con el coraz\u00f3n no se administra ni se piensa, se hace con la cabeza&#8221;<\/strong>, adem\u00e1s confes\u00f3 que, &#8220;es imposible que Hurac\u00e1n le pague a Marcos D\u00edaz lo que cobra en Talleres, es un jugador dif\u00edcil de ubicar por lo que gana, no es para todos, no es para la general&#8221;. <\/p>\n\n\n\n<p><strong>Sobre el nivel futbol\u00edstico de \u00c1ngelo Martino. <\/strong><\/p>\n\n\n\n<p>&#8220;Es un jugador que ya venia destac\u00e1ndose en la B Nacional. Antes de la pandemia, hab\u00eda sido pedido en varios clubes pero Rafaela pon\u00eda una cifra que era imposible. Apareci\u00f3 lo de Talleres sobre el final, porque el jugador  estaba encaminado para Racing, pero no me sorprendi\u00f3, estoy seguro que va a tener ofertas muy importante de Europa, despu\u00e9s hay que ver en que lo cotiza el club&#8221;.<\/p>\n\n\n\n<p><strong>Pablo Lavall\u00e9n y su regreso a Alberdi<\/strong>.<\/p>\n\n\n\n<p>En el transcurso de la b\u00fasqueda de un nuevo <a href=\"https:\/\/golandpop.com\/?s=DT\">DT<\/a> para <a href=\"https:\/\/golandpop.com\/index.php\/category\/futbol\/belgrano\/\">Belgrano<\/a> tras la salida de Alejandro Orfila, Pablo Lavall\u00e9n fue uno de pretendidos por el club para que vuelva a dirigir como en la temporada 2017\/2018, d\u00f3nde lider\u00f3 21 partidos, con 8 victorias, 7 empates, 6 derrotas y dej\u00f3 el cargo luego de caer por 3 a 2 ante Temperley por Copa Sudamericana. <\/p>\n\n\n\n<p>Sin embargo, s\u00f3lo qued\u00f3 en una intenci\u00f3n de la dirigencia, y el agente revel\u00f3 que el ex entrenador pirata &#8220;tiene entrevistas con clubes grandes y creemos hoy que no es momento de volver a la B, despu\u00e9s de una final de Sudamericana. Es preferible cerrar en otros clubes o en otros mercados. No tengo dudas que va a dirigir de vuelta en Belgrano, pero no es el momento&#8221;, tambi\u00e9n dej\u00f3 en claro que no es un problema con <a href=\"https:\/\/golandpop.com\/?s=Artime\">Luifa Artime<\/a>, el actual presidente del club. <strong>&#8220;Tienen buena relaci\u00f3n, el problema es la divisi\u00f3n, Pablo no la conoce mucho y me pareci\u00f3 muy riesgoso tomar el club en este momento&#8221;<\/strong>. admiti\u00f3. <\/p>\n","protected":false},"excerpt":{"rendered":"<p>Las declaraciones de Oller<\/p>\n","protected":false},"author":1,"featured_media":11056,"comment_status":"open","ping_status":"open","sticky":false,"template":"","format":"standard","meta":{"footnotes":""},"categories":[777,39],"tags":[74,97,170,718,673,950,285],"class_list":["post-11039","post","type-post","status-publish","format-standard","has-post-thumbnail","hentry","category-actualidad","category-futbol","tag-andres-fassi","tag-belgrano","tag-huracan","tag-juan-cruz-oller","tag-luis-fabian-artime","tag-portada","tag-talleres-2"],"yoast_head":"<!-- This site is optimized with the Yoast SEO plugin v26.1.1 - https:\/\/yoast.com\/wordpress\/plugins\/seo\/ -->\n<title>Juan Cruz Oller: la posible salida de Carlos Auzqui y Marcos D\u00edaz, el nivel de \u00c1ngelo Martino y el futuro de Pablo Lavall\u00e9n - Golandpop<\/title>\n<meta name=\"robots\" content=\"index, follow, max-snippet:-1, max-image-preview:large, max-video-preview:-1\" \/>\n<link rel=\"canonical\" href=\"https:\/\/golandpop.com\/index.php\/2021\/06\/15\/juan-cruz-oller-la-posible-salida-de-carlos-auzqui-y-marcos-diaz-el-nivel-de-angelo-martino-y-el-futuro-de-pablo-lavallen\/\" \/>\n<meta property=\"og:locale\" content=\"es_ES\" \/>\n<meta property=\"og:type\" content=\"article\" \/>\n<meta property=\"og:title\" content=\"Juan Cruz Oller: la posible salida de Carlos Auzqui y Marcos D\u00edaz, el nivel de \u00c1ngelo Martino y el futuro de Pablo Lavall\u00e9n - Golandpop\" \/>\n<meta property=\"og:description\" content=\"Las declaraciones de Oller\" \/>\n<meta property=\"og:url\" content=\"https:\/\/golandpop.com\/index.php\/2021\/06\/15\/juan-cruz-oller-la-posible-salida-de-carlos-auzqui-y-marcos-diaz-el-nivel-de-angelo-martino-y-el-futuro-de-pablo-lavallen\/\" \/>\n<meta property=\"og:site_name\" content=\"Golandpop\" \/>\n<meta property=\"article:published_time\" content=\"2021-06-15T19:00:00+00:00\" \/>\n<meta property=\"article:modified_time\" content=\"2021-06-15T20:29:34+00:00\" \/>\n<meta property=\"og:image\" content=\"https:\/\/golandpop.com\/wp-content\/uploads\/2021\/06\/ARCHI_834567.jpg\" \/>\n\t<meta property=\"og:image:width\" content=\"760\" \/>\n\t<meta property=\"og:image:height\" content=\"427\" \/>\n\t<meta property=\"og:image:type\" content=\"image\/jpeg\" \/>\n<meta name=\"author\" content=\"Gol&amp;Pop\" \/>\n<meta name=\"twitter:card\" content=\"summary_large_image\" \/>\n<meta name=\"twitter:creator\" content=\"@golandpop\" \/>\n<meta name=\"twitter:site\" content=\"@golandpop\" \/>\n<meta name=\"twitter:label1\" content=\"Escrito por\" \/>\n\t<meta name=\"twitter:data1\" content=\"Gol&amp;Pop\" \/>\n\t<meta name=\"twitter:label2\" content=\"Tiempo de lectura\" \/>\n\t<meta name=\"twitter:data2\" content=\"3 minutos\" \/>\n<script type=\"application\/ld+json\" class=\"yoast-schema-graph\">{\"@context\":\"https:\/\/schema.org\",\"@graph\":[{\"@type\":\"Article\",\"@id\":\"https:\/\/golandpop.com\/index.php\/2021\/06\/15\/juan-cruz-oller-la-posible-salida-de-carlos-auzqui-y-marcos-diaz-el-nivel-de-angelo-martino-y-el-futuro-de-pablo-lavallen\/#article\",\"isPartOf\":{\"@id\":\"https:\/\/golandpop.com\/index.php\/2021\/06\/15\/juan-cruz-oller-la-posible-salida-de-carlos-auzqui-y-marcos-diaz-el-nivel-de-angelo-martino-y-el-futuro-de-pablo-lavallen\/\"},\"author\":{\"name\":\"Gol&amp;Pop\",\"@id\":\"https:\/\/golandpop.com\/#\/schema\/person\/2809725861e0da25eaffe2d9b29c9613\"},\"headline\":\"Juan Cruz Oller: la posible salida de Carlos Auzqui y Marcos D\u00edaz, el nivel de \u00c1ngelo Martino y el futuro de Pablo Lavall\u00e9n\",\"datePublished\":\"2021-06-15T19:00:00+00:00\",\"dateModified\":\"2021-06-15T20:29:34+00:00\",\"mainEntityOfPage\":{\"@id\":\"https:\/\/golandpop.com\/index.php\/2021\/06\/15\/juan-cruz-oller-la-posible-salida-de-carlos-auzqui-y-marcos-diaz-el-nivel-de-angelo-martino-y-el-futuro-de-pablo-lavallen\/\"},\"wordCount\":662,\"commentCount\":0,\"publisher\":{\"@id\":\"https:\/\/golandpop.com\/#organization\"},\"image\":{\"@id\":\"https:\/\/golandpop.com\/index.php\/2021\/06\/15\/juan-cruz-oller-la-posible-salida-de-carlos-auzqui-y-marcos-diaz-el-nivel-de-angelo-martino-y-el-futuro-de-pablo-lavallen\/#primaryimage\"},\"thumbnailUrl\":\"https:\/\/golandpop.com\/wp-content\/uploads\/2021\/06\/ARCHI_834567.jpg\",\"keywords\":[\"Andr\u00e9s Fassi\",\"Belgrano\",\"Hurac\u00e1n\",\"Juan Cruz Oller\",\"Luis Fabi\u00e1n Artime\",\"portada\",\"Talleres\"],\"articleSection\":[\"Actualidad\",\"F\u00fatbol\"],\"inLanguage\":\"es-AR\"},{\"@type\":\"WebPage\",\"@id\":\"https:\/\/golandpop.com\/index.php\/2021\/06\/15\/juan-cruz-oller-la-posible-salida-de-carlos-auzqui-y-marcos-diaz-el-nivel-de-angelo-martino-y-el-futuro-de-pablo-lavallen\/\",\"url\":\"https:\/\/golandpop.com\/index.php\/2021\/06\/15\/juan-cruz-oller-la-posible-salida-de-carlos-auzqui-y-marcos-diaz-el-nivel-de-angelo-martino-y-el-futuro-de-pablo-lavallen\/\",\"name\":\"Juan Cruz Oller: la posible salida de Carlos Auzqui y Marcos D\u00edaz, el nivel de \u00c1ngelo Martino y el futuro de Pablo Lavall\u00e9n - Golandpop\",\"isPartOf\":{\"@id\":\"https:\/\/golandpop.com\/#website\"},\"primaryImageOfPage\":{\"@id\":\"https:\/\/golandpop.com\/index.php\/2021\/06\/15\/juan-cruz-oller-la-posible-salida-de-carlos-auzqui-y-marcos-diaz-el-nivel-de-angelo-martino-y-el-futuro-de-pablo-lavallen\/#primaryimage\"},\"image\":{\"@id\":\"https:\/\/golandpop.com\/index.php\/2021\/06\/15\/juan-cruz-oller-la-posible-salida-de-carlos-auzqui-y-marcos-diaz-el-nivel-de-angelo-martino-y-el-futuro-de-pablo-lavallen\/#primaryimage\"},\"thumbnailUrl\":\"https:\/\/golandpop.com\/wp-content\/uploads\/2021\/06\/ARCHI_834567.jpg\",\"datePublished\":\"2021-06-15T19:00:00+00:00\",\"dateModified\":\"2021-06-15T20:29:34+00:00\",\"breadcrumb\":{\"@id\":\"https:\/\/golandpop.com\/index.php\/2021\/06\/15\/juan-cruz-oller-la-posible-salida-de-carlos-auzqui-y-marcos-diaz-el-nivel-de-angelo-martino-y-el-futuro-de-pablo-lavallen\/#breadcrumb\"},\"inLanguage\":\"es-AR\",\"potentialAction\":[{\"@type\":\"ReadAction\",\"target\":[\"https:\/\/golandpop.com\/index.php\/2021\/06\/15\/juan-cruz-oller-la-posible-salida-de-carlos-auzqui-y-marcos-diaz-el-nivel-de-angelo-martino-y-el-futuro-de-pablo-lavallen\/\"]}]},{\"@type\":\"ImageObject\",\"inLanguage\":\"es-AR\",\"@id\":\"https:\/\/golandpop.com\/index.php\/2021\/06\/15\/juan-cruz-oller-la-posible-salida-de-carlos-auzqui-y-marcos-diaz-el-nivel-de-angelo-martino-y-el-futuro-de-pablo-lavallen\/#primaryimage\",\"url\":\"https:\/\/golandpop.com\/wp-content\/uploads\/2021\/06\/ARCHI_834567.jpg\",\"contentUrl\":\"https:\/\/golandpop.com\/wp-content\/uploads\/2021\/06\/ARCHI_834567.jpg\",\"width\":760,\"height\":427},{\"@type\":\"BreadcrumbList\",\"@id\":\"https:\/\/golandpop.com\/index.php\/2021\/06\/15\/juan-cruz-oller-la-posible-salida-de-carlos-auzqui-y-marcos-diaz-el-nivel-de-angelo-martino-y-el-futuro-de-pablo-lavallen\/#breadcrumb\",\"itemListElement\":[{\"@type\":\"ListItem\",\"position\":1,\"name\":\"Inicio\",\"item\":\"https:\/\/golandpop.com\/\"},{\"@type\":\"ListItem\",\"position\":2,\"name\":\"Juan Cruz Oller: la posible salida de Carlos Auzqui y Marcos D\u00edaz, el nivel de \u00c1ngelo Martino y el futuro de Pablo Lavall\u00e9n\"}]},{\"@type\":\"WebSite\",\"@id\":\"https:\/\/golandpop.com\/#website\",\"url\":\"https:\/\/golandpop.com\/\",\"name\":\"Golandpop\",\"description\":\"\",\"publisher\":{\"@id\":\"https:\/\/golandpop.com\/#organization\"},\"potentialAction\":[{\"@type\":\"SearchAction\",\"target\":{\"@type\":\"EntryPoint\",\"urlTemplate\":\"https:\/\/golandpop.com\/?s={search_term_string}\"},\"query-input\":{\"@type\":\"PropertyValueSpecification\",\"valueRequired\":true,\"valueName\":\"search_term_string\"}}],\"inLanguage\":\"es-AR\"},{\"@type\":\"Organization\",\"@id\":\"https:\/\/golandpop.com\/#organization\",\"name\":\"GolandPop\",\"url\":\"https:\/\/golandpop.com\/\",\"logo\":{\"@type\":\"ImageObject\",\"inLanguage\":\"es-AR\",\"@id\":\"https:\/\/golandpop.com\/#\/schema\/logo\/image\/\",\"url\":\"https:\/\/golandpop.com\/wp-content\/uploads\/2020\/04\/favicon_gol_pop.png\",\"contentUrl\":\"https:\/\/golandpop.com\/wp-content\/uploads\/2020\/04\/favicon_gol_pop.png\",\"width\":246,\"height\":246,\"caption\":\"GolandPop\"},\"image\":{\"@id\":\"https:\/\/golandpop.com\/#\/schema\/logo\/image\/\"},\"sameAs\":[\"https:\/\/x.com\/golandpop\",\"https:\/\/www.instagram.com\/golandpopcordoba\/\"]},{\"@type\":\"Person\",\"@id\":\"https:\/\/golandpop.com\/#\/schema\/person\/2809725861e0da25eaffe2d9b29c9613\",\"name\":\"Gol&amp;Pop\",\"image\":{\"@type\":\"ImageObject\",\"inLanguage\":\"es-AR\",\"@id\":\"https:\/\/golandpop.com\/#\/schema\/person\/image\/\",\"url\":\"https:\/\/secure.gravatar.com\/avatar\/9a87ee051ca8c77f5d4070843ce2c78cdf95b858b950fb039151de955122f5f5?s=96&d=mm&r=g\",\"contentUrl\":\"https:\/\/secure.gravatar.com\/avatar\/9a87ee051ca8c77f5d4070843ce2c78cdf95b858b950fb039151de955122f5f5?s=96&d=mm&r=g\",\"caption\":\"Gol&amp;Pop\"},\"sameAs\":[\"http:\/\/golandpop.com\"],\"url\":\"https:\/\/golandpop.com\/index.php\/author\/admin\/\"}]}<\/script>\n<!-- \/ Yoast SEO plugin. -->","yoast_head_json":{"title":"Juan Cruz Oller: la posible salida de Carlos Auzqui y Marcos D\u00edaz, el nivel de \u00c1ngelo Martino y el futuro de Pablo Lavall\u00e9n - Golandpop","robots":{"index":"index","follow":"follow","max-snippet":"max-snippet:-1","max-image-preview":"max-image-preview:large","max-video-preview":"max-video-preview:-1"},"canonical":"https:\/\/golandpop.com\/index.php\/2021\/06\/15\/juan-cruz-oller-la-posible-salida-de-carlos-auzqui-y-marcos-diaz-el-nivel-de-angelo-martino-y-el-futuro-de-pablo-lavallen\/","og_locale":"es_ES","og_type":"article","og_title":"Juan Cruz Oller: la posible salida de Carlos Auzqui y Marcos D\u00edaz, el nivel de \u00c1ngelo Martino y el futuro de Pablo Lavall\u00e9n - Golandpop","og_description":"Las declaraciones de Oller","og_url":"https:\/\/golandpop.com\/index.php\/2021\/06\/15\/juan-cruz-oller-la-posible-salida-de-carlos-auzqui-y-marcos-diaz-el-nivel-de-angelo-martino-y-el-futuro-de-pablo-lavallen\/","og_site_name":"Golandpop","article_published_time":"2021-06-15T19:00:00+00:00","article_modified_time":"2021-06-15T20:29:34+00:00","og_image":[{"width":760,"height":427,"url":"https:\/\/golandpop.com\/wp-content\/uploads\/2021\/06\/ARCHI_834567.jpg","type":"image\/jpeg"}],"author":"Gol&amp;Pop","twitter_card":"summary_large_image","twitter_creator":"@golandpop","twitter_site":"@golandpop","twitter_misc":{"Escrito por":"Gol&amp;Pop","Tiempo de lectura":"3 minutos"},"schema":{"@context":"https:\/\/schema.org","@graph":[{"@type":"Article","@id":"https:\/\/golandpop.com\/index.php\/2021\/06\/15\/juan-cruz-oller-la-posible-salida-de-carlos-auzqui-y-marcos-diaz-el-nivel-de-angelo-martino-y-el-futuro-de-pablo-lavallen\/#article","isPartOf":{"@id":"https:\/\/golandpop.com\/index.php\/2021\/06\/15\/juan-cruz-oller-la-posible-salida-de-carlos-auzqui-y-marcos-diaz-el-nivel-de-angelo-martino-y-el-futuro-de-pablo-lavallen\/"},"author":{"name":"Gol&amp;Pop","@id":"https:\/\/golandpop.com\/#\/schema\/person\/2809725861e0da25eaffe2d9b29c9613"},"headline":"Juan Cruz Oller: la posible salida de Carlos Auzqui y Marcos D\u00edaz, el nivel de \u00c1ngelo Martino y el futuro de Pablo Lavall\u00e9n","datePublished":"2021-06-15T19:00:00+00:00","dateModified":"2021-06-15T20:29:34+00:00","mainEntityOfPage":{"@id":"https:\/\/golandpop.com\/index.php\/2021\/06\/15\/juan-cruz-oller-la-posible-salida-de-carlos-auzqui-y-marcos-diaz-el-nivel-de-angelo-martino-y-el-futuro-de-pablo-lavallen\/"},"wordCount":662,"commentCount":0,"publisher":{"@id":"https:\/\/golandpop.com\/#organization"},"image":{"@id":"https:\/\/golandpop.com\/index.php\/2021\/06\/15\/juan-cruz-oller-la-posible-salida-de-carlos-auzqui-y-marcos-diaz-el-nivel-de-angelo-martino-y-el-futuro-de-pablo-lavallen\/#primaryimage"},"thumbnailUrl":"https:\/\/golandpop.com\/wp-content\/uploads\/2021\/06\/ARCHI_834567.jpg","keywords":["Andr\u00e9s Fassi","Belgrano","Hurac\u00e1n","Juan Cruz Oller","Luis Fabi\u00e1n Artime","portada","Talleres"],"articleSection":["Actualidad","F\u00fatbol"],"inLanguage":"es-AR"},{"@type":"WebPage","@id":"https:\/\/golandpop.com\/index.php\/2021\/06\/15\/juan-cruz-oller-la-posible-salida-de-carlos-auzqui-y-marcos-diaz-el-nivel-de-angelo-martino-y-el-futuro-de-pablo-lavallen\/","url":"https:\/\/golandpop.com\/index.php\/2021\/06\/15\/juan-cruz-oller-la-posible-salida-de-carlos-auzqui-y-marcos-diaz-el-nivel-de-angelo-martino-y-el-futuro-de-pablo-lavallen\/","name":"Juan Cruz Oller: la posible salida de Carlos Auzqui y Marcos D\u00edaz, el nivel de \u00c1ngelo Martino y el futuro de Pablo Lavall\u00e9n - Golandpop","isPartOf":{"@id":"https:\/\/golandpop.com\/#website"},"primaryImageOfPage":{"@id":"https:\/\/golandpop.com\/index.php\/2021\/06\/15\/juan-cruz-oller-la-posible-salida-de-carlos-auzqui-y-marcos-diaz-el-nivel-de-angelo-martino-y-el-futuro-de-pablo-lavallen\/#primaryimage"},"image":{"@id":"https:\/\/golandpop.com\/index.php\/2021\/06\/15\/juan-cruz-oller-la-posible-salida-de-carlos-auzqui-y-marcos-diaz-el-nivel-de-angelo-martino-y-el-futuro-de-pablo-lavallen\/#primaryimage"},"thumbnailUrl":"https:\/\/golandpop.com\/wp-content\/uploads\/2021\/06\/ARCHI_834567.jpg","datePublished":"2021-06-15T19:00:00+00:00","dateModified":"2021-06-15T20:29:34+00:00","breadcrumb":{"@id":"https:\/\/golandpop.com\/index.php\/2021\/06\/15\/juan-cruz-oller-la-posible-salida-de-carlos-auzqui-y-marcos-diaz-el-nivel-de-angelo-martino-y-el-futuro-de-pablo-lavallen\/#breadcrumb"},"inLanguage":"es-AR","potentialAction":[{"@type":"ReadAction","target":["https:\/\/golandpop.com\/index.php\/2021\/06\/15\/juan-cruz-oller-la-posible-salida-de-carlos-auzqui-y-marcos-diaz-el-nivel-de-angelo-martino-y-el-futuro-de-pablo-lavallen\/"]}]},{"@type":"ImageObject","inLanguage":"es-AR","@id":"https:\/\/golandpop.com\/index.php\/2021\/06\/15\/juan-cruz-oller-la-posible-salida-de-carlos-auzqui-y-marcos-diaz-el-nivel-de-angelo-martino-y-el-futuro-de-pablo-lavallen\/#primaryimage","url":"https:\/\/golandpop.com\/wp-content\/uploads\/2021\/06\/ARCHI_834567.jpg","contentUrl":"https:\/\/golandpop.com\/wp-content\/uploads\/2021\/06\/ARCHI_834567.jpg","width":760,"height":427},{"@type":"BreadcrumbList","@id":"https:\/\/golandpop.com\/index.php\/2021\/06\/15\/juan-cruz-oller-la-posible-salida-de-carlos-auzqui-y-marcos-diaz-el-nivel-de-angelo-martino-y-el-futuro-de-pablo-lavallen\/#breadcrumb","itemListElement":[{"@type":"ListItem","position":1,"name":"Inicio","item":"https:\/\/golandpop.com\/"},{"@type":"ListItem","position":2,"name":"Juan Cruz Oller: la posible salida de Carlos Auzqui y Marcos D\u00edaz, el nivel de \u00c1ngelo Martino y el futuro de Pablo Lavall\u00e9n"}]},{"@type":"WebSite","@id":"https:\/\/golandpop.com\/#website","url":"https:\/\/golandpop.com\/","name":"Golandpop","description":"","publisher":{"@id":"https:\/\/golandpop.com\/#organization"},"potentialAction":[{"@type":"SearchAction","target":{"@type":"EntryPoint","urlTemplate":"https:\/\/golandpop.com\/?s={search_term_string}"},"query-input":{"@type":"PropertyValueSpecification","valueRequired":true,"valueName":"search_term_string"}}],"inLanguage":"es-AR"},{"@type":"Organization","@id":"https:\/\/golandpop.com\/#organization","name":"GolandPop","url":"https:\/\/golandpop.com\/","logo":{"@type":"ImageObject","inLanguage":"es-AR","@id":"https:\/\/golandpop.com\/#\/schema\/logo\/image\/","url":"https:\/\/golandpop.com\/wp-content\/uploads\/2020\/04\/favicon_gol_pop.png","contentUrl":"https:\/\/golandpop.com\/wp-content\/uploads\/2020\/04\/favicon_gol_pop.png","width":246,"height":246,"caption":"GolandPop"},"image":{"@id":"https:\/\/golandpop.com\/#\/schema\/logo\/image\/"},"sameAs":["https:\/\/x.com\/golandpop","https:\/\/www.instagram.com\/golandpopcordoba\/"]},{"@type":"Person","@id":"https:\/\/golandpop.com\/#\/schema\/person\/2809725861e0da25eaffe2d9b29c9613","name":"Gol&amp;Pop","image":{"@type":"ImageObject","inLanguage":"es-AR","@id":"https:\/\/golandpop.com\/#\/schema\/person\/image\/","url":"https:\/\/secure.gravatar.com\/avatar\/9a87ee051ca8c77f5d4070843ce2c78cdf95b858b950fb039151de955122f5f5?s=96&d=mm&r=g","contentUrl":"https:\/\/secure.gravatar.com\/avatar\/9a87ee051ca8c77f5d4070843ce2c78cdf95b858b950fb039151de955122f5f5?s=96&d=mm&r=g","caption":"Gol&amp;Pop"},"sameAs":["http:\/\/golandpop.com"],"url":"https:\/\/golandpop.com\/index.php\/author\/admin\/"}]}},"_links":{"self":[{"href":"https:\/\/golandpop.com\/index.php\/wp-json\/wp\/v2\/posts\/11039","targetHints":{"allow":["GET"]}}],"collection":[{"href":"https:\/\/golandpop.com\/index.php\/wp-json\/wp\/v2\/posts"}],"about":[{"href":"https:\/\/golandpop.com\/index.php\/wp-json\/wp\/v2\/types\/post"}],"author":[{"embeddable":true,"href":"https:\/\/golandpop.com\/index.php\/wp-json\/wp\/v2\/users\/1"}],"replies":[{"embeddable":true,"href":"https:\/\/golandpop.com\/index.php\/wp-json\/wp\/v2\/comments?post=11039"}],"version-history":[{"count":5,"href":"https:\/\/golandpop.com\/index.php\/wp-json\/wp\/v2\/posts\/11039\/revisions"}],"predecessor-version":[{"id":11058,"href":"https:\/\/golandpop.com\/index.php\/wp-json\/wp\/v2\/posts\/11039\/revisions\/11058"}],"wp:featuredmedia":[{"embeddable":true,"href":"https:\/\/golandpop.com\/index.php\/wp-json\/wp\/v2\/media\/11056"}],"wp:attachment":[{"href":"https:\/\/golandpop.com\/index.php\/wp-json\/wp\/v2\/media?parent=11039"}],"wp:term":[{"taxonomy":"category","embeddable":true,"href":"https:\/\/golandpop.com\/index.php\/wp-json\/wp\/v2\/categories?post=11039"},{"taxonomy":"post_tag","embeddable":true,"href":"https:\/\/golandpop.com\/index.php\/wp-json\/wp\/v2\/tags?post=11039"}],"curies":[{"name":"wp","href":"https:\/\/api.w.org\/{rel}","templated":true}]}}