{"id":10892,"date":"2021-06-10T18:19:18","date_gmt":"2021-06-10T21:19:18","guid":{"rendered":"https:\/\/golandpop.com\/?p=10892"},"modified":"2021-06-10T18:19:30","modified_gmt":"2021-06-10T21:19:30","slug":"muchas-trompadas-la-historia-del-zurdo-rivadero","status":"publish","type":"post","link":"https:\/\/golandpop.com\/index.php\/2021\/06\/10\/muchas-trompadas-la-historia-del-zurdo-rivadero\/","title":{"rendered":"Muchas trompadas: La historia del Zurdo Rivadero"},"content":{"rendered":"\n<p><em>El Zurdo no ten\u00eda nombre o yo no lo conoc\u00eda. Para los amigos y los clientes que le compraban billetes de loter\u00eda en la peatonal de C\u00f3rdoba, era simplemente el Zurdo.<\/em><\/p>\n\n\n\n<p>El sobrenombre ten\u00eda origen en su pasado de boxeador. Era muy com\u00fan en los gimnasios de la d\u00e9cada del cuarenta apodar as\u00ed a los p\u00fagiles con guardia invertida. Un buen signo de distinci\u00f3n, ya que como los entrenadores de esos a\u00f1os, no quer\u00edan tener zurdos en su establo, los convert\u00edan en diestros, por lo que no eran muchos los que usaban la derecha adelantada.<\/p>\n\n\n\n<p>Est\u00e1 claro por su actividad actual, que el duro y, por entonces, viril deporte de los pu\u00f1os y los dientes apretados no le hab\u00eda sido muy amigable. Aunque no son pocos los boxeadores que luego de su reinado vuelven a caer en la mala, se notaba que Rivadero no era el caso. \u00c9l nunca contaba mucho de su campa\u00f1a deportiva y cuando lo hac\u00eda se re\u00eda de su propio fracaso.<\/p>\n\n\n\n<p>Una vez un periodista riocuartense alertado por el mejor amigo del Zurdo, le hizo una entrevista y le record\u00f3 el suceso.<\/p>\n\n\n\n<p>\u00a0&#8211; \u00bfAsique usted Rivadero combati\u00f3 con Pascual P\u00e9rez? _ Le consult\u00f3 el cronista, quien ignoraba por completo si la historia que el Negro Rodr\u00edguez le hab\u00eda contado era cierta o era una m\u00e1s de sus habituales bromas.<\/p>\n\n\n\n<p>\u00a0-Por supuesto, respondi\u00f3 el Zurdo sin parpadear ni mirar hacia arriba y a la derecha, como dicen que hacen los mentirosos.<\/p>\n\n\n\n<p>Ni el propio joven periodista entend\u00eda que quer\u00eda decir haber estado frente a frente con el gran \u201cPascualito\u201d. Pascual P\u00e9rez, mendocino de origen, fue campe\u00f3n ol\u00edmpico y mundial de peso mosca. Para muchos especialistas es el mejor boxeador argentino de todos los tiempos inclusive por encima del enorme <a href=\"https:\/\/golandpop.com\/?s=monzon\">Carlos Monz\u00f3n<\/a>. El peque\u00f1o gladiador gan\u00f3 todos los campeonatos que se le pusieron en el camino como aficionado culminando su inmaculada carrera amateur, con la medalla dorada en los Juegos Ol\u00edmpicos de Londres 1952.<\/p>\n\n\n\n<div class=\"wp-block-image\"><figure class=\"aligncenter size-large is-resized\"><img fetchpriority=\"high\" decoding=\"async\" src=\"https:\/\/golandpop.com\/wp-content\/uploads\/2021\/06\/descarga.jpg\" alt=\"\" class=\"wp-image-10894\" width=\"342\" height=\"199\"\/><\/figure><\/div>\n\n\n\n<p>Como profesional, primero fue campe\u00f3n argentino y luego mundial en \u00e9pocas de ocho categor\u00edas y una sola versi\u00f3n. Es decir que \u201cPascualito\u201d fue uno de los ocho campeones mundiales que hubo en el arranque de la d\u00e9cada del cincuenta. Por otro lado P\u00e9rez ostenta un r\u00e9cord que hasta hoy no se ha podido quebrar en el <a href=\"https:\/\/golandpop.com\/index.php\/category\/boxeo\/\">boxeo<\/a> argentino: es el \u00fanico compatriota que despu\u00e9s de haber logrado una presea dorada en un juego ol\u00edmpico lleg\u00f3 a ser campe\u00f3n del mundo como profesional. S\u00ed, eso que para los yankis podr\u00eda ser algo com\u00fan &#8211; por caso lo logr\u00f3 Muhammad Ali  -campe\u00f3n ol\u00edmpico medio pesado en Roma 60 y luego triple campe\u00f3n mundial de los pesos completos-, para La Argentina el suceso no se ha vuelto a repetir en 70 a\u00f1os.<\/p>\n\n\n\n<p>No hay dudas de que si la historia de Rodr\u00edguez y ratificada por Rivadero era cierta, el choque entre el Zurdo y Pascualito tendr\u00eda que haber sido all\u00e1 por el a\u00f1o 1945. Las fechas cerraban, el Zurdo era del 29 y es posible que a los diecis\u00e9is a\u00f1os hubiese enfrentado a un Pascual P\u00e9rez novicio, del cual a ning\u00fan erudito se le hubiera pasado por la cabeza pensar, que pocos a\u00f1os m\u00e1s tarde, se iba a transformar en el primer campe\u00f3n del mundo profesional del pa\u00eds.<\/p>\n\n\n\n<p>Es decir que a\u00fan siendo cierta la pelea en cuesti\u00f3n, el Zurdo no enfrent\u00f3 al Pascualito consagrado, sino a un proyecto de crack que cumpli\u00f3 su promesa algo m\u00e1s de un lustro despu\u00e9s. La aclaraci\u00f3n no es un detalle menor, aunque no le resta m\u00e9rito al enjuto y simp\u00e1tico vendedor de loter\u00eda. Hoy con Pascualito elevado a la categor\u00eda de mito y sesenta y pico de a\u00f1os despu\u00e9s el Zurdo tiene derecho a contar la an\u00e9cdota con orgullo y aires de leyenda.<\/p>\n\n\n\n<p>El combate, contaba siempre Rodr\u00edguez, fue en el <a href=\"http:\/\/www.sportingclub.com.ar\/\">C\u00f3rdoba Sport Club<\/a>, una especie de <a href=\"https:\/\/golandpop.com\/?s=luna+park\">Luna Park<\/a> cordob\u00e9s, donde nacieron a la fama los m\u00e1s importantes boxeadores de la provincia y los mejores cuentos del humor mediterr\u00e1neo. De hecho en ese palacio de los deportes perdi\u00f3 su \u00faltima pelea como profesional el mism\u00edsimo Carlos Monz\u00f3n.\u00a0 Fue por puntos y contra el sanluise\u00f1o Alberto Pirincho Massi. Tambi\u00e9n nacieron all\u00ed, chistes memorables que supo contar el Negro \u2018e La Juana, entre otros famosos cuentistas. Recuerdo aquel que surgi\u00f3 en una pelea de poca acci\u00f3n. Los boxeadores no se pegaban y entonces un tipo de voz gruesa grit\u00f3 desde la grada: \u201cQueremos ver sangre\u201d mientras que otro de voz aflautada le respondi\u00f3 desde la tribuna opuesta con una tonada cordobesa de museo: \u201cPon\u00e9 el ocote\u201d.<\/p>\n\n\n\n<p>El periodista sab\u00eda dentro de su ignorancia box\u00edstica, que Pascual P\u00e9rez no era un nombre cualquiera. Le sonaba en las historias que le contaba su abuelo, o alg\u00fan t\u00edo viejo que juraba haber escuchado el relato de Fioravanti en su pelea consagratoria con Yoshio Shirai. Al muchacho le bastaba sentir la fon\u00e9tica del apodo Pascualito para saber que no estaba entrevistando a cualquiera. Encima no era f\u00e1cil para \u00e9l llegar a los grandes protagonistas del deporte nacional desde su peque\u00f1a FM del sur de la provincia. Para \u00e9l la nota cobraba trascendencia y para sus oyentes tambi\u00e9n. Si la historia era cierta o no importaba poco. Adem\u00e1s el chico la crey\u00f3 de parto, no lo hab\u00eda abrevando en los manuales de los periodistas inescrupulosos que versan que \u201cuna mentira no debe arruinar una buena nota\u201d. El pibe era inocente. Adem\u00e1s, aclaro que ni a la Federaci\u00f3n Argentina de Box, le consta que el combate haya o no existido, en tiempos donde las peleas entre aficionados no guardaban registro.<\/p>\n\n\n\n<p>En el grabador Panasonic de caset ya estaba documentado el escueto y seguro s\u00ed del Zurdo, ante la pregunta sobre la tan mentada pelea, entonces el muchacho que no ten\u00eda mucha experiencia arruin\u00f3 la nota en la segunda y \u00faltima pregunta. Podr\u00eda haber pasado por toda la biograf\u00eda del ex boxeador que habi\u00e9ndose cruzado en el ring con el gran campe\u00f3n hoy vive para contarlo. Pudo haber repasado toda la carrera box\u00edstica de Rivadero,<\/p>\n\n\n\n<p>sus \u00e9xitos y desventuras. Las razones por las cuales Pascualito lleg\u00f3 y \u00e9l debi\u00f3 resignarse al retiro. C\u00f3mo es que la vida te consagra o te golpea. O la iron\u00eda del destino que le dio todo a P\u00e9rez en lo deportivo, pero le quit\u00f3 en lo personal. Podr\u00eda haberse floreado con comparaciones satisfactorias para su entrevistado; de pronto el Zurdo no hab\u00eda llegado tan lejos como Pascualito pero estaba vivo y feliz, mientras que el \u00eddolo muri\u00f3 solo, alcoh\u00f3lico y enga\u00f1ado por su amada.<\/p>\n\n\n\n<p>Pero no el periodista fue al grano, fue a la pelea y con el clich\u00e9 t\u00edpico que fotocopian los nuevos periodistas. Fue a la emoci\u00f3n, al sentimiento. Y el boxeo es una de las pocas pr\u00e1cticas en las que lo importante no es competir, porque a los goles te los hacen en la cara.<\/p>\n\n\n\n<p>Entonces es mejor preguntar por la pelea en s\u00ed. Por c\u00f3mo se hab\u00edan dado los sucesos. Si Pascualito era ya una figurita dentro del amateurismo y, si lo era por qu\u00e9 lo hab\u00edan puesto a \u00e9l a pelear con semejante estrella. Tal vez \u00e9l tambi\u00e9n era un protegido del boxeo cordob\u00e9s como P\u00e9rez lo era para los cuyanos. O si fue un combate m\u00e1s y se sorprendi\u00f3 despu\u00e9s con la rutilante carrera de su ex rival. Si pudo verlo tiempo m\u00e1s tarde. Si Pascualito lo record\u00f3 o si le fue imposible en sus m\u00e1s de cien peleas como amateur. Si el pleito hab\u00eda sido por alg\u00fan campeonato o si hab\u00eda sido una simple pelea complementaria de otras grandes de la \u00e9poca.<\/p>\n\n\n\n<p>Sin embargo no, el tipito fue al sentimiento y en verdad no estaba mal, simplemente que quiz\u00e1s debi\u00f3 meter la muletilla gastada un par de preguntas m\u00e1s tarde. No estaba errado ir por el sentimiento, porque estaba bueno preguntar si uno con el tiempo pod\u00eda ser hincha del adversario ante una pelea mundialista, si es cierto eso de que los boxeadores intentan arrancarse la cabeza en el ring, pero cando suena el \u00faltimo gong se abrazan sin rencor. Ese refr\u00e1n de Bonavena tantas veces mencionado, \u201cque hasta el banquito te sacan\u201d, sumado al de Monz\u00f3n: \u201cCuando llaman a pelear el que est\u00e1 frente a vos se quiere quedar con el pan de tus hijos\u201d. Y todo eso ante el gran Pascualito.<\/p>\n\n\n\n<p>Aquel periodista le pregunt\u00f3 al Zurdo: _ \u00bfQu\u00e9 sinti\u00f3 esa noche cuando subi\u00f3 al ring a enfrentar nada menos que al inmortal Pascual P\u00e9rez?.<\/p>\n\n\n\n<p>El Zurdo Rivadero lo mir\u00f3, semblante\u00f3 a los amigos que lo acompa\u00f1aban, se sonri\u00f3 de queruza hacia la izquierda, como haciendo la se\u00f1a del siete de oros, y cerr\u00f3 la nota en diez segundos. La respuesta no tuvo repreguntas. Entre carcajadas y las reflexiones del auditorio el Zurdo respondi\u00f3 con la sabidur\u00eda del tipo de la calle: _ \u00bfQu\u00e9 sent\u00ed, pibe? \u00bfQu\u00e9 sent\u00ed? \u00a1Muuuuuchas&nbsp; trompadas!\u201d\u2026<\/p>\n\n\n\n<p><\/p>\n","protected":false},"excerpt":{"rendered":"<p>El Zurdo no ten\u00eda nombre o yo no lo conoc\u00eda. Para los amigos y los clientes que le compraban billetes de loter\u00eda en la peatonal de C\u00f3rdoba, era simplemente el Zurdo. El sobrenombre ten\u00eda origen en su pasado de boxeador. Era muy com\u00fan en los gimnasios de la d\u00e9cada del cuarenta apodar as\u00ed a los [&hellip;]<\/p>\n","protected":false},"author":1,"featured_media":10893,"comment_status":"open","ping_status":"open","sticky":false,"template":"","format":"standard","meta":{"footnotes":""},"categories":[955,28],"tags":[284,995,993,950,994],"class_list":["post-10892","post","type-post","status-publish","format-standard","has-post-thumbnail","hentry","category-a-destiempo","category-boxeo","tag-boxeo-2","tag-calos-monzon","tag-pascual-perez","tag-portada","tag-zurdo-rivadero"],"yoast_head":"<!-- This site is optimized with the Yoast SEO plugin v26.1.1 - https:\/\/yoast.com\/wordpress\/plugins\/seo\/ -->\n<title>Muchas trompadas: La historia del Zurdo Rivadero - Golandpop<\/title>\n<meta name=\"robots\" content=\"index, follow, max-snippet:-1, max-image-preview:large, max-video-preview:-1\" \/>\n<link rel=\"canonical\" href=\"https:\/\/golandpop.com\/index.php\/2021\/06\/10\/muchas-trompadas-la-historia-del-zurdo-rivadero\/\" \/>\n<meta property=\"og:locale\" content=\"es_ES\" \/>\n<meta property=\"og:type\" content=\"article\" \/>\n<meta property=\"og:title\" content=\"Muchas trompadas: La historia del Zurdo Rivadero - Golandpop\" \/>\n<meta property=\"og:description\" content=\"El Zurdo no ten\u00eda nombre o yo no lo conoc\u00eda. Para los amigos y los clientes que le compraban billetes de loter\u00eda en la peatonal de C\u00f3rdoba, era simplemente el Zurdo. El sobrenombre ten\u00eda origen en su pasado de boxeador. Era muy com\u00fan en los gimnasios de la d\u00e9cada del cuarenta apodar as\u00ed a los [&hellip;]\" \/>\n<meta property=\"og:url\" content=\"https:\/\/golandpop.com\/index.php\/2021\/06\/10\/muchas-trompadas-la-historia-del-zurdo-rivadero\/\" \/>\n<meta property=\"og:site_name\" content=\"Golandpop\" \/>\n<meta property=\"article:published_time\" content=\"2021-06-10T21:19:18+00:00\" \/>\n<meta property=\"article:modified_time\" content=\"2021-06-10T21:19:30+00:00\" \/>\n<meta property=\"og:image\" content=\"https:\/\/golandpop.com\/wp-content\/uploads\/2021\/06\/Pascual-Perez.jpg\" \/>\n\t<meta property=\"og:image:width\" content=\"850\" \/>\n\t<meta property=\"og:image:height\" content=\"478\" \/>\n\t<meta property=\"og:image:type\" content=\"image\/jpeg\" \/>\n<meta name=\"author\" content=\"Gol&amp;Pop\" \/>\n<meta name=\"twitter:card\" content=\"summary_large_image\" \/>\n<meta name=\"twitter:creator\" content=\"@golandpop\" \/>\n<meta name=\"twitter:site\" content=\"@golandpop\" \/>\n<meta name=\"twitter:label1\" content=\"Escrito por\" \/>\n\t<meta name=\"twitter:data1\" content=\"Gol&amp;Pop\" \/>\n\t<meta name=\"twitter:label2\" content=\"Tiempo de lectura\" \/>\n\t<meta name=\"twitter:data2\" content=\"8 minutos\" \/>\n<script type=\"application\/ld+json\" class=\"yoast-schema-graph\">{\"@context\":\"https:\/\/schema.org\",\"@graph\":[{\"@type\":\"Article\",\"@id\":\"https:\/\/golandpop.com\/index.php\/2021\/06\/10\/muchas-trompadas-la-historia-del-zurdo-rivadero\/#article\",\"isPartOf\":{\"@id\":\"https:\/\/golandpop.com\/index.php\/2021\/06\/10\/muchas-trompadas-la-historia-del-zurdo-rivadero\/\"},\"author\":{\"name\":\"Gol&amp;Pop\",\"@id\":\"https:\/\/golandpop.com\/#\/schema\/person\/2809725861e0da25eaffe2d9b29c9613\"},\"headline\":\"Muchas trompadas: La historia del Zurdo Rivadero\",\"datePublished\":\"2021-06-10T21:19:18+00:00\",\"dateModified\":\"2021-06-10T21:19:30+00:00\",\"mainEntityOfPage\":{\"@id\":\"https:\/\/golandpop.com\/index.php\/2021\/06\/10\/muchas-trompadas-la-historia-del-zurdo-rivadero\/\"},\"wordCount\":1593,\"commentCount\":0,\"publisher\":{\"@id\":\"https:\/\/golandpop.com\/#organization\"},\"image\":{\"@id\":\"https:\/\/golandpop.com\/index.php\/2021\/06\/10\/muchas-trompadas-la-historia-del-zurdo-rivadero\/#primaryimage\"},\"thumbnailUrl\":\"https:\/\/golandpop.com\/wp-content\/uploads\/2021\/06\/Pascual-Perez.jpg\",\"keywords\":[\"Boxeo\",\"Calos Monz\u00f3n\",\"Pascual P\u00e9rez\",\"portada\",\"Zurdo Rivadero\"],\"articleSection\":[\"A destiempo\",\"Boxeo\"],\"inLanguage\":\"es-AR\"},{\"@type\":\"WebPage\",\"@id\":\"https:\/\/golandpop.com\/index.php\/2021\/06\/10\/muchas-trompadas-la-historia-del-zurdo-rivadero\/\",\"url\":\"https:\/\/golandpop.com\/index.php\/2021\/06\/10\/muchas-trompadas-la-historia-del-zurdo-rivadero\/\",\"name\":\"Muchas trompadas: La historia del Zurdo Rivadero - Golandpop\",\"isPartOf\":{\"@id\":\"https:\/\/golandpop.com\/#website\"},\"primaryImageOfPage\":{\"@id\":\"https:\/\/golandpop.com\/index.php\/2021\/06\/10\/muchas-trompadas-la-historia-del-zurdo-rivadero\/#primaryimage\"},\"image\":{\"@id\":\"https:\/\/golandpop.com\/index.php\/2021\/06\/10\/muchas-trompadas-la-historia-del-zurdo-rivadero\/#primaryimage\"},\"thumbnailUrl\":\"https:\/\/golandpop.com\/wp-content\/uploads\/2021\/06\/Pascual-Perez.jpg\",\"datePublished\":\"2021-06-10T21:19:18+00:00\",\"dateModified\":\"2021-06-10T21:19:30+00:00\",\"breadcrumb\":{\"@id\":\"https:\/\/golandpop.com\/index.php\/2021\/06\/10\/muchas-trompadas-la-historia-del-zurdo-rivadero\/#breadcrumb\"},\"inLanguage\":\"es-AR\",\"potentialAction\":[{\"@type\":\"ReadAction\",\"target\":[\"https:\/\/golandpop.com\/index.php\/2021\/06\/10\/muchas-trompadas-la-historia-del-zurdo-rivadero\/\"]}]},{\"@type\":\"ImageObject\",\"inLanguage\":\"es-AR\",\"@id\":\"https:\/\/golandpop.com\/index.php\/2021\/06\/10\/muchas-trompadas-la-historia-del-zurdo-rivadero\/#primaryimage\",\"url\":\"https:\/\/golandpop.com\/wp-content\/uploads\/2021\/06\/Pascual-Perez.jpg\",\"contentUrl\":\"https:\/\/golandpop.com\/wp-content\/uploads\/2021\/06\/Pascual-Perez.jpg\",\"width\":850,\"height\":478},{\"@type\":\"BreadcrumbList\",\"@id\":\"https:\/\/golandpop.com\/index.php\/2021\/06\/10\/muchas-trompadas-la-historia-del-zurdo-rivadero\/#breadcrumb\",\"itemListElement\":[{\"@type\":\"ListItem\",\"position\":1,\"name\":\"Inicio\",\"item\":\"https:\/\/golandpop.com\/\"},{\"@type\":\"ListItem\",\"position\":2,\"name\":\"Muchas trompadas: La historia del Zurdo Rivadero\"}]},{\"@type\":\"WebSite\",\"@id\":\"https:\/\/golandpop.com\/#website\",\"url\":\"https:\/\/golandpop.com\/\",\"name\":\"Golandpop\",\"description\":\"\",\"publisher\":{\"@id\":\"https:\/\/golandpop.com\/#organization\"},\"potentialAction\":[{\"@type\":\"SearchAction\",\"target\":{\"@type\":\"EntryPoint\",\"urlTemplate\":\"https:\/\/golandpop.com\/?s={search_term_string}\"},\"query-input\":{\"@type\":\"PropertyValueSpecification\",\"valueRequired\":true,\"valueName\":\"search_term_string\"}}],\"inLanguage\":\"es-AR\"},{\"@type\":\"Organization\",\"@id\":\"https:\/\/golandpop.com\/#organization\",\"name\":\"GolandPop\",\"url\":\"https:\/\/golandpop.com\/\",\"logo\":{\"@type\":\"ImageObject\",\"inLanguage\":\"es-AR\",\"@id\":\"https:\/\/golandpop.com\/#\/schema\/logo\/image\/\",\"url\":\"https:\/\/golandpop.com\/wp-content\/uploads\/2020\/04\/favicon_gol_pop.png\",\"contentUrl\":\"https:\/\/golandpop.com\/wp-content\/uploads\/2020\/04\/favicon_gol_pop.png\",\"width\":246,\"height\":246,\"caption\":\"GolandPop\"},\"image\":{\"@id\":\"https:\/\/golandpop.com\/#\/schema\/logo\/image\/\"},\"sameAs\":[\"https:\/\/x.com\/golandpop\",\"https:\/\/www.instagram.com\/golandpopcordoba\/\"]},{\"@type\":\"Person\",\"@id\":\"https:\/\/golandpop.com\/#\/schema\/person\/2809725861e0da25eaffe2d9b29c9613\",\"name\":\"Gol&amp;Pop\",\"image\":{\"@type\":\"ImageObject\",\"inLanguage\":\"es-AR\",\"@id\":\"https:\/\/golandpop.com\/#\/schema\/person\/image\/\",\"url\":\"https:\/\/secure.gravatar.com\/avatar\/9a87ee051ca8c77f5d4070843ce2c78cdf95b858b950fb039151de955122f5f5?s=96&d=mm&r=g\",\"contentUrl\":\"https:\/\/secure.gravatar.com\/avatar\/9a87ee051ca8c77f5d4070843ce2c78cdf95b858b950fb039151de955122f5f5?s=96&d=mm&r=g\",\"caption\":\"Gol&amp;Pop\"},\"sameAs\":[\"http:\/\/golandpop.com\"],\"url\":\"https:\/\/golandpop.com\/index.php\/author\/admin\/\"}]}<\/script>\n<!-- \/ Yoast SEO plugin. -->","yoast_head_json":{"title":"Muchas trompadas: La historia del Zurdo Rivadero - Golandpop","robots":{"index":"index","follow":"follow","max-snippet":"max-snippet:-1","max-image-preview":"max-image-preview:large","max-video-preview":"max-video-preview:-1"},"canonical":"https:\/\/golandpop.com\/index.php\/2021\/06\/10\/muchas-trompadas-la-historia-del-zurdo-rivadero\/","og_locale":"es_ES","og_type":"article","og_title":"Muchas trompadas: La historia del Zurdo Rivadero - Golandpop","og_description":"El Zurdo no ten\u00eda nombre o yo no lo conoc\u00eda. Para los amigos y los clientes que le compraban billetes de loter\u00eda en la peatonal de C\u00f3rdoba, era simplemente el Zurdo. El sobrenombre ten\u00eda origen en su pasado de boxeador. Era muy com\u00fan en los gimnasios de la d\u00e9cada del cuarenta apodar as\u00ed a los [&hellip;]","og_url":"https:\/\/golandpop.com\/index.php\/2021\/06\/10\/muchas-trompadas-la-historia-del-zurdo-rivadero\/","og_site_name":"Golandpop","article_published_time":"2021-06-10T21:19:18+00:00","article_modified_time":"2021-06-10T21:19:30+00:00","og_image":[{"width":850,"height":478,"url":"https:\/\/golandpop.com\/wp-content\/uploads\/2021\/06\/Pascual-Perez.jpg","type":"image\/jpeg"}],"author":"Gol&amp;Pop","twitter_card":"summary_large_image","twitter_creator":"@golandpop","twitter_site":"@golandpop","twitter_misc":{"Escrito por":"Gol&amp;Pop","Tiempo de lectura":"8 minutos"},"schema":{"@context":"https:\/\/schema.org","@graph":[{"@type":"Article","@id":"https:\/\/golandpop.com\/index.php\/2021\/06\/10\/muchas-trompadas-la-historia-del-zurdo-rivadero\/#article","isPartOf":{"@id":"https:\/\/golandpop.com\/index.php\/2021\/06\/10\/muchas-trompadas-la-historia-del-zurdo-rivadero\/"},"author":{"name":"Gol&amp;Pop","@id":"https:\/\/golandpop.com\/#\/schema\/person\/2809725861e0da25eaffe2d9b29c9613"},"headline":"Muchas trompadas: La historia del Zurdo Rivadero","datePublished":"2021-06-10T21:19:18+00:00","dateModified":"2021-06-10T21:19:30+00:00","mainEntityOfPage":{"@id":"https:\/\/golandpop.com\/index.php\/2021\/06\/10\/muchas-trompadas-la-historia-del-zurdo-rivadero\/"},"wordCount":1593,"commentCount":0,"publisher":{"@id":"https:\/\/golandpop.com\/#organization"},"image":{"@id":"https:\/\/golandpop.com\/index.php\/2021\/06\/10\/muchas-trompadas-la-historia-del-zurdo-rivadero\/#primaryimage"},"thumbnailUrl":"https:\/\/golandpop.com\/wp-content\/uploads\/2021\/06\/Pascual-Perez.jpg","keywords":["Boxeo","Calos Monz\u00f3n","Pascual P\u00e9rez","portada","Zurdo Rivadero"],"articleSection":["A destiempo","Boxeo"],"inLanguage":"es-AR"},{"@type":"WebPage","@id":"https:\/\/golandpop.com\/index.php\/2021\/06\/10\/muchas-trompadas-la-historia-del-zurdo-rivadero\/","url":"https:\/\/golandpop.com\/index.php\/2021\/06\/10\/muchas-trompadas-la-historia-del-zurdo-rivadero\/","name":"Muchas trompadas: La historia del Zurdo Rivadero - Golandpop","isPartOf":{"@id":"https:\/\/golandpop.com\/#website"},"primaryImageOfPage":{"@id":"https:\/\/golandpop.com\/index.php\/2021\/06\/10\/muchas-trompadas-la-historia-del-zurdo-rivadero\/#primaryimage"},"image":{"@id":"https:\/\/golandpop.com\/index.php\/2021\/06\/10\/muchas-trompadas-la-historia-del-zurdo-rivadero\/#primaryimage"},"thumbnailUrl":"https:\/\/golandpop.com\/wp-content\/uploads\/2021\/06\/Pascual-Perez.jpg","datePublished":"2021-06-10T21:19:18+00:00","dateModified":"2021-06-10T21:19:30+00:00","breadcrumb":{"@id":"https:\/\/golandpop.com\/index.php\/2021\/06\/10\/muchas-trompadas-la-historia-del-zurdo-rivadero\/#breadcrumb"},"inLanguage":"es-AR","potentialAction":[{"@type":"ReadAction","target":["https:\/\/golandpop.com\/index.php\/2021\/06\/10\/muchas-trompadas-la-historia-del-zurdo-rivadero\/"]}]},{"@type":"ImageObject","inLanguage":"es-AR","@id":"https:\/\/golandpop.com\/index.php\/2021\/06\/10\/muchas-trompadas-la-historia-del-zurdo-rivadero\/#primaryimage","url":"https:\/\/golandpop.com\/wp-content\/uploads\/2021\/06\/Pascual-Perez.jpg","contentUrl":"https:\/\/golandpop.com\/wp-content\/uploads\/2021\/06\/Pascual-Perez.jpg","width":850,"height":478},{"@type":"BreadcrumbList","@id":"https:\/\/golandpop.com\/index.php\/2021\/06\/10\/muchas-trompadas-la-historia-del-zurdo-rivadero\/#breadcrumb","itemListElement":[{"@type":"ListItem","position":1,"name":"Inicio","item":"https:\/\/golandpop.com\/"},{"@type":"ListItem","position":2,"name":"Muchas trompadas: La historia del Zurdo Rivadero"}]},{"@type":"WebSite","@id":"https:\/\/golandpop.com\/#website","url":"https:\/\/golandpop.com\/","name":"Golandpop","description":"","publisher":{"@id":"https:\/\/golandpop.com\/#organization"},"potentialAction":[{"@type":"SearchAction","target":{"@type":"EntryPoint","urlTemplate":"https:\/\/golandpop.com\/?s={search_term_string}"},"query-input":{"@type":"PropertyValueSpecification","valueRequired":true,"valueName":"search_term_string"}}],"inLanguage":"es-AR"},{"@type":"Organization","@id":"https:\/\/golandpop.com\/#organization","name":"GolandPop","url":"https:\/\/golandpop.com\/","logo":{"@type":"ImageObject","inLanguage":"es-AR","@id":"https:\/\/golandpop.com\/#\/schema\/logo\/image\/","url":"https:\/\/golandpop.com\/wp-content\/uploads\/2020\/04\/favicon_gol_pop.png","contentUrl":"https:\/\/golandpop.com\/wp-content\/uploads\/2020\/04\/favicon_gol_pop.png","width":246,"height":246,"caption":"GolandPop"},"image":{"@id":"https:\/\/golandpop.com\/#\/schema\/logo\/image\/"},"sameAs":["https:\/\/x.com\/golandpop","https:\/\/www.instagram.com\/golandpopcordoba\/"]},{"@type":"Person","@id":"https:\/\/golandpop.com\/#\/schema\/person\/2809725861e0da25eaffe2d9b29c9613","name":"Gol&amp;Pop","image":{"@type":"ImageObject","inLanguage":"es-AR","@id":"https:\/\/golandpop.com\/#\/schema\/person\/image\/","url":"https:\/\/secure.gravatar.com\/avatar\/9a87ee051ca8c77f5d4070843ce2c78cdf95b858b950fb039151de955122f5f5?s=96&d=mm&r=g","contentUrl":"https:\/\/secure.gravatar.com\/avatar\/9a87ee051ca8c77f5d4070843ce2c78cdf95b858b950fb039151de955122f5f5?s=96&d=mm&r=g","caption":"Gol&amp;Pop"},"sameAs":["http:\/\/golandpop.com"],"url":"https:\/\/golandpop.com\/index.php\/author\/admin\/"}]}},"_links":{"self":[{"href":"https:\/\/golandpop.com\/index.php\/wp-json\/wp\/v2\/posts\/10892","targetHints":{"allow":["GET"]}}],"collection":[{"href":"https:\/\/golandpop.com\/index.php\/wp-json\/wp\/v2\/posts"}],"about":[{"href":"https:\/\/golandpop.com\/index.php\/wp-json\/wp\/v2\/types\/post"}],"author":[{"embeddable":true,"href":"https:\/\/golandpop.com\/index.php\/wp-json\/wp\/v2\/users\/1"}],"replies":[{"embeddable":true,"href":"https:\/\/golandpop.com\/index.php\/wp-json\/wp\/v2\/comments?post=10892"}],"version-history":[{"count":2,"href":"https:\/\/golandpop.com\/index.php\/wp-json\/wp\/v2\/posts\/10892\/revisions"}],"predecessor-version":[{"id":10896,"href":"https:\/\/golandpop.com\/index.php\/wp-json\/wp\/v2\/posts\/10892\/revisions\/10896"}],"wp:featuredmedia":[{"embeddable":true,"href":"https:\/\/golandpop.com\/index.php\/wp-json\/wp\/v2\/media\/10893"}],"wp:attachment":[{"href":"https:\/\/golandpop.com\/index.php\/wp-json\/wp\/v2\/media?parent=10892"}],"wp:term":[{"taxonomy":"category","embeddable":true,"href":"https:\/\/golandpop.com\/index.php\/wp-json\/wp\/v2\/categories?post=10892"},{"taxonomy":"post_tag","embeddable":true,"href":"https:\/\/golandpop.com\/index.php\/wp-json\/wp\/v2\/tags?post=10892"}],"curies":[{"name":"wp","href":"https:\/\/api.w.org\/{rel}","templated":true}]}}