{"id":10851,"date":"2021-06-10T17:51:11","date_gmt":"2021-06-10T20:51:11","guid":{"rendered":"https:\/\/golandpop.com\/?p=10851"},"modified":"2021-06-10T18:07:50","modified_gmt":"2021-06-10T21:07:50","slug":"la-tarde-en-que-los-galos-se-vistieron-de-dragones","status":"publish","type":"post","link":"https:\/\/golandpop.com\/index.php\/2021\/06\/10\/la-tarde-en-que-los-galos-se-vistieron-de-dragones\/","title":{"rendered":"La tarde en que los Galos se vistieron de Dragones"},"content":{"rendered":"\n<p><em>Una tarde soleada de Mar del Plata dej\u00f3 una perlita para la historia de los mundiales, tambi\u00e9n un recuerdo inolvidable para los hinchas de Kimberley, equipo humilde de &#8220;La Feliz&#8221; que tuvo el privilegio de haber vestido de Drag\u00f3n a Michel Platini.<\/em><\/p>\n\n\n\n<p>Aquel mundial realizado en nuestro pa\u00eds en <a href=\"https:\/\/golandpop.com\/?s=mundial+78\">1978<\/a>, nos ha dejado un sin fin de tristezas y alegr\u00edas. En una dictadura perfecta, que pon\u00eda su maquinaria a andar para que toda la ciudadan\u00eda ubicara sus ojos frente a la TV y se mantuviera con total expectativa por el mundial, por detr\u00e1s torturaba, secuestraba, mataba a ciudadanas y ciudadanos de nuestro pueblo. <\/p>\n\n\n\n<p>Es imposible pensar aquel mundial sin recordar ese contexto hist\u00f3rico, mucho menos si vamos a hablar de la <a href=\"https:\/\/golandpop.com\/?s=francia\">Selecci\u00f3n Francesa<\/a>. \u00c9sta fue cuestionada, por venir a jugar a la Argentina, a\u00fan sabiendo las denuncias que desde aqu\u00ed se hac\u00edan por la violaci\u00f3n de los Derechos Humanos. Los medios y periodistas franceses fueron quienes dieron a conocer por toda Europa la realidad social y pol\u00edtica que viv\u00eda nuestro pa\u00eds.<\/p>\n\n\n\n<p>Sin embargo no fue la \u00fanica tarea de los franceses en aquel mundial. Hubo un detalle que los dejar\u00e1 para siempre en la historia de un club humilde de la ciudad de Mar del Plata. Aquel s\u00e1bado 10 de junio de 1978 el equipo franc\u00e9s se enfrentaba con Hungr\u00eda en el Jos\u00e9 Mar\u00eda Minella, ambos equipos ya estaban fuera del torneo, hab\u00edan sido eliminados por de Argentina e Italia en el grupo A<\/p>\n\n\n\n<div class=\"wp-block-image\"><figure class=\"aligncenter size-large\"><img fetchpriority=\"high\" decoding=\"async\" width=\"512\" height=\"347\" src=\"https:\/\/golandpop.com\/wp-content\/uploads\/2021\/06\/WhatsApp-Image-2021-06-10-at-13.06.53.jpeg\" alt=\"\" class=\"wp-image-10859\" srcset=\"https:\/\/golandpop.com\/wp-content\/uploads\/2021\/06\/WhatsApp-Image-2021-06-10-at-13.06.53.jpeg 512w, https:\/\/golandpop.com\/wp-content\/uploads\/2021\/06\/WhatsApp-Image-2021-06-10-at-13.06.53-300x203.jpeg 300w\" sizes=\"(max-width: 512px) 100vw, 512px\" \/><\/figure><\/div>\n\n\n\n<p>Minutos antes del <a href=\"https:\/\/golandpop.com\/index.php\/category\/futbol\/\">partido,<\/a> el \u00e1rbitro brasile\u00f1o Arnaldo Coelho llam\u00f3 a los representantes de cada delegaci\u00f3n para verificar que las camisetas. Finalmente se llevar\u00eda la sorpresa que las casacas eran iguales. Los h\u00fangaros presentaban la remera blanca y Francia hab\u00eda llevado las remeras alternativas del mismo color. <\/p>\n\n\n\n<p>Los dos equipos quer\u00edan jugar de blanco y el partido comenzaba a demorarse. El \u00e1rbitro estuvo a poco de darle los puntos a Hungr\u00eda, sin embargo iban a aparecer los salvadores del galo.<\/p>\n\n\n\n<p>En las gradas del estadio se encontraba tranquilo y relajado, a la espera del cotejo Carlos Alberto Cubero, taxista de la ciudad de Mar del Plata, que desde arriba divis\u00f3 a alguien que a los gritos y con muchos ademanes corporales le dec\u00eda \u201c\u00a1Ven\u00ed, Cubero, que te necesitamo\u2019. Los francese\u2019 revolvieron todos los bolso\u2019 y se olvidaron las camiseta azule\u2019!\u201d. <\/p>\n\n\n\n<p>El Pocho Cubero baj\u00f3 de inmediato y se fue al encuentro con Luis Nicolai, dirigente de Kimberley, equipo que supo estar en primera y hoy naufraga por las aguas turbulentas del Torneo Regional Amateur. \u201cDale, Pocho, agarr\u00e1 el tacho que tenemos que salir volando para el club\u201d, dijo Nicolai. <\/p>\n\n\n\n<p>Cubero ten\u00eda un Falcon del a\u00f1o 70, que lo hac\u00eda arrancar con una pinza y un rollo de alambre. La m\u00e1quina se retob\u00f3 en la primera, pero a la segunda arranc\u00f3 y as\u00ed partieron los dos, junto al utilero del club Agust\u00edn Vallejo, hacia la sede del drag\u00f3n donde buscar\u00edan las camisetas para el elenco de Michel Platini.<\/p>\n\n\n\n<p> Al llegar tuvieron que romper un candado, porque no ten\u00edan la llave, de esta manera los entusiastas aventureros marplatenses fueron hasta el lavadero y buscaron un juego de camisetas a estrenar para el seleccionado europeo.<\/p>\n\n\n\n<p>Luego de 41 minutos de demora el partido comenz\u00f3, y de f\u00fatbol dejo poco. Francia gan\u00f3 3 a 1 con goles de Christian L\u00f3pez, Marc Berdoll y Dominique Rocheteau.  Zombori achic\u00f3 distancia en el marcador para los h\u00fangaros.<\/p>\n\n\n\n<p>La sorpresa vino cuando Cubero y Nicolai fueron a buscar las camisetas al vestuario franc\u00e9s, ning\u00fan jugador galo se las quiso dar, ellos quer\u00edan llev\u00e1rselas de recuerdo, s\u00f3lo la 5 de Fran\u00e7ois Bracci fue conseguida por el utilero Vallejo. Esa camiseta estuvo en poder de Carlos Stufano, alias \u201cManzanita\u201d, quien conserv\u00f3 la remera en un caj\u00f3n de su placard. <\/p>\n\n\n\n<p>A\u00f1os m\u00e1s tarde, Filo Nocelli presidente de la instituci\u00f3n por aquel entonces se contact\u00f3 con Manzanita para decirle que a trav\u00e9s de la AFA, la FIFA estaba buscando esa camiseta para llevarla al museo de Z\u00farich, en Suiza. Con todo el dolor del alma Stufano la cedi\u00f3 y la remera del drag\u00f3n hoy descansa junto a las casacas de Am\u00e9rico Rub\u00e9n &#8220;el Tolo&#8221; Gallego y el holand\u00e9s Ruud Krol que usaron en la final de este mundial.<\/p>\n\n\n\n<p>El pueblo de Kimberey recuerda con gran cari\u00f1o este suceso. Tiene el honor de decir que una de las m\u00e1ximas figuras de la historia del f\u00fatbol se puso la verde y blanca del Drag\u00f3n. Con la n\u00famero 15 en el dorsal Michel Platini jug\u00f3 para Francia el \u00faltimo partido de su primer mundial. <\/p>\n\n\n\n<figure class=\"wp-block-embed-youtube wp-block-embed is-type-video is-provider-youtube wp-embed-aspect-4-3 wp-has-aspect-ratio\"><div class=\"wp-block-embed__wrapper\">\n<iframe title=\"1978 Gol de Marc Berdoll Francia - Hungr\u00eda\" width=\"740\" height=\"555\" src=\"https:\/\/www.youtube.com\/embed\/K36NMi48_gg?feature=oembed\" frameborder=\"0\" allow=\"accelerometer; autoplay; clipboard-write; encrypted-media; gyroscope; picture-in-picture\" allowfullscreen><\/iframe>\n<\/div><\/figure>\n","protected":false},"excerpt":{"rendered":"<p>Recordando el mundial del 78 <\/p>\n","protected":false},"author":1,"featured_media":10860,"comment_status":"open","ping_status":"open","sticky":false,"template":"","format":"standard","meta":{"footnotes":""},"categories":[775,39],"tags":[990,992,991,950],"class_list":["post-10851","post","type-post","status-publish","format-standard","has-post-thumbnail","hentry","category-efemerides","category-futbol","tag-kimberley","tag-mundial-1978","tag-platini","tag-portada"],"yoast_head":"<!-- This site is optimized with the Yoast SEO plugin v26.1.1 - https:\/\/yoast.com\/wordpress\/plugins\/seo\/ -->\n<title>La tarde en que los Galos se vistieron de Dragones - Golandpop<\/title>\n<meta name=\"robots\" content=\"index, follow, max-snippet:-1, max-image-preview:large, max-video-preview:-1\" \/>\n<link rel=\"canonical\" href=\"https:\/\/golandpop.com\/index.php\/2021\/06\/10\/la-tarde-en-que-los-galos-se-vistieron-de-dragones\/\" \/>\n<meta property=\"og:locale\" content=\"es_ES\" \/>\n<meta property=\"og:type\" content=\"article\" \/>\n<meta property=\"og:title\" content=\"La tarde en que los Galos se vistieron de Dragones - Golandpop\" \/>\n<meta property=\"og:description\" content=\"Recordando el mundial del 78\" \/>\n<meta property=\"og:url\" content=\"https:\/\/golandpop.com\/index.php\/2021\/06\/10\/la-tarde-en-que-los-galos-se-vistieron-de-dragones\/\" \/>\n<meta property=\"og:site_name\" content=\"Golandpop\" \/>\n<meta property=\"article:published_time\" content=\"2021-06-10T20:51:11+00:00\" \/>\n<meta property=\"article:modified_time\" content=\"2021-06-10T21:07:50+00:00\" \/>\n<meta property=\"og:image\" content=\"https:\/\/golandpop.com\/wp-content\/uploads\/2021\/06\/WhatsApp-Image-2021-06-10-at-13.06.53-1-e1623342050276.jpeg\" \/>\n\t<meta property=\"og:image:width\" content=\"1280\" \/>\n\t<meta property=\"og:image:height\" content=\"761\" \/>\n\t<meta property=\"og:image:type\" content=\"image\/jpeg\" \/>\n<meta name=\"author\" content=\"Gol&amp;Pop\" \/>\n<meta name=\"twitter:card\" content=\"summary_large_image\" \/>\n<meta name=\"twitter:creator\" content=\"@golandpop\" \/>\n<meta name=\"twitter:site\" content=\"@golandpop\" \/>\n<meta name=\"twitter:label1\" content=\"Escrito por\" \/>\n\t<meta name=\"twitter:data1\" content=\"Gol&amp;Pop\" \/>\n\t<meta name=\"twitter:label2\" content=\"Tiempo de lectura\" \/>\n\t<meta name=\"twitter:data2\" content=\"4 minutos\" \/>\n<script type=\"application\/ld+json\" class=\"yoast-schema-graph\">{\"@context\":\"https:\/\/schema.org\",\"@graph\":[{\"@type\":\"Article\",\"@id\":\"https:\/\/golandpop.com\/index.php\/2021\/06\/10\/la-tarde-en-que-los-galos-se-vistieron-de-dragones\/#article\",\"isPartOf\":{\"@id\":\"https:\/\/golandpop.com\/index.php\/2021\/06\/10\/la-tarde-en-que-los-galos-se-vistieron-de-dragones\/\"},\"author\":{\"name\":\"Gol&amp;Pop\",\"@id\":\"https:\/\/golandpop.com\/#\/schema\/person\/2809725861e0da25eaffe2d9b29c9613\"},\"headline\":\"La tarde en que los Galos se vistieron de Dragones\",\"datePublished\":\"2021-06-10T20:51:11+00:00\",\"dateModified\":\"2021-06-10T21:07:50+00:00\",\"mainEntityOfPage\":{\"@id\":\"https:\/\/golandpop.com\/index.php\/2021\/06\/10\/la-tarde-en-que-los-galos-se-vistieron-de-dragones\/\"},\"wordCount\":823,\"commentCount\":0,\"publisher\":{\"@id\":\"https:\/\/golandpop.com\/#organization\"},\"image\":{\"@id\":\"https:\/\/golandpop.com\/index.php\/2021\/06\/10\/la-tarde-en-que-los-galos-se-vistieron-de-dragones\/#primaryimage\"},\"thumbnailUrl\":\"https:\/\/golandpop.com\/wp-content\/uploads\/2021\/06\/WhatsApp-Image-2021-06-10-at-13.06.53-1-e1623342050276.jpeg\",\"keywords\":[\"Kimberley\",\"Mundial 1978\",\"Platini\",\"portada\"],\"articleSection\":[\"Efem\u00e9rides\",\"F\u00fatbol\"],\"inLanguage\":\"es-AR\"},{\"@type\":\"WebPage\",\"@id\":\"https:\/\/golandpop.com\/index.php\/2021\/06\/10\/la-tarde-en-que-los-galos-se-vistieron-de-dragones\/\",\"url\":\"https:\/\/golandpop.com\/index.php\/2021\/06\/10\/la-tarde-en-que-los-galos-se-vistieron-de-dragones\/\",\"name\":\"La tarde en que los Galos se vistieron de Dragones - Golandpop\",\"isPartOf\":{\"@id\":\"https:\/\/golandpop.com\/#website\"},\"primaryImageOfPage\":{\"@id\":\"https:\/\/golandpop.com\/index.php\/2021\/06\/10\/la-tarde-en-que-los-galos-se-vistieron-de-dragones\/#primaryimage\"},\"image\":{\"@id\":\"https:\/\/golandpop.com\/index.php\/2021\/06\/10\/la-tarde-en-que-los-galos-se-vistieron-de-dragones\/#primaryimage\"},\"thumbnailUrl\":\"https:\/\/golandpop.com\/wp-content\/uploads\/2021\/06\/WhatsApp-Image-2021-06-10-at-13.06.53-1-e1623342050276.jpeg\",\"datePublished\":\"2021-06-10T20:51:11+00:00\",\"dateModified\":\"2021-06-10T21:07:50+00:00\",\"breadcrumb\":{\"@id\":\"https:\/\/golandpop.com\/index.php\/2021\/06\/10\/la-tarde-en-que-los-galos-se-vistieron-de-dragones\/#breadcrumb\"},\"inLanguage\":\"es-AR\",\"potentialAction\":[{\"@type\":\"ReadAction\",\"target\":[\"https:\/\/golandpop.com\/index.php\/2021\/06\/10\/la-tarde-en-que-los-galos-se-vistieron-de-dragones\/\"]}]},{\"@type\":\"ImageObject\",\"inLanguage\":\"es-AR\",\"@id\":\"https:\/\/golandpop.com\/index.php\/2021\/06\/10\/la-tarde-en-que-los-galos-se-vistieron-de-dragones\/#primaryimage\",\"url\":\"https:\/\/golandpop.com\/wp-content\/uploads\/2021\/06\/WhatsApp-Image-2021-06-10-at-13.06.53-1-e1623342050276.jpeg\",\"contentUrl\":\"https:\/\/golandpop.com\/wp-content\/uploads\/2021\/06\/WhatsApp-Image-2021-06-10-at-13.06.53-1-e1623342050276.jpeg\",\"width\":1280,\"height\":761},{\"@type\":\"BreadcrumbList\",\"@id\":\"https:\/\/golandpop.com\/index.php\/2021\/06\/10\/la-tarde-en-que-los-galos-se-vistieron-de-dragones\/#breadcrumb\",\"itemListElement\":[{\"@type\":\"ListItem\",\"position\":1,\"name\":\"Inicio\",\"item\":\"https:\/\/golandpop.com\/\"},{\"@type\":\"ListItem\",\"position\":2,\"name\":\"La tarde en que los Galos se vistieron de Dragones\"}]},{\"@type\":\"WebSite\",\"@id\":\"https:\/\/golandpop.com\/#website\",\"url\":\"https:\/\/golandpop.com\/\",\"name\":\"Golandpop\",\"description\":\"\",\"publisher\":{\"@id\":\"https:\/\/golandpop.com\/#organization\"},\"potentialAction\":[{\"@type\":\"SearchAction\",\"target\":{\"@type\":\"EntryPoint\",\"urlTemplate\":\"https:\/\/golandpop.com\/?s={search_term_string}\"},\"query-input\":{\"@type\":\"PropertyValueSpecification\",\"valueRequired\":true,\"valueName\":\"search_term_string\"}}],\"inLanguage\":\"es-AR\"},{\"@type\":\"Organization\",\"@id\":\"https:\/\/golandpop.com\/#organization\",\"name\":\"GolandPop\",\"url\":\"https:\/\/golandpop.com\/\",\"logo\":{\"@type\":\"ImageObject\",\"inLanguage\":\"es-AR\",\"@id\":\"https:\/\/golandpop.com\/#\/schema\/logo\/image\/\",\"url\":\"https:\/\/golandpop.com\/wp-content\/uploads\/2020\/04\/favicon_gol_pop.png\",\"contentUrl\":\"https:\/\/golandpop.com\/wp-content\/uploads\/2020\/04\/favicon_gol_pop.png\",\"width\":246,\"height\":246,\"caption\":\"GolandPop\"},\"image\":{\"@id\":\"https:\/\/golandpop.com\/#\/schema\/logo\/image\/\"},\"sameAs\":[\"https:\/\/x.com\/golandpop\",\"https:\/\/www.instagram.com\/golandpopcordoba\/\"]},{\"@type\":\"Person\",\"@id\":\"https:\/\/golandpop.com\/#\/schema\/person\/2809725861e0da25eaffe2d9b29c9613\",\"name\":\"Gol&amp;Pop\",\"image\":{\"@type\":\"ImageObject\",\"inLanguage\":\"es-AR\",\"@id\":\"https:\/\/golandpop.com\/#\/schema\/person\/image\/\",\"url\":\"https:\/\/secure.gravatar.com\/avatar\/9a87ee051ca8c77f5d4070843ce2c78cdf95b858b950fb039151de955122f5f5?s=96&d=mm&r=g\",\"contentUrl\":\"https:\/\/secure.gravatar.com\/avatar\/9a87ee051ca8c77f5d4070843ce2c78cdf95b858b950fb039151de955122f5f5?s=96&d=mm&r=g\",\"caption\":\"Gol&amp;Pop\"},\"sameAs\":[\"http:\/\/golandpop.com\"],\"url\":\"https:\/\/golandpop.com\/index.php\/author\/admin\/\"}]}<\/script>\n<!-- \/ Yoast SEO plugin. -->","yoast_head_json":{"title":"La tarde en que los Galos se vistieron de Dragones - Golandpop","robots":{"index":"index","follow":"follow","max-snippet":"max-snippet:-1","max-image-preview":"max-image-preview:large","max-video-preview":"max-video-preview:-1"},"canonical":"https:\/\/golandpop.com\/index.php\/2021\/06\/10\/la-tarde-en-que-los-galos-se-vistieron-de-dragones\/","og_locale":"es_ES","og_type":"article","og_title":"La tarde en que los Galos se vistieron de Dragones - Golandpop","og_description":"Recordando el mundial del 78","og_url":"https:\/\/golandpop.com\/index.php\/2021\/06\/10\/la-tarde-en-que-los-galos-se-vistieron-de-dragones\/","og_site_name":"Golandpop","article_published_time":"2021-06-10T20:51:11+00:00","article_modified_time":"2021-06-10T21:07:50+00:00","og_image":[{"width":1280,"height":761,"url":"https:\/\/golandpop.com\/wp-content\/uploads\/2021\/06\/WhatsApp-Image-2021-06-10-at-13.06.53-1-e1623342050276.jpeg","type":"image\/jpeg"}],"author":"Gol&amp;Pop","twitter_card":"summary_large_image","twitter_creator":"@golandpop","twitter_site":"@golandpop","twitter_misc":{"Escrito por":"Gol&amp;Pop","Tiempo de lectura":"4 minutos"},"schema":{"@context":"https:\/\/schema.org","@graph":[{"@type":"Article","@id":"https:\/\/golandpop.com\/index.php\/2021\/06\/10\/la-tarde-en-que-los-galos-se-vistieron-de-dragones\/#article","isPartOf":{"@id":"https:\/\/golandpop.com\/index.php\/2021\/06\/10\/la-tarde-en-que-los-galos-se-vistieron-de-dragones\/"},"author":{"name":"Gol&amp;Pop","@id":"https:\/\/golandpop.com\/#\/schema\/person\/2809725861e0da25eaffe2d9b29c9613"},"headline":"La tarde en que los Galos se vistieron de Dragones","datePublished":"2021-06-10T20:51:11+00:00","dateModified":"2021-06-10T21:07:50+00:00","mainEntityOfPage":{"@id":"https:\/\/golandpop.com\/index.php\/2021\/06\/10\/la-tarde-en-que-los-galos-se-vistieron-de-dragones\/"},"wordCount":823,"commentCount":0,"publisher":{"@id":"https:\/\/golandpop.com\/#organization"},"image":{"@id":"https:\/\/golandpop.com\/index.php\/2021\/06\/10\/la-tarde-en-que-los-galos-se-vistieron-de-dragones\/#primaryimage"},"thumbnailUrl":"https:\/\/golandpop.com\/wp-content\/uploads\/2021\/06\/WhatsApp-Image-2021-06-10-at-13.06.53-1-e1623342050276.jpeg","keywords":["Kimberley","Mundial 1978","Platini","portada"],"articleSection":["Efem\u00e9rides","F\u00fatbol"],"inLanguage":"es-AR"},{"@type":"WebPage","@id":"https:\/\/golandpop.com\/index.php\/2021\/06\/10\/la-tarde-en-que-los-galos-se-vistieron-de-dragones\/","url":"https:\/\/golandpop.com\/index.php\/2021\/06\/10\/la-tarde-en-que-los-galos-se-vistieron-de-dragones\/","name":"La tarde en que los Galos se vistieron de Dragones - Golandpop","isPartOf":{"@id":"https:\/\/golandpop.com\/#website"},"primaryImageOfPage":{"@id":"https:\/\/golandpop.com\/index.php\/2021\/06\/10\/la-tarde-en-que-los-galos-se-vistieron-de-dragones\/#primaryimage"},"image":{"@id":"https:\/\/golandpop.com\/index.php\/2021\/06\/10\/la-tarde-en-que-los-galos-se-vistieron-de-dragones\/#primaryimage"},"thumbnailUrl":"https:\/\/golandpop.com\/wp-content\/uploads\/2021\/06\/WhatsApp-Image-2021-06-10-at-13.06.53-1-e1623342050276.jpeg","datePublished":"2021-06-10T20:51:11+00:00","dateModified":"2021-06-10T21:07:50+00:00","breadcrumb":{"@id":"https:\/\/golandpop.com\/index.php\/2021\/06\/10\/la-tarde-en-que-los-galos-se-vistieron-de-dragones\/#breadcrumb"},"inLanguage":"es-AR","potentialAction":[{"@type":"ReadAction","target":["https:\/\/golandpop.com\/index.php\/2021\/06\/10\/la-tarde-en-que-los-galos-se-vistieron-de-dragones\/"]}]},{"@type":"ImageObject","inLanguage":"es-AR","@id":"https:\/\/golandpop.com\/index.php\/2021\/06\/10\/la-tarde-en-que-los-galos-se-vistieron-de-dragones\/#primaryimage","url":"https:\/\/golandpop.com\/wp-content\/uploads\/2021\/06\/WhatsApp-Image-2021-06-10-at-13.06.53-1-e1623342050276.jpeg","contentUrl":"https:\/\/golandpop.com\/wp-content\/uploads\/2021\/06\/WhatsApp-Image-2021-06-10-at-13.06.53-1-e1623342050276.jpeg","width":1280,"height":761},{"@type":"BreadcrumbList","@id":"https:\/\/golandpop.com\/index.php\/2021\/06\/10\/la-tarde-en-que-los-galos-se-vistieron-de-dragones\/#breadcrumb","itemListElement":[{"@type":"ListItem","position":1,"name":"Inicio","item":"https:\/\/golandpop.com\/"},{"@type":"ListItem","position":2,"name":"La tarde en que los Galos se vistieron de Dragones"}]},{"@type":"WebSite","@id":"https:\/\/golandpop.com\/#website","url":"https:\/\/golandpop.com\/","name":"Golandpop","description":"","publisher":{"@id":"https:\/\/golandpop.com\/#organization"},"potentialAction":[{"@type":"SearchAction","target":{"@type":"EntryPoint","urlTemplate":"https:\/\/golandpop.com\/?s={search_term_string}"},"query-input":{"@type":"PropertyValueSpecification","valueRequired":true,"valueName":"search_term_string"}}],"inLanguage":"es-AR"},{"@type":"Organization","@id":"https:\/\/golandpop.com\/#organization","name":"GolandPop","url":"https:\/\/golandpop.com\/","logo":{"@type":"ImageObject","inLanguage":"es-AR","@id":"https:\/\/golandpop.com\/#\/schema\/logo\/image\/","url":"https:\/\/golandpop.com\/wp-content\/uploads\/2020\/04\/favicon_gol_pop.png","contentUrl":"https:\/\/golandpop.com\/wp-content\/uploads\/2020\/04\/favicon_gol_pop.png","width":246,"height":246,"caption":"GolandPop"},"image":{"@id":"https:\/\/golandpop.com\/#\/schema\/logo\/image\/"},"sameAs":["https:\/\/x.com\/golandpop","https:\/\/www.instagram.com\/golandpopcordoba\/"]},{"@type":"Person","@id":"https:\/\/golandpop.com\/#\/schema\/person\/2809725861e0da25eaffe2d9b29c9613","name":"Gol&amp;Pop","image":{"@type":"ImageObject","inLanguage":"es-AR","@id":"https:\/\/golandpop.com\/#\/schema\/person\/image\/","url":"https:\/\/secure.gravatar.com\/avatar\/9a87ee051ca8c77f5d4070843ce2c78cdf95b858b950fb039151de955122f5f5?s=96&d=mm&r=g","contentUrl":"https:\/\/secure.gravatar.com\/avatar\/9a87ee051ca8c77f5d4070843ce2c78cdf95b858b950fb039151de955122f5f5?s=96&d=mm&r=g","caption":"Gol&amp;Pop"},"sameAs":["http:\/\/golandpop.com"],"url":"https:\/\/golandpop.com\/index.php\/author\/admin\/"}]}},"_links":{"self":[{"href":"https:\/\/golandpop.com\/index.php\/wp-json\/wp\/v2\/posts\/10851","targetHints":{"allow":["GET"]}}],"collection":[{"href":"https:\/\/golandpop.com\/index.php\/wp-json\/wp\/v2\/posts"}],"about":[{"href":"https:\/\/golandpop.com\/index.php\/wp-json\/wp\/v2\/types\/post"}],"author":[{"embeddable":true,"href":"https:\/\/golandpop.com\/index.php\/wp-json\/wp\/v2\/users\/1"}],"replies":[{"embeddable":true,"href":"https:\/\/golandpop.com\/index.php\/wp-json\/wp\/v2\/comments?post=10851"}],"version-history":[{"count":6,"href":"https:\/\/golandpop.com\/index.php\/wp-json\/wp\/v2\/posts\/10851\/revisions"}],"predecessor-version":[{"id":10891,"href":"https:\/\/golandpop.com\/index.php\/wp-json\/wp\/v2\/posts\/10851\/revisions\/10891"}],"wp:featuredmedia":[{"embeddable":true,"href":"https:\/\/golandpop.com\/index.php\/wp-json\/wp\/v2\/media\/10860"}],"wp:attachment":[{"href":"https:\/\/golandpop.com\/index.php\/wp-json\/wp\/v2\/media?parent=10851"}],"wp:term":[{"taxonomy":"category","embeddable":true,"href":"https:\/\/golandpop.com\/index.php\/wp-json\/wp\/v2\/categories?post=10851"},{"taxonomy":"post_tag","embeddable":true,"href":"https:\/\/golandpop.com\/index.php\/wp-json\/wp\/v2\/tags?post=10851"}],"curies":[{"name":"wp","href":"https:\/\/api.w.org\/{rel}","templated":true}]}}