{"id":1033,"date":"2019-06-13T21:36:13","date_gmt":"2019-06-13T21:36:13","guid":{"rendered":"http:\/\/golandpop.com\/?p=1033"},"modified":"2019-06-13T21:36:13","modified_gmt":"2019-06-13T21:36:13","slug":"brasil-bolivia-se-abre-la-copa-america","status":"publish","type":"post","link":"https:\/\/golandpop.com\/index.php\/2019\/06\/13\/brasil-bolivia-se-abre-la-copa-america\/","title":{"rendered":"Brasil &#8211; Bolivia: se abre la Copa Am\u00e9rica"},"content":{"rendered":"\n<p>Se termin\u00f3 la espera. Este viernes, desde las 21:30, se disputar\u00e1 el primer partido de la Copa Am\u00e9rica Brasil 2019, que tendr\u00e1 el choque de la selecci\u00f3n anfitriona ante Bolivia, partido correspondiente al Grupo A. <\/p>\n\n\n<p>Toda la acci\u00f3n de la Copa Am\u00e9rica la podr\u00e1s seguir de la mano de <a href=\"https:\/\/golandpop.com\/radio-en-vivo\/\">Gol &amp; Pop Radio<\/a>, con transmisiones de los partidos m\u00e1s destacados. El <strong>Brasil vs Bolivia<\/strong> lo viv\u00eds con los relatos de Mario Celed\u00f3n y los comentarios de Facundo Moreyra.<\/p>\n\n\n<p><strong>Posibles alineaciones:<\/strong><\/p>\n\n\n<p><strong>Brasil:<\/strong>&nbsp;Alisson; Dani Alves, Marquinhos, Thiago Silva, Filipe Luis; Philippe Coutinho, Casemiro, Arthur o Allan; Richarlison, Roberto Firmino, David Neres. <strong>DT:<\/strong>&nbsp;Tite.<\/p>\n\n\n<p><strong>Bolivia:<\/strong>&nbsp;Lampe; D. Bejarano, Haquin, Jusino, M. Bejarano; Justiniano, Saucedo, Castro, Fern\u00e1ndez, L. Vaca; Martins. <strong>DT:<\/strong>&nbsp;Eduardo Villegas.<\/p>\n\n\n<p><strong>\u00c1rbitro<\/strong>: N\u00e9stor Pitana (ARG).<\/p>\n\n\n<p><strong>Hora<\/strong>: 21:30 (hora argentina)<\/p>\n\n\n<a href=\"http:\/\/www.mariano-moreno.com.ar\/\"> <img fetchpriority=\"high\" decoding=\"async\" src=\"https:\/\/golandpopgame.files.wordpress.com\/2019\/04\/logos-gp-1.png\" width=\"450\" height=\"150\" title=\"Mariano Moreno\" alt=\"MM\"> <\/a>\n","protected":false},"excerpt":{"rendered":"<p>Se termin\u00f3 la espera. Este viernes, desde las 21:30, se disputar\u00e1 el primer partido de la Copa Am\u00e9rica Brasil 2019, que tendr\u00e1 el choque de la selecci\u00f3n anfitriona ante Bolivia, partido correspondiente al Grupo A. Toda la acci\u00f3n de la Copa Am\u00e9rica la podr\u00e1s seguir de la mano de Gol &amp; Pop Radio, con transmisiones [&hellip;]<\/p>\n","protected":false},"author":1,"featured_media":1034,"comment_status":"open","ping_status":"open","sticky":false,"template":"","format":"standard","meta":{"footnotes":""},"categories":[41],"tags":[99,100,115,129],"class_list":["post-1033","post","type-post","status-publish","format-standard","has-post-thumbnail","hentry","category-futbol-internacional","tag-bolivia","tag-brasil","tag-copa-america","tag-destacado"],"yoast_head":"<!-- This site is optimized with the Yoast SEO plugin v26.1.1 - https:\/\/yoast.com\/wordpress\/plugins\/seo\/ -->\n<title>Brasil - Bolivia: se abre la Copa Am\u00e9rica - Golandpop<\/title>\n<meta name=\"robots\" content=\"index, follow, max-snippet:-1, max-image-preview:large, max-video-preview:-1\" \/>\n<link rel=\"canonical\" href=\"https:\/\/golandpop.com\/index.php\/2019\/06\/13\/brasil-bolivia-se-abre-la-copa-america\/\" \/>\n<meta property=\"og:locale\" content=\"es_ES\" \/>\n<meta property=\"og:type\" content=\"article\" \/>\n<meta property=\"og:title\" content=\"Brasil - Bolivia: se abre la Copa Am\u00e9rica - Golandpop\" \/>\n<meta property=\"og:description\" content=\"Se termin\u00f3 la espera. Este viernes, desde las 21:30, se disputar\u00e1 el primer partido de la Copa Am\u00e9rica Brasil 2019, que tendr\u00e1 el choque de la selecci\u00f3n anfitriona ante Bolivia, partido correspondiente al Grupo A. Toda la acci\u00f3n de la Copa Am\u00e9rica la podr\u00e1s seguir de la mano de Gol &amp; Pop Radio, con transmisiones [&hellip;]\" \/>\n<meta property=\"og:url\" content=\"https:\/\/golandpop.com\/index.php\/2019\/06\/13\/brasil-bolivia-se-abre-la-copa-america\/\" \/>\n<meta property=\"og:site_name\" content=\"Golandpop\" \/>\n<meta property=\"article:published_time\" content=\"2019-06-13T21:36:13+00:00\" \/>\n<meta property=\"og:image\" content=\"https:\/\/golandpop.com\/wp-content\/uploads\/2019\/06\/brasilvsbolivia-777px.jpg\" \/>\n\t<meta property=\"og:image:width\" content=\"777\" \/>\n\t<meta property=\"og:image:height\" content=\"486\" \/>\n\t<meta property=\"og:image:type\" content=\"image\/jpeg\" \/>\n<meta name=\"author\" content=\"Gol&amp;Pop\" \/>\n<meta name=\"twitter:card\" content=\"summary_large_image\" \/>\n<meta name=\"twitter:creator\" content=\"@golandpop\" \/>\n<meta name=\"twitter:site\" content=\"@golandpop\" \/>\n<meta name=\"twitter:label1\" content=\"Escrito por\" \/>\n\t<meta name=\"twitter:data1\" content=\"Gol&amp;Pop\" \/>\n\t<meta name=\"twitter:label2\" content=\"Tiempo de lectura\" \/>\n\t<meta name=\"twitter:data2\" content=\"1 minuto\" \/>\n<script type=\"application\/ld+json\" class=\"yoast-schema-graph\">{\"@context\":\"https:\/\/schema.org\",\"@graph\":[{\"@type\":\"Article\",\"@id\":\"https:\/\/golandpop.com\/index.php\/2019\/06\/13\/brasil-bolivia-se-abre-la-copa-america\/#article\",\"isPartOf\":{\"@id\":\"https:\/\/golandpop.com\/index.php\/2019\/06\/13\/brasil-bolivia-se-abre-la-copa-america\/\"},\"author\":{\"name\":\"Gol&amp;Pop\",\"@id\":\"https:\/\/golandpop.com\/#\/schema\/person\/2809725861e0da25eaffe2d9b29c9613\"},\"headline\":\"Brasil &#8211; Bolivia: se abre la Copa Am\u00e9rica\",\"datePublished\":\"2019-06-13T21:36:13+00:00\",\"mainEntityOfPage\":{\"@id\":\"https:\/\/golandpop.com\/index.php\/2019\/06\/13\/brasil-bolivia-se-abre-la-copa-america\/\"},\"wordCount\":148,\"commentCount\":0,\"publisher\":{\"@id\":\"https:\/\/golandpop.com\/#organization\"},\"image\":{\"@id\":\"https:\/\/golandpop.com\/index.php\/2019\/06\/13\/brasil-bolivia-se-abre-la-copa-america\/#primaryimage\"},\"thumbnailUrl\":\"https:\/\/golandpop.com\/wp-content\/uploads\/2019\/06\/brasilvsbolivia-777px.jpg\",\"keywords\":[\"Bolivia\",\"Brasil\",\"Copa Am\u00e9rica\",\"destacado\"],\"articleSection\":[\"F\u00fatbol Internacional\"],\"inLanguage\":\"es-AR\"},{\"@type\":\"WebPage\",\"@id\":\"https:\/\/golandpop.com\/index.php\/2019\/06\/13\/brasil-bolivia-se-abre-la-copa-america\/\",\"url\":\"https:\/\/golandpop.com\/index.php\/2019\/06\/13\/brasil-bolivia-se-abre-la-copa-america\/\",\"name\":\"Brasil - Bolivia: se abre la Copa Am\u00e9rica - Golandpop\",\"isPartOf\":{\"@id\":\"https:\/\/golandpop.com\/#website\"},\"primaryImageOfPage\":{\"@id\":\"https:\/\/golandpop.com\/index.php\/2019\/06\/13\/brasil-bolivia-se-abre-la-copa-america\/#primaryimage\"},\"image\":{\"@id\":\"https:\/\/golandpop.com\/index.php\/2019\/06\/13\/brasil-bolivia-se-abre-la-copa-america\/#primaryimage\"},\"thumbnailUrl\":\"https:\/\/golandpop.com\/wp-content\/uploads\/2019\/06\/brasilvsbolivia-777px.jpg\",\"datePublished\":\"2019-06-13T21:36:13+00:00\",\"breadcrumb\":{\"@id\":\"https:\/\/golandpop.com\/index.php\/2019\/06\/13\/brasil-bolivia-se-abre-la-copa-america\/#breadcrumb\"},\"inLanguage\":\"es-AR\",\"potentialAction\":[{\"@type\":\"ReadAction\",\"target\":[\"https:\/\/golandpop.com\/index.php\/2019\/06\/13\/brasil-bolivia-se-abre-la-copa-america\/\"]}]},{\"@type\":\"ImageObject\",\"inLanguage\":\"es-AR\",\"@id\":\"https:\/\/golandpop.com\/index.php\/2019\/06\/13\/brasil-bolivia-se-abre-la-copa-america\/#primaryimage\",\"url\":\"https:\/\/golandpop.com\/wp-content\/uploads\/2019\/06\/brasilvsbolivia-777px.jpg\",\"contentUrl\":\"https:\/\/golandpop.com\/wp-content\/uploads\/2019\/06\/brasilvsbolivia-777px.jpg\",\"width\":777,\"height\":486},{\"@type\":\"BreadcrumbList\",\"@id\":\"https:\/\/golandpop.com\/index.php\/2019\/06\/13\/brasil-bolivia-se-abre-la-copa-america\/#breadcrumb\",\"itemListElement\":[{\"@type\":\"ListItem\",\"position\":1,\"name\":\"Inicio\",\"item\":\"https:\/\/golandpop.com\/\"},{\"@type\":\"ListItem\",\"position\":2,\"name\":\"Brasil &#8211; Bolivia: se abre la Copa Am\u00e9rica\"}]},{\"@type\":\"WebSite\",\"@id\":\"https:\/\/golandpop.com\/#website\",\"url\":\"https:\/\/golandpop.com\/\",\"name\":\"Golandpop\",\"description\":\"\",\"publisher\":{\"@id\":\"https:\/\/golandpop.com\/#organization\"},\"potentialAction\":[{\"@type\":\"SearchAction\",\"target\":{\"@type\":\"EntryPoint\",\"urlTemplate\":\"https:\/\/golandpop.com\/?s={search_term_string}\"},\"query-input\":{\"@type\":\"PropertyValueSpecification\",\"valueRequired\":true,\"valueName\":\"search_term_string\"}}],\"inLanguage\":\"es-AR\"},{\"@type\":\"Organization\",\"@id\":\"https:\/\/golandpop.com\/#organization\",\"name\":\"GolandPop\",\"url\":\"https:\/\/golandpop.com\/\",\"logo\":{\"@type\":\"ImageObject\",\"inLanguage\":\"es-AR\",\"@id\":\"https:\/\/golandpop.com\/#\/schema\/logo\/image\/\",\"url\":\"https:\/\/golandpop.com\/wp-content\/uploads\/2020\/04\/favicon_gol_pop.png\",\"contentUrl\":\"https:\/\/golandpop.com\/wp-content\/uploads\/2020\/04\/favicon_gol_pop.png\",\"width\":246,\"height\":246,\"caption\":\"GolandPop\"},\"image\":{\"@id\":\"https:\/\/golandpop.com\/#\/schema\/logo\/image\/\"},\"sameAs\":[\"https:\/\/x.com\/golandpop\",\"https:\/\/www.instagram.com\/golandpopcordoba\/\"]},{\"@type\":\"Person\",\"@id\":\"https:\/\/golandpop.com\/#\/schema\/person\/2809725861e0da25eaffe2d9b29c9613\",\"name\":\"Gol&amp;Pop\",\"image\":{\"@type\":\"ImageObject\",\"inLanguage\":\"es-AR\",\"@id\":\"https:\/\/golandpop.com\/#\/schema\/person\/image\/\",\"url\":\"https:\/\/secure.gravatar.com\/avatar\/9a87ee051ca8c77f5d4070843ce2c78cdf95b858b950fb039151de955122f5f5?s=96&d=mm&r=g\",\"contentUrl\":\"https:\/\/secure.gravatar.com\/avatar\/9a87ee051ca8c77f5d4070843ce2c78cdf95b858b950fb039151de955122f5f5?s=96&d=mm&r=g\",\"caption\":\"Gol&amp;Pop\"},\"sameAs\":[\"http:\/\/golandpop.com\"],\"url\":\"https:\/\/golandpop.com\/index.php\/author\/admin\/\"}]}<\/script>\n<!-- \/ Yoast SEO plugin. -->","yoast_head_json":{"title":"Brasil - Bolivia: se abre la Copa Am\u00e9rica - Golandpop","robots":{"index":"index","follow":"follow","max-snippet":"max-snippet:-1","max-image-preview":"max-image-preview:large","max-video-preview":"max-video-preview:-1"},"canonical":"https:\/\/golandpop.com\/index.php\/2019\/06\/13\/brasil-bolivia-se-abre-la-copa-america\/","og_locale":"es_ES","og_type":"article","og_title":"Brasil - Bolivia: se abre la Copa Am\u00e9rica - Golandpop","og_description":"Se termin\u00f3 la espera. Este viernes, desde las 21:30, se disputar\u00e1 el primer partido de la Copa Am\u00e9rica Brasil 2019, que tendr\u00e1 el choque de la selecci\u00f3n anfitriona ante Bolivia, partido correspondiente al Grupo A. Toda la acci\u00f3n de la Copa Am\u00e9rica la podr\u00e1s seguir de la mano de Gol &amp; Pop Radio, con transmisiones [&hellip;]","og_url":"https:\/\/golandpop.com\/index.php\/2019\/06\/13\/brasil-bolivia-se-abre-la-copa-america\/","og_site_name":"Golandpop","article_published_time":"2019-06-13T21:36:13+00:00","og_image":[{"width":777,"height":486,"url":"https:\/\/golandpop.com\/wp-content\/uploads\/2019\/06\/brasilvsbolivia-777px.jpg","type":"image\/jpeg"}],"author":"Gol&amp;Pop","twitter_card":"summary_large_image","twitter_creator":"@golandpop","twitter_site":"@golandpop","twitter_misc":{"Escrito por":"Gol&amp;Pop","Tiempo de lectura":"1 minuto"},"schema":{"@context":"https:\/\/schema.org","@graph":[{"@type":"Article","@id":"https:\/\/golandpop.com\/index.php\/2019\/06\/13\/brasil-bolivia-se-abre-la-copa-america\/#article","isPartOf":{"@id":"https:\/\/golandpop.com\/index.php\/2019\/06\/13\/brasil-bolivia-se-abre-la-copa-america\/"},"author":{"name":"Gol&amp;Pop","@id":"https:\/\/golandpop.com\/#\/schema\/person\/2809725861e0da25eaffe2d9b29c9613"},"headline":"Brasil &#8211; Bolivia: se abre la Copa Am\u00e9rica","datePublished":"2019-06-13T21:36:13+00:00","mainEntityOfPage":{"@id":"https:\/\/golandpop.com\/index.php\/2019\/06\/13\/brasil-bolivia-se-abre-la-copa-america\/"},"wordCount":148,"commentCount":0,"publisher":{"@id":"https:\/\/golandpop.com\/#organization"},"image":{"@id":"https:\/\/golandpop.com\/index.php\/2019\/06\/13\/brasil-bolivia-se-abre-la-copa-america\/#primaryimage"},"thumbnailUrl":"https:\/\/golandpop.com\/wp-content\/uploads\/2019\/06\/brasilvsbolivia-777px.jpg","keywords":["Bolivia","Brasil","Copa Am\u00e9rica","destacado"],"articleSection":["F\u00fatbol Internacional"],"inLanguage":"es-AR"},{"@type":"WebPage","@id":"https:\/\/golandpop.com\/index.php\/2019\/06\/13\/brasil-bolivia-se-abre-la-copa-america\/","url":"https:\/\/golandpop.com\/index.php\/2019\/06\/13\/brasil-bolivia-se-abre-la-copa-america\/","name":"Brasil - Bolivia: se abre la Copa Am\u00e9rica - Golandpop","isPartOf":{"@id":"https:\/\/golandpop.com\/#website"},"primaryImageOfPage":{"@id":"https:\/\/golandpop.com\/index.php\/2019\/06\/13\/brasil-bolivia-se-abre-la-copa-america\/#primaryimage"},"image":{"@id":"https:\/\/golandpop.com\/index.php\/2019\/06\/13\/brasil-bolivia-se-abre-la-copa-america\/#primaryimage"},"thumbnailUrl":"https:\/\/golandpop.com\/wp-content\/uploads\/2019\/06\/brasilvsbolivia-777px.jpg","datePublished":"2019-06-13T21:36:13+00:00","breadcrumb":{"@id":"https:\/\/golandpop.com\/index.php\/2019\/06\/13\/brasil-bolivia-se-abre-la-copa-america\/#breadcrumb"},"inLanguage":"es-AR","potentialAction":[{"@type":"ReadAction","target":["https:\/\/golandpop.com\/index.php\/2019\/06\/13\/brasil-bolivia-se-abre-la-copa-america\/"]}]},{"@type":"ImageObject","inLanguage":"es-AR","@id":"https:\/\/golandpop.com\/index.php\/2019\/06\/13\/brasil-bolivia-se-abre-la-copa-america\/#primaryimage","url":"https:\/\/golandpop.com\/wp-content\/uploads\/2019\/06\/brasilvsbolivia-777px.jpg","contentUrl":"https:\/\/golandpop.com\/wp-content\/uploads\/2019\/06\/brasilvsbolivia-777px.jpg","width":777,"height":486},{"@type":"BreadcrumbList","@id":"https:\/\/golandpop.com\/index.php\/2019\/06\/13\/brasil-bolivia-se-abre-la-copa-america\/#breadcrumb","itemListElement":[{"@type":"ListItem","position":1,"name":"Inicio","item":"https:\/\/golandpop.com\/"},{"@type":"ListItem","position":2,"name":"Brasil &#8211; Bolivia: se abre la Copa Am\u00e9rica"}]},{"@type":"WebSite","@id":"https:\/\/golandpop.com\/#website","url":"https:\/\/golandpop.com\/","name":"Golandpop","description":"","publisher":{"@id":"https:\/\/golandpop.com\/#organization"},"potentialAction":[{"@type":"SearchAction","target":{"@type":"EntryPoint","urlTemplate":"https:\/\/golandpop.com\/?s={search_term_string}"},"query-input":{"@type":"PropertyValueSpecification","valueRequired":true,"valueName":"search_term_string"}}],"inLanguage":"es-AR"},{"@type":"Organization","@id":"https:\/\/golandpop.com\/#organization","name":"GolandPop","url":"https:\/\/golandpop.com\/","logo":{"@type":"ImageObject","inLanguage":"es-AR","@id":"https:\/\/golandpop.com\/#\/schema\/logo\/image\/","url":"https:\/\/golandpop.com\/wp-content\/uploads\/2020\/04\/favicon_gol_pop.png","contentUrl":"https:\/\/golandpop.com\/wp-content\/uploads\/2020\/04\/favicon_gol_pop.png","width":246,"height":246,"caption":"GolandPop"},"image":{"@id":"https:\/\/golandpop.com\/#\/schema\/logo\/image\/"},"sameAs":["https:\/\/x.com\/golandpop","https:\/\/www.instagram.com\/golandpopcordoba\/"]},{"@type":"Person","@id":"https:\/\/golandpop.com\/#\/schema\/person\/2809725861e0da25eaffe2d9b29c9613","name":"Gol&amp;Pop","image":{"@type":"ImageObject","inLanguage":"es-AR","@id":"https:\/\/golandpop.com\/#\/schema\/person\/image\/","url":"https:\/\/secure.gravatar.com\/avatar\/9a87ee051ca8c77f5d4070843ce2c78cdf95b858b950fb039151de955122f5f5?s=96&d=mm&r=g","contentUrl":"https:\/\/secure.gravatar.com\/avatar\/9a87ee051ca8c77f5d4070843ce2c78cdf95b858b950fb039151de955122f5f5?s=96&d=mm&r=g","caption":"Gol&amp;Pop"},"sameAs":["http:\/\/golandpop.com"],"url":"https:\/\/golandpop.com\/index.php\/author\/admin\/"}]}},"_links":{"self":[{"href":"https:\/\/golandpop.com\/index.php\/wp-json\/wp\/v2\/posts\/1033","targetHints":{"allow":["GET"]}}],"collection":[{"href":"https:\/\/golandpop.com\/index.php\/wp-json\/wp\/v2\/posts"}],"about":[{"href":"https:\/\/golandpop.com\/index.php\/wp-json\/wp\/v2\/types\/post"}],"author":[{"embeddable":true,"href":"https:\/\/golandpop.com\/index.php\/wp-json\/wp\/v2\/users\/1"}],"replies":[{"embeddable":true,"href":"https:\/\/golandpop.com\/index.php\/wp-json\/wp\/v2\/comments?post=1033"}],"version-history":[{"count":0,"href":"https:\/\/golandpop.com\/index.php\/wp-json\/wp\/v2\/posts\/1033\/revisions"}],"wp:featuredmedia":[{"embeddable":true,"href":"https:\/\/golandpop.com\/index.php\/wp-json\/wp\/v2\/media\/1034"}],"wp:attachment":[{"href":"https:\/\/golandpop.com\/index.php\/wp-json\/wp\/v2\/media?parent=1033"}],"wp:term":[{"taxonomy":"category","embeddable":true,"href":"https:\/\/golandpop.com\/index.php\/wp-json\/wp\/v2\/categories?post=1033"},{"taxonomy":"post_tag","embeddable":true,"href":"https:\/\/golandpop.com\/index.php\/wp-json\/wp\/v2\/tags?post=1033"}],"curies":[{"name":"wp","href":"https:\/\/api.w.org\/{rel}","templated":true}]}}