{"id":10276,"date":"2021-06-01T20:49:16","date_gmt":"2021-06-01T23:49:16","guid":{"rendered":"https:\/\/golandpop.com\/?p=10276"},"modified":"2021-06-02T14:49:45","modified_gmt":"2021-06-02T17:49:45","slug":"once-medallas-para-argentina-en-el-campeonato-sudamericano-de-atletismo","status":"publish","type":"post","link":"https:\/\/golandpop.com\/index.php\/2021\/06\/01\/once-medallas-para-argentina-en-el-campeonato-sudamericano-de-atletismo\/","title":{"rendered":"Once medallas para Argentina en el Campeonato Sudamericano de Atletismo"},"content":{"rendered":"\n<p><em>Finaliz\u00f3 este lunes la 52\u00b0 edici\u00f3n del <a href=\"https:\/\/golandpop.com\/index.php\/category\/polideportivo\/\">Campeonato Sudamericano de Atletismo<\/a> en Guayaquil con un total de 11 preceas para la delegaci\u00f3n argentina, ocupando el cuarto lugar del medallero.&nbsp; El equipo de deportistas cont\u00f3 con 47 atletas que lograron viajar luego del conflicto entre el ENARD, la Confereaci\u00f3n Argentina De Atletismo (CADA) y la Secretaria de Deportes.<\/em><\/p>\n\n\n\n<p>Por <a href=\"https:\/\/golandpop.com\/?s=lucia+cetti\">Luc\u00eda Cetti<\/a><\/p>\n\n\n\n<p>El reconocido garrochista <strong>Germ\u00e1n Chiaraviglio<\/strong> obtuvo la \u00fanica medalla de oro. El santafesino registr\u00f3 5.55 metros en salto con garrocha para subirse a lo m\u00e1s alto del podio y conseguir su cuarto t\u00edtulo sudamericano. Las de plata fueron logradas por:<strong> Nazareno Sasia <\/strong>en lanzamiento de bala, super\u00f3 el r\u00e9cord nacional U23 que estaba en poder de Germ\u00e1n Lauro y roz\u00f3 el t\u00edtulo; <strong>Federico Bruno<\/strong> con una marca de 3m.38s.25 y <strong>Florencia Borelli<\/strong>, a solo 30 cent\u00e9simas de la dorada, en semifondo. La \u00faltima de plata se consigui\u00f3 en la competencia de posta mixta 4&#215;400 metros que se corri\u00f3 por primera vez en la competencia, los integrantes fueron <strong>Leandro Par\u00eds, Noelia Mart\u00ednez, Mar\u00eda Diogo <\/strong>y<strong> Gaspar Lerregina<\/strong>.<\/p>\n\n\n\n<div class=\"wp-block-image\"><figure class=\"aligncenter size-large\"><img fetchpriority=\"high\" decoding=\"async\" width=\"718\" height=\"475\" src=\"https:\/\/golandpop.com\/wp-content\/uploads\/2021\/06\/WhatsApp-Image-2021-06-01-at-18.56.14.jpeg\" alt=\"\" class=\"wp-image-10288\" srcset=\"https:\/\/golandpop.com\/wp-content\/uploads\/2021\/06\/WhatsApp-Image-2021-06-01-at-18.56.14.jpeg 718w, https:\/\/golandpop.com\/wp-content\/uploads\/2021\/06\/WhatsApp-Image-2021-06-01-at-18.56.14-300x198.jpeg 300w\" sizes=\"(max-width: 718px) 100vw, 718px\" \/><figcaption>El equipo mixto de 4&#215;400<\/figcaption><\/figure><\/div>\n\n\n\n<p>Las medallas de bronce fueron para<strong>&nbsp;Juan Ignacio Carballo<\/strong> en bala;&nbsp;<strong>Carlos Layoy&nbsp;<\/strong>en salto en alto;&nbsp;<strong>Mariana Borelli<\/strong> en 1500 metros;&nbsp;<strong>Joaqu\u00edn G\u00f3mez<\/strong> en&nbsp;lanzamiento de martillo; <strong>Bel\u00e9n Casetta<\/strong> 3000 metros en obst\u00e1culos y<strong>&nbsp;Juan Cano<\/strong>&nbsp;en 20 mil metros marcha.<\/p>\n\n\n\n<blockquote class=\"wp-block-quote is-style-default is-layout-flow wp-block-quote-is-layout-flow\"><p>La Confederaci\u00f3n Argentina habiendo finalizado el 52\u00b0 Campeonato del Atletismo Sudamericano quiere felicitar muy especialmente a la delegaci\u00f3n de cuarenta y siete (47) atletas y a entrenadores y cuerpo m\u00e9dico que concurri\u00f3 a Guayquil, por su desempe\u00f1o deportivo donde obtuvo el 4to.<\/p><cite>Public\u00f3 la CADA en su p\u00e1gina oficial<\/cite><\/blockquote>\n\n\n\n<p>Estos deportistas eran parte de la lista de 19 postulantes que el <a href=\"https:\/\/infoenard.org.ar\/\">Ente Nacional de Alto Rendimiento Deportivo<\/a> (ENARD) hab\u00eda entregado para viajar. El traslado del equipo estuvo rodeado de esc\u00e1ndalo desde que se conocieron las presiones pol\u00edticas planteadas por el integrante del CADA, Juan Scarp\u00edn, la secretaria de Deportes, In\u00e9s Arrondo, y su segundo al mando, Daniel Carlos D\u00edaz que exig\u00edan al ENARD el pago de m\u00e1s de 100 mil d\u00f3lares para enviar por vuelo privado a 60 personas para participar del campeonato.<\/p>\n\n\n\n<figure class=\"wp-block-embed-twitter aligncenter wp-block-embed is-type-rich is-provider-twitter\"><div class=\"wp-block-embed__wrapper\">\n<blockquote class=\"twitter-tweet\" data-width=\"550\" data-dnt=\"true\"><p lang=\"es\" dir=\"ltr\">\ud83c\udde6\ud83c\uddf7\ud83e\udd47 \u00a1ORO EN EL SUDAMERICANO PENSANDO EN LOS JJOO! Germ\u00e1n Chiaraviglio cant\u00f3 el himno en los <a href=\"https:\/\/twitter.com\/hashtag\/Sudamericanos?src=hash&amp;ref_src=twsrc%5Etfw\">#Sudamericanos<\/a> de <a href=\"https:\/\/twitter.com\/hashtag\/Atletismo?src=hash&amp;ref_src=twsrc%5Etfw\">#Atletismo<\/a> en <a href=\"https:\/\/twitter.com\/hashtag\/Guayaquil?src=hash&amp;ref_src=twsrc%5Etfw\">#Guayaquil<\/a>. Super\u00f3 los 5.55 metros en salto con garrocha. <br><br>\ud83d\udcf2 <a href=\"https:\/\/t.co\/ToTnpDU7l3\">https:\/\/t.co\/ToTnpDU7l3<\/a> <a href=\"https:\/\/t.co\/mqmqUp2CzF\">pic.twitter.com\/mqmqUp2CzF<\/a><\/p>&mdash; Gol &amp; Pop (@golandpop) <a href=\"https:\/\/twitter.com\/golandpop\/status\/1399210921927622656?ref_src=twsrc%5Etfw\">May 31, 2021<\/a><\/blockquote><script async src=\"https:\/\/platform.twitter.com\/widgets.js\" charset=\"utf-8\"><\/script>\n<\/div><\/figure>\n\n\n\n<p>Seg\u00fan lo publicado por INFOBAE, el <a href=\"https:\/\/golandpop.com\/?s=enard\">ENARD<\/a>, que hab\u00eda propuesto una comitiva de 19 representantes, rechaz\u00f3 esta petici\u00f3n del <a href=\"https:\/\/golandpop.com\/?s=atletismo\">atletismo<\/a> por dos motivos. En primer lugar, los deportistas no suelen viajar en avi\u00f3n privado a los campeonatos y en segundo lugar, no hab\u00eda antecedentes del env\u00edo de una delegaci\u00f3n tan numerosa al exterior para competir en un certamen regional. Las Selecciones nunca superaron los 35 atletas desde 2013 a 2019. <\/p>\n\n\n\n<p>Sin embargo esto fue desmentido por In\u00e9s Arrondo en su cuenta de Twitter. La integrante de la Secretaria de Deporte afirm\u00f3 que el presupuesto para el Campeonato Sudamericano de Atletismo era de un total de 18 millones lo que permit\u00eda que el total de atletas viajaran a la competencia. In\u00e9s obtuvo el apoyo de varios de los deportistas que confirmar\u00edan esta versi\u00f3n.<\/p>\n\n\n\n<figure class=\"wp-block-embed-twitter wp-block-embed is-type-rich is-provider-twitter\"><div class=\"wp-block-embed__wrapper\">\n<blockquote class=\"twitter-tweet\" data-width=\"550\" data-dnt=\"true\"><p lang=\"es\" dir=\"ltr\">Aunque sigan diciendo mentiras como en esta nota, la \u00fanica verdad es la realidad. El ENARD pag\u00f3 por trasladar a 19 atletas en vuelos regulares $8.4 millones y trasladar a 50 en un avi\u00f3n cost\u00f3 $10 millones. Hab\u00eda un fondo de $18millones para el Sudamericano.<a href=\"https:\/\/t.co\/3zIaNzGJHD\">https:\/\/t.co\/3zIaNzGJHD<\/a><\/p>&mdash; In\u00e9s Arrondo (@ines_arrondo) <a href=\"https:\/\/twitter.com\/ines_arrondo\/status\/1399713054871506950?ref_src=twsrc%5Etfw\">June 1, 2021<\/a><\/blockquote><script async src=\"https:\/\/platform.twitter.com\/widgets.js\" charset=\"utf-8\"><\/script>\n<\/div><\/figure>\n\n\n\n<p>La soluci\u00f3n al conflicto vino por parte de la influencia de Santiago Maratea y la colaboraci\u00f3n de la gente, que hicieron lo posible para que viajen los 47 atletas.<\/p>\n","protected":false},"excerpt":{"rendered":"<p>Finaliz\u00f3 este lunes la 52\u00b0 edici\u00f3n del Campeonato Sudamericano de Atletismo en Guayaquil con un total de 11 preceas para la delegaci\u00f3n argentina, ocupando el cuarto lugar del medallero.&nbsp; El equipo de deportistas cont\u00f3 con 47 atletas que lograron viajar luego del conflicto entre el ENARD, la Confereaci\u00f3n Argentina De Atletismo (CADA) y la Secretaria [&hellip;]<\/p>\n","protected":false},"author":1,"featured_media":10289,"comment_status":"open","ping_status":"open","sticky":false,"template":"","format":"standard","meta":{"footnotes":""},"categories":[30],"tags":[724,949,354,782,950],"class_list":["post-10276","post","type-post","status-publish","format-standard","has-post-thumbnail","hentry","category-atletismo","tag-campeonato-sudamericano","tag-destacadas","tag-enard","tag-guayaquil","tag-portada"],"yoast_head":"<!-- This site is optimized with the Yoast SEO plugin v26.1.1 - https:\/\/yoast.com\/wordpress\/plugins\/seo\/ -->\n<title>Once medallas para Argentina en el Campeonato Sudamericano de Atletismo - Golandpop<\/title>\n<meta name=\"robots\" content=\"index, follow, max-snippet:-1, max-image-preview:large, max-video-preview:-1\" \/>\n<link rel=\"canonical\" href=\"https:\/\/golandpop.com\/index.php\/2021\/06\/01\/once-medallas-para-argentina-en-el-campeonato-sudamericano-de-atletismo\/\" \/>\n<meta property=\"og:locale\" content=\"es_ES\" \/>\n<meta property=\"og:type\" content=\"article\" \/>\n<meta property=\"og:title\" content=\"Once medallas para Argentina en el Campeonato Sudamericano de Atletismo - Golandpop\" \/>\n<meta property=\"og:description\" content=\"Finaliz\u00f3 este lunes la 52\u00b0 edici\u00f3n del Campeonato Sudamericano de Atletismo en Guayaquil con un total de 11 preceas para la delegaci\u00f3n argentina, ocupando el cuarto lugar del medallero.&nbsp; El equipo de deportistas cont\u00f3 con 47 atletas que lograron viajar luego del conflicto entre el ENARD, la Confereaci\u00f3n Argentina De Atletismo (CADA) y la Secretaria [&hellip;]\" \/>\n<meta property=\"og:url\" content=\"https:\/\/golandpop.com\/index.php\/2021\/06\/01\/once-medallas-para-argentina-en-el-campeonato-sudamericano-de-atletismo\/\" \/>\n<meta property=\"og:site_name\" content=\"Golandpop\" \/>\n<meta property=\"article:published_time\" content=\"2021-06-01T23:49:16+00:00\" \/>\n<meta property=\"article:modified_time\" content=\"2021-06-02T17:49:45+00:00\" \/>\n<meta property=\"og:image\" content=\"https:\/\/golandpop.com\/wp-content\/uploads\/2021\/06\/WhatsApp-Image-2021-06-01-at-18.55.41.jpeg\" \/>\n\t<meta property=\"og:image:width\" content=\"682\" \/>\n\t<meta property=\"og:image:height\" content=\"382\" \/>\n\t<meta property=\"og:image:type\" content=\"image\/jpeg\" \/>\n<meta name=\"author\" content=\"Gol&amp;Pop\" \/>\n<meta name=\"twitter:card\" content=\"summary_large_image\" \/>\n<meta name=\"twitter:creator\" content=\"@golandpop\" \/>\n<meta name=\"twitter:site\" content=\"@golandpop\" \/>\n<meta name=\"twitter:label1\" content=\"Escrito por\" \/>\n\t<meta name=\"twitter:data1\" content=\"Gol&amp;Pop\" \/>\n\t<meta name=\"twitter:label2\" content=\"Tiempo de lectura\" \/>\n\t<meta name=\"twitter:data2\" content=\"3 minutos\" \/>\n<script type=\"application\/ld+json\" class=\"yoast-schema-graph\">{\"@context\":\"https:\/\/schema.org\",\"@graph\":[{\"@type\":\"Article\",\"@id\":\"https:\/\/golandpop.com\/index.php\/2021\/06\/01\/once-medallas-para-argentina-en-el-campeonato-sudamericano-de-atletismo\/#article\",\"isPartOf\":{\"@id\":\"https:\/\/golandpop.com\/index.php\/2021\/06\/01\/once-medallas-para-argentina-en-el-campeonato-sudamericano-de-atletismo\/\"},\"author\":{\"name\":\"Gol&amp;Pop\",\"@id\":\"https:\/\/golandpop.com\/#\/schema\/person\/2809725861e0da25eaffe2d9b29c9613\"},\"headline\":\"Once medallas para Argentina en el Campeonato Sudamericano de Atletismo\",\"datePublished\":\"2021-06-01T23:49:16+00:00\",\"dateModified\":\"2021-06-02T17:49:45+00:00\",\"mainEntityOfPage\":{\"@id\":\"https:\/\/golandpop.com\/index.php\/2021\/06\/01\/once-medallas-para-argentina-en-el-campeonato-sudamericano-de-atletismo\/\"},\"wordCount\":577,\"commentCount\":0,\"publisher\":{\"@id\":\"https:\/\/golandpop.com\/#organization\"},\"image\":{\"@id\":\"https:\/\/golandpop.com\/index.php\/2021\/06\/01\/once-medallas-para-argentina-en-el-campeonato-sudamericano-de-atletismo\/#primaryimage\"},\"thumbnailUrl\":\"https:\/\/golandpop.com\/wp-content\/uploads\/2021\/06\/WhatsApp-Image-2021-06-01-at-18.55.41.jpeg\",\"keywords\":[\"Campeonato Sudamericano\",\"destacadas\",\"ENARD\",\"Guayaquil\",\"portada\"],\"articleSection\":[\"Atletismo\"],\"inLanguage\":\"es-AR\"},{\"@type\":\"WebPage\",\"@id\":\"https:\/\/golandpop.com\/index.php\/2021\/06\/01\/once-medallas-para-argentina-en-el-campeonato-sudamericano-de-atletismo\/\",\"url\":\"https:\/\/golandpop.com\/index.php\/2021\/06\/01\/once-medallas-para-argentina-en-el-campeonato-sudamericano-de-atletismo\/\",\"name\":\"Once medallas para Argentina en el Campeonato Sudamericano de Atletismo - Golandpop\",\"isPartOf\":{\"@id\":\"https:\/\/golandpop.com\/#website\"},\"primaryImageOfPage\":{\"@id\":\"https:\/\/golandpop.com\/index.php\/2021\/06\/01\/once-medallas-para-argentina-en-el-campeonato-sudamericano-de-atletismo\/#primaryimage\"},\"image\":{\"@id\":\"https:\/\/golandpop.com\/index.php\/2021\/06\/01\/once-medallas-para-argentina-en-el-campeonato-sudamericano-de-atletismo\/#primaryimage\"},\"thumbnailUrl\":\"https:\/\/golandpop.com\/wp-content\/uploads\/2021\/06\/WhatsApp-Image-2021-06-01-at-18.55.41.jpeg\",\"datePublished\":\"2021-06-01T23:49:16+00:00\",\"dateModified\":\"2021-06-02T17:49:45+00:00\",\"breadcrumb\":{\"@id\":\"https:\/\/golandpop.com\/index.php\/2021\/06\/01\/once-medallas-para-argentina-en-el-campeonato-sudamericano-de-atletismo\/#breadcrumb\"},\"inLanguage\":\"es-AR\",\"potentialAction\":[{\"@type\":\"ReadAction\",\"target\":[\"https:\/\/golandpop.com\/index.php\/2021\/06\/01\/once-medallas-para-argentina-en-el-campeonato-sudamericano-de-atletismo\/\"]}]},{\"@type\":\"ImageObject\",\"inLanguage\":\"es-AR\",\"@id\":\"https:\/\/golandpop.com\/index.php\/2021\/06\/01\/once-medallas-para-argentina-en-el-campeonato-sudamericano-de-atletismo\/#primaryimage\",\"url\":\"https:\/\/golandpop.com\/wp-content\/uploads\/2021\/06\/WhatsApp-Image-2021-06-01-at-18.55.41.jpeg\",\"contentUrl\":\"https:\/\/golandpop.com\/wp-content\/uploads\/2021\/06\/WhatsApp-Image-2021-06-01-at-18.55.41.jpeg\",\"width\":682,\"height\":382},{\"@type\":\"BreadcrumbList\",\"@id\":\"https:\/\/golandpop.com\/index.php\/2021\/06\/01\/once-medallas-para-argentina-en-el-campeonato-sudamericano-de-atletismo\/#breadcrumb\",\"itemListElement\":[{\"@type\":\"ListItem\",\"position\":1,\"name\":\"Inicio\",\"item\":\"https:\/\/golandpop.com\/\"},{\"@type\":\"ListItem\",\"position\":2,\"name\":\"Once medallas para Argentina en el Campeonato Sudamericano de Atletismo\"}]},{\"@type\":\"WebSite\",\"@id\":\"https:\/\/golandpop.com\/#website\",\"url\":\"https:\/\/golandpop.com\/\",\"name\":\"Golandpop\",\"description\":\"\",\"publisher\":{\"@id\":\"https:\/\/golandpop.com\/#organization\"},\"potentialAction\":[{\"@type\":\"SearchAction\",\"target\":{\"@type\":\"EntryPoint\",\"urlTemplate\":\"https:\/\/golandpop.com\/?s={search_term_string}\"},\"query-input\":{\"@type\":\"PropertyValueSpecification\",\"valueRequired\":true,\"valueName\":\"search_term_string\"}}],\"inLanguage\":\"es-AR\"},{\"@type\":\"Organization\",\"@id\":\"https:\/\/golandpop.com\/#organization\",\"name\":\"GolandPop\",\"url\":\"https:\/\/golandpop.com\/\",\"logo\":{\"@type\":\"ImageObject\",\"inLanguage\":\"es-AR\",\"@id\":\"https:\/\/golandpop.com\/#\/schema\/logo\/image\/\",\"url\":\"https:\/\/golandpop.com\/wp-content\/uploads\/2020\/04\/favicon_gol_pop.png\",\"contentUrl\":\"https:\/\/golandpop.com\/wp-content\/uploads\/2020\/04\/favicon_gol_pop.png\",\"width\":246,\"height\":246,\"caption\":\"GolandPop\"},\"image\":{\"@id\":\"https:\/\/golandpop.com\/#\/schema\/logo\/image\/\"},\"sameAs\":[\"https:\/\/x.com\/golandpop\",\"https:\/\/www.instagram.com\/golandpopcordoba\/\"]},{\"@type\":\"Person\",\"@id\":\"https:\/\/golandpop.com\/#\/schema\/person\/2809725861e0da25eaffe2d9b29c9613\",\"name\":\"Gol&amp;Pop\",\"image\":{\"@type\":\"ImageObject\",\"inLanguage\":\"es-AR\",\"@id\":\"https:\/\/golandpop.com\/#\/schema\/person\/image\/\",\"url\":\"https:\/\/secure.gravatar.com\/avatar\/9a87ee051ca8c77f5d4070843ce2c78cdf95b858b950fb039151de955122f5f5?s=96&d=mm&r=g\",\"contentUrl\":\"https:\/\/secure.gravatar.com\/avatar\/9a87ee051ca8c77f5d4070843ce2c78cdf95b858b950fb039151de955122f5f5?s=96&d=mm&r=g\",\"caption\":\"Gol&amp;Pop\"},\"sameAs\":[\"http:\/\/golandpop.com\"],\"url\":\"https:\/\/golandpop.com\/index.php\/author\/admin\/\"}]}<\/script>\n<!-- \/ Yoast SEO plugin. -->","yoast_head_json":{"title":"Once medallas para Argentina en el Campeonato Sudamericano de Atletismo - Golandpop","robots":{"index":"index","follow":"follow","max-snippet":"max-snippet:-1","max-image-preview":"max-image-preview:large","max-video-preview":"max-video-preview:-1"},"canonical":"https:\/\/golandpop.com\/index.php\/2021\/06\/01\/once-medallas-para-argentina-en-el-campeonato-sudamericano-de-atletismo\/","og_locale":"es_ES","og_type":"article","og_title":"Once medallas para Argentina en el Campeonato Sudamericano de Atletismo - Golandpop","og_description":"Finaliz\u00f3 este lunes la 52\u00b0 edici\u00f3n del Campeonato Sudamericano de Atletismo en Guayaquil con un total de 11 preceas para la delegaci\u00f3n argentina, ocupando el cuarto lugar del medallero.&nbsp; El equipo de deportistas cont\u00f3 con 47 atletas que lograron viajar luego del conflicto entre el ENARD, la Confereaci\u00f3n Argentina De Atletismo (CADA) y la Secretaria [&hellip;]","og_url":"https:\/\/golandpop.com\/index.php\/2021\/06\/01\/once-medallas-para-argentina-en-el-campeonato-sudamericano-de-atletismo\/","og_site_name":"Golandpop","article_published_time":"2021-06-01T23:49:16+00:00","article_modified_time":"2021-06-02T17:49:45+00:00","og_image":[{"width":682,"height":382,"url":"https:\/\/golandpop.com\/wp-content\/uploads\/2021\/06\/WhatsApp-Image-2021-06-01-at-18.55.41.jpeg","type":"image\/jpeg"}],"author":"Gol&amp;Pop","twitter_card":"summary_large_image","twitter_creator":"@golandpop","twitter_site":"@golandpop","twitter_misc":{"Escrito por":"Gol&amp;Pop","Tiempo de lectura":"3 minutos"},"schema":{"@context":"https:\/\/schema.org","@graph":[{"@type":"Article","@id":"https:\/\/golandpop.com\/index.php\/2021\/06\/01\/once-medallas-para-argentina-en-el-campeonato-sudamericano-de-atletismo\/#article","isPartOf":{"@id":"https:\/\/golandpop.com\/index.php\/2021\/06\/01\/once-medallas-para-argentina-en-el-campeonato-sudamericano-de-atletismo\/"},"author":{"name":"Gol&amp;Pop","@id":"https:\/\/golandpop.com\/#\/schema\/person\/2809725861e0da25eaffe2d9b29c9613"},"headline":"Once medallas para Argentina en el Campeonato Sudamericano de Atletismo","datePublished":"2021-06-01T23:49:16+00:00","dateModified":"2021-06-02T17:49:45+00:00","mainEntityOfPage":{"@id":"https:\/\/golandpop.com\/index.php\/2021\/06\/01\/once-medallas-para-argentina-en-el-campeonato-sudamericano-de-atletismo\/"},"wordCount":577,"commentCount":0,"publisher":{"@id":"https:\/\/golandpop.com\/#organization"},"image":{"@id":"https:\/\/golandpop.com\/index.php\/2021\/06\/01\/once-medallas-para-argentina-en-el-campeonato-sudamericano-de-atletismo\/#primaryimage"},"thumbnailUrl":"https:\/\/golandpop.com\/wp-content\/uploads\/2021\/06\/WhatsApp-Image-2021-06-01-at-18.55.41.jpeg","keywords":["Campeonato Sudamericano","destacadas","ENARD","Guayaquil","portada"],"articleSection":["Atletismo"],"inLanguage":"es-AR"},{"@type":"WebPage","@id":"https:\/\/golandpop.com\/index.php\/2021\/06\/01\/once-medallas-para-argentina-en-el-campeonato-sudamericano-de-atletismo\/","url":"https:\/\/golandpop.com\/index.php\/2021\/06\/01\/once-medallas-para-argentina-en-el-campeonato-sudamericano-de-atletismo\/","name":"Once medallas para Argentina en el Campeonato Sudamericano de Atletismo - Golandpop","isPartOf":{"@id":"https:\/\/golandpop.com\/#website"},"primaryImageOfPage":{"@id":"https:\/\/golandpop.com\/index.php\/2021\/06\/01\/once-medallas-para-argentina-en-el-campeonato-sudamericano-de-atletismo\/#primaryimage"},"image":{"@id":"https:\/\/golandpop.com\/index.php\/2021\/06\/01\/once-medallas-para-argentina-en-el-campeonato-sudamericano-de-atletismo\/#primaryimage"},"thumbnailUrl":"https:\/\/golandpop.com\/wp-content\/uploads\/2021\/06\/WhatsApp-Image-2021-06-01-at-18.55.41.jpeg","datePublished":"2021-06-01T23:49:16+00:00","dateModified":"2021-06-02T17:49:45+00:00","breadcrumb":{"@id":"https:\/\/golandpop.com\/index.php\/2021\/06\/01\/once-medallas-para-argentina-en-el-campeonato-sudamericano-de-atletismo\/#breadcrumb"},"inLanguage":"es-AR","potentialAction":[{"@type":"ReadAction","target":["https:\/\/golandpop.com\/index.php\/2021\/06\/01\/once-medallas-para-argentina-en-el-campeonato-sudamericano-de-atletismo\/"]}]},{"@type":"ImageObject","inLanguage":"es-AR","@id":"https:\/\/golandpop.com\/index.php\/2021\/06\/01\/once-medallas-para-argentina-en-el-campeonato-sudamericano-de-atletismo\/#primaryimage","url":"https:\/\/golandpop.com\/wp-content\/uploads\/2021\/06\/WhatsApp-Image-2021-06-01-at-18.55.41.jpeg","contentUrl":"https:\/\/golandpop.com\/wp-content\/uploads\/2021\/06\/WhatsApp-Image-2021-06-01-at-18.55.41.jpeg","width":682,"height":382},{"@type":"BreadcrumbList","@id":"https:\/\/golandpop.com\/index.php\/2021\/06\/01\/once-medallas-para-argentina-en-el-campeonato-sudamericano-de-atletismo\/#breadcrumb","itemListElement":[{"@type":"ListItem","position":1,"name":"Inicio","item":"https:\/\/golandpop.com\/"},{"@type":"ListItem","position":2,"name":"Once medallas para Argentina en el Campeonato Sudamericano de Atletismo"}]},{"@type":"WebSite","@id":"https:\/\/golandpop.com\/#website","url":"https:\/\/golandpop.com\/","name":"Golandpop","description":"","publisher":{"@id":"https:\/\/golandpop.com\/#organization"},"potentialAction":[{"@type":"SearchAction","target":{"@type":"EntryPoint","urlTemplate":"https:\/\/golandpop.com\/?s={search_term_string}"},"query-input":{"@type":"PropertyValueSpecification","valueRequired":true,"valueName":"search_term_string"}}],"inLanguage":"es-AR"},{"@type":"Organization","@id":"https:\/\/golandpop.com\/#organization","name":"GolandPop","url":"https:\/\/golandpop.com\/","logo":{"@type":"ImageObject","inLanguage":"es-AR","@id":"https:\/\/golandpop.com\/#\/schema\/logo\/image\/","url":"https:\/\/golandpop.com\/wp-content\/uploads\/2020\/04\/favicon_gol_pop.png","contentUrl":"https:\/\/golandpop.com\/wp-content\/uploads\/2020\/04\/favicon_gol_pop.png","width":246,"height":246,"caption":"GolandPop"},"image":{"@id":"https:\/\/golandpop.com\/#\/schema\/logo\/image\/"},"sameAs":["https:\/\/x.com\/golandpop","https:\/\/www.instagram.com\/golandpopcordoba\/"]},{"@type":"Person","@id":"https:\/\/golandpop.com\/#\/schema\/person\/2809725861e0da25eaffe2d9b29c9613","name":"Gol&amp;Pop","image":{"@type":"ImageObject","inLanguage":"es-AR","@id":"https:\/\/golandpop.com\/#\/schema\/person\/image\/","url":"https:\/\/secure.gravatar.com\/avatar\/9a87ee051ca8c77f5d4070843ce2c78cdf95b858b950fb039151de955122f5f5?s=96&d=mm&r=g","contentUrl":"https:\/\/secure.gravatar.com\/avatar\/9a87ee051ca8c77f5d4070843ce2c78cdf95b858b950fb039151de955122f5f5?s=96&d=mm&r=g","caption":"Gol&amp;Pop"},"sameAs":["http:\/\/golandpop.com"],"url":"https:\/\/golandpop.com\/index.php\/author\/admin\/"}]}},"_links":{"self":[{"href":"https:\/\/golandpop.com\/index.php\/wp-json\/wp\/v2\/posts\/10276","targetHints":{"allow":["GET"]}}],"collection":[{"href":"https:\/\/golandpop.com\/index.php\/wp-json\/wp\/v2\/posts"}],"about":[{"href":"https:\/\/golandpop.com\/index.php\/wp-json\/wp\/v2\/types\/post"}],"author":[{"embeddable":true,"href":"https:\/\/golandpop.com\/index.php\/wp-json\/wp\/v2\/users\/1"}],"replies":[{"embeddable":true,"href":"https:\/\/golandpop.com\/index.php\/wp-json\/wp\/v2\/comments?post=10276"}],"version-history":[{"count":12,"href":"https:\/\/golandpop.com\/index.php\/wp-json\/wp\/v2\/posts\/10276\/revisions"}],"predecessor-version":[{"id":10520,"href":"https:\/\/golandpop.com\/index.php\/wp-json\/wp\/v2\/posts\/10276\/revisions\/10520"}],"wp:featuredmedia":[{"embeddable":true,"href":"https:\/\/golandpop.com\/index.php\/wp-json\/wp\/v2\/media\/10289"}],"wp:attachment":[{"href":"https:\/\/golandpop.com\/index.php\/wp-json\/wp\/v2\/media?parent=10276"}],"wp:term":[{"taxonomy":"category","embeddable":true,"href":"https:\/\/golandpop.com\/index.php\/wp-json\/wp\/v2\/categories?post=10276"},{"taxonomy":"post_tag","embeddable":true,"href":"https:\/\/golandpop.com\/index.php\/wp-json\/wp\/v2\/tags?post=10276"}],"curies":[{"name":"wp","href":"https:\/\/api.w.org\/{rel}","templated":true}]}}